{"id":105360,"date":"2016-12-27T17:34:57","date_gmt":"2016-12-27T19:34:57","guid":{"rendered":"http:\/\/aconteceunovale.com.br\/portal\/?p=105360"},"modified":"2016-12-28T11:11:11","modified_gmt":"2016-12-28T13:11:11","slug":"mais-quatorze-radares-entram-em-operacao-nas-rodovias-de-minas-gerais","status":"publish","type":"post","link":"https:\/\/aconteceunovale.com.br\/portal\/?p=105360","title":{"rendered":"Mais quatorze radares entram em opera\u00e7\u00e3o nas rodovias de Minas Gerais"},"content":{"rendered":"<p>Mais quatorze novos radares entraram em funcionamento em modo educativo, a partir desta ter\u00e7a-feira (27\/12\/16), nas rodovias sob responsabilidade do Departamento de Edifica\u00e7\u00f5es e Estradas de Rodagem de Minas Gerais (DEER\/MG). Eles est\u00e3o instalados nos seguintes munic\u00edpios: Igaratinga (MG-430, quil\u00f4metro 1,2); Par\u00e1 de Minas (MG-431, quil\u00f4metro 7,6); Ita\u00fana (MG431, quil\u00f4metros 34,2, 45,6, 46,6, 47,5 e 53,9); Itatiaiu\u00e7u (MG-431, quil\u00f4metro 63,5); Santana da Vargem (MG-167, quil\u00f4metro 1,9); Varginha (MG-167, quil\u00f4metro 40,8 e MGC-491, quil\u00f4metro 254,8); Ouro Fino (MG-290, quil\u00f4metros 49,6 e 49,7) e Monte Si\u00e3o (MG-459, quil\u00f4metro 30,5).<\/p>\n<p>Quando come\u00e7arem a operar em modo definitivo, no dia 03\/01\/2017, os equipamentos v\u00e3o autuar os ve\u00edculos que excederem a velocidade m\u00e1xima permitida nas rodovias, que variam entre 40 km\/h e 80 km\/h. Com a entrada em opera\u00e7\u00e3o destes dispositivos, as rodovias mineiras sob responsabilidade do DEER\/MG passam a ser monitoradas por 133 radares fixos.<\/p>\n<p>O controle eletr\u00f4nico de velocidade tem como principal objetivo garantir a seguran\u00e7a dos usu\u00e1rios que transitam pelas rodovias mineiras. Por isso o DEER\/MG sempre oriente os motoristas a respeitarem os limites estabelecidos para cada trecho, independente da presen\u00e7a dos radares.<\/p>\n<p><img decoding=\"async\" src=\"http:\/\/aconteceunovale.com.br\/portal\/wp-content\/uploads\/2016\/12\/radares_mg_1.jpg\" alt=\"\" \/><img decoding=\"async\" src=\"http:\/\/aconteceunovale.com.br\/portal\/wp-content\/uploads\/2016\/12\/radares_mg_2.jpg\" alt=\"\" \/><br \/>\n<\/br><\/p>\n<p><center><\/p>\n<h4>VER PRIMEIRO<\/h4>\n<p><strong>Receba as not\u00edcias do Aconteceu no Vale em primeira m\u00e3o. Acesse <a href=\"https:\/\/www.facebook.com\/aconteceunovale\" target=\"_blank\"><font color=\"red\">www.facebook.com\/aconteceunovale<\/font><\/a> e clique em curtir.<\/strong><\/center><\/p>\n<p>(Ag\u00eancia Minas)<\/p>\n","protected":false},"excerpt":{"rendered":"<p>Mais quatorze novos radares entraram em funcionamento em modo educativo, a partir desta ter\u00e7a-feira (27\/12\/16), nas rodovias sob responsabilidade do Departamento de Edifica\u00e7\u00f5es e Estradas de Rodagem de Minas Gerais (DEER\/MG). Eles est\u00e3o instalados nos seguintes munic\u00edpios: Igaratinga (MG-430, quil\u00f4metro 1,2); Par\u00e1 de Minas (MG-431, quil\u00f4metro 7,6); Ita\u00fana (MG431, quil\u00f4metros 34,2, 45,6, 46,6, 47,5 e [&hellip;]<\/p>\n","protected":false},"author":1,"featured_media":100147,"comment_status":"open","ping_status":"closed","sticky":false,"template":"","format":"standard","meta":{"amp_status":"","footnotes":""},"categories":[123],"tags":[121430,121429,31134,28207,1512,132819,38845,1542,962,132820,132821,121547,223],"class_list":["post-105360","post","type-post","status-publish","format-standard","has-post-thumbnail","hentry","category-gerais","tag-deermg","tag-departamento-de-edificacoes-e-estradas-de-rodagem-de-minas-gerais","tag-igaratinga","tag-itatiaiucu","tag-itauna","tag-mais-quatorze-radares-entram-em-operacao-nas-rodovias-de-minas-gerais","tag-monte-siao","tag-ouro-fino","tag-para-de-minas","tag-radares-entram-em-operacao-nas-rodovias-de-minas-gerais","tag-radares-nas-rodovias-de-minas-gerais","tag-santana-da-vargem","tag-varginha"],"_links":{"self":[{"href":"https:\/\/aconteceunovale.com.br\/portal\/index.php?rest_route=\/wp\/v2\/posts\/105360","targetHints":{"allow":["GET"]}}],"collection":[{"href":"https:\/\/aconteceunovale.com.br\/portal\/index.php?rest_route=\/wp\/v2\/posts"}],"about":[{"href":"https:\/\/aconteceunovale.com.br\/portal\/index.php?rest_route=\/wp\/v2\/types\/post"}],"author":[{"embeddable":true,"href":"https:\/\/aconteceunovale.com.br\/portal\/index.php?rest_route=\/wp\/v2\/users\/1"}],"replies":[{"embeddable":true,"href":"https:\/\/aconteceunovale.com.br\/portal\/index.php?rest_route=%2Fwp%2Fv2%2Fcomments&post=105360"}],"version-history":[{"count":0,"href":"https:\/\/aconteceunovale.com.br\/portal\/index.php?rest_route=\/wp\/v2\/posts\/105360\/revisions"}],"wp:featuredmedia":[{"embeddable":true,"href":"https:\/\/aconteceunovale.com.br\/portal\/index.php?rest_route=\/wp\/v2\/media\/100147"}],"wp:attachment":[{"href":"https:\/\/aconteceunovale.com.br\/portal\/index.php?rest_route=%2Fwp%2Fv2%2Fmedia&parent=105360"}],"wp:term":[{"taxonomy":"category","embeddable":true,"href":"https:\/\/aconteceunovale.com.br\/portal\/index.php?rest_route=%2Fwp%2Fv2%2Fcategories&post=105360"},{"taxonomy":"post_tag","embeddable":true,"href":"https:\/\/aconteceunovale.com.br\/portal\/index.php?rest_route=%2Fwp%2Fv2%2Ftags&post=105360"}],"curies":[{"name":"wp","href":"https:\/\/api.w.org\/{rel}","templated":true}]}}