{"id":105347,"date":"2016-12-27T17:14:00","date_gmt":"2016-12-27T19:14:00","guid":{"rendered":"http:\/\/aconteceunovale.com.br\/portal\/?p=105347"},"modified":"2016-12-28T11:11:38","modified_gmt":"2016-12-28T13:11:38","slug":"supermercados-bh-inaugura-oitava-loja-em-montes-claros","status":"publish","type":"post","link":"https:\/\/aconteceunovale.com.br\/portal\/?p=105347","title":{"rendered":"Supermercados BH inaugura oitava loja em Montes Claros"},"content":{"rendered":"<p>A rede de Supermercados BH abriu sua oitava loja em Montes Claros, no Norte de Minas. A inaugura\u00e7\u00e3o da nova unidade do grupo na cidade, que est\u00e1 localizada na regi\u00e3o leste, pr\u00f3xima \u00e0 Lagoa do Interlagos, aconteceu no dia 20 de dezembro e contou com a presen\u00e7a do prefeito em exerc\u00edcio Jos\u00e9 Vicente Medeiros, deputados estaduais e empres\u00e1rios. A previs\u00e3o da empresa \u00e9 oferecer uma gama maior de produtos e com capacidade para faturar em torno de R$ 5 milh\u00f5es\/m\u00eas.<\/p>\n<p>Os Supermercados BH s\u00e3o parceiros hist\u00f3ricos de Montes Claros, segundo o prefeito Jos\u00e9 Vicente Medeiros. \u201cLembro-me da primeira loja que abriram na cidade e acompanho, durante d\u00e9cadas, o crescimento da empresa e seu compromisso com a regi\u00e3o. Montes Claros se orgulha por ter parceiro t\u00e3o importante para o seu desenvolvimento\u201d, afirmou.<\/p>\n<p>Pedro Louren\u00e7o de Oliveira, s\u00f3cio propriet\u00e1rio, ressalta o amplo espa\u00e7o que a oitava loja da empresa vai oferecer aos clientes. \u201cEssa \u00e9 a loja mais moderna que inauguramos em Montes Claros, completa e confort\u00e1vel, possibilitando atender todo o Norte de Minas\u201d, destacou.<\/p>\n<p>Al\u00e9m da oferta de empregos diretos e indiretos na cidade e regi\u00e3o, os Supermercados BH somam esfor\u00e7os com a Prefeitura de Montes Claros para, juntas, viabilizar o time de v\u00f4lei, o Pequi At\u00f4mico. \u201cAl\u00e9m de gerar empregos, a empresa \u00e9 parceira no time de v\u00f4lei juntamente com a prefeitura. A identifica\u00e7\u00e3o com a cidade \u00e9 total\u201d, comenta Andrey Souza, respons\u00e1vel pela gest\u00e3o t\u00e9cnica da equipe do V\u00f4lei Montes Claros.<\/p>\n<p>Maior rede de supermercados de Minas Gerais com 38 lojas e previs\u00e3o para 2017 de chegar a 42 estabelecimentos, os Supermercados BH fatura R$ 5 bilh\u00f5es por ano e \u00e9 considerada a 8\u00aa maior rede do pa\u00eds.<\/p>\n<p><img decoding=\"async\" src=\"http:\/\/aconteceunovale.com.br\/portal\/wp-content\/uploads\/2016\/12\/super_bh_moc_1.jpg\" alt=\"\" \/><em>Loja fica pr\u00f3xima \u00e0 Lagoa do Interlagos (Foto: Andreza Lima\/Divulga\u00e7\u00e3o)<\/em><br \/>\n<\/br><\/p>\n<p><center><\/p>\n<h4>VER PRIMEIRO<\/h4>\n<p><strong>Receba as not\u00edcias do Aconteceu no Vale em primeira m\u00e3o. Acesse <a href=\"https:\/\/www.facebook.com\/aconteceunovale\" target=\"_blank\"><font color=\"red\">www.facebook.com\/aconteceunovale<\/font><\/a> e clique em curtir.<\/strong><\/center><\/p>\n<p><img decoding=\"async\" src=\"http:\/\/aconteceunovale.com.br\/portal\/wp-content\/uploads\/2016\/12\/super_bh_moc_2.jpg\" alt=\"\" \/><em>Loja fica pr\u00f3xima \u00e0 Lagoa do Interlagos (Foto: Andreza Lima\/Divulga\u00e7\u00e3o)<\/em><br \/>\n<\/br><\/p>\n<p><em>(Com Ascom Prefeitura de Montes Claros)<\/em><\/p>\n","protected":false},"excerpt":{"rendered":"<p>A rede de Supermercados BH abriu sua oitava loja em Montes Claros, no Norte de Minas. A inaugura\u00e7\u00e3o da nova unidade do grupo na cidade, que est\u00e1 localizada na regi\u00e3o leste, pr\u00f3xima \u00e0 Lagoa do Interlagos, aconteceu no dia 20 de dezembro e contou com a presen\u00e7a do prefeito em exerc\u00edcio Jos\u00e9 Vicente Medeiros, deputados [&hellip;]<\/p>\n","protected":false},"author":1,"featured_media":105348,"comment_status":"open","ping_status":"closed","sticky":false,"template":"","format":"standard","meta":{"amp_status":"","footnotes":""},"categories":[1236],"tags":[132808,132803,132802,93374,132811,210,132812,132804,132806,132807,132799,30996,132809,132800,132801,132813,132805,132810],"class_list":["post-105347","post","type-post","status-publish","format-standard","has-post-thumbnail","hentry","category-norte_de_minas","tag-andrey-souza","tag-inauguracao-da-oitava-loja-dos-supermercados-bh-em-montes-claros","tag-inauguracao-de-loja-dos-supermercados-bh-em-montes-claros","tag-jose-vicente-medeiros","tag-maior-rede-de-supermercados-de-minas-gerais","tag-montes-claros","tag-montes-claros-ganha-oitava-loja-dos-supermercados-bh","tag-oitava-loja-dos-supermercados-bh-em-montes-claros","tag-pedro-lourenco-de-oliveira","tag-pequi-atomico","tag-prefeito-em-exercicio-de-montes-claros","tag-prefeitura-de-montes-claros","tag-responsavel-pela-gestao-tecnica-da-equipe-do-volei-montes-claros","tag-supermercados-bh","tag-supermercados-bh-em-montes-claros","tag-supermercados-bh-inaugura-oitava-loja-em-montes-claros","tag-supermercados-bh-sao-parceiros-historicos-de-montes-claros","tag-volei-montes-claros"],"yoast_head":"<!-- This site is optimized with the Yoast SEO plugin v28.3 - https:\/\/yoast.com\/product\/yoast-seo-wordpress\/ -->\n<title>Supermercados BH inaugura oitava loja em Montes Claros - Aconteceu no Vale<\/title>\n<meta name=\"robots\" content=\"index, follow, max-snippet:-1, max-image-preview:large, max-video-preview:-1\" \/>\n<link rel=\"canonical\" href=\"https:\/\/aconteceunovale.com.br\/portal\/?p=105347\" \/>\n<meta property=\"og:locale\" content=\"pt_BR\" \/>\n<meta property=\"og:type\" content=\"article\" \/>\n<meta property=\"og:title\" content=\"Supermercados BH inaugura oitava loja em Montes Claros - Aconteceu no Vale\" \/>\n<meta property=\"og:description\" content=\"A rede de Supermercados BH abriu sua oitava loja em Montes Claros, no Norte de Minas. A inaugura\u00e7\u00e3o da nova unidade do grupo na cidade, que est\u00e1 localizada na regi\u00e3o leste, pr\u00f3xima \u00e0 Lagoa do Interlagos, aconteceu no dia 20 de dezembro e contou com a presen\u00e7a do prefeito em exerc\u00edcio Jos\u00e9 Vicente Medeiros, deputados [&hellip;]\" \/>\n<meta property=\"og:url\" content=\"https:\/\/aconteceunovale.com.br\/portal\/?p=105347\" \/>\n<meta property=\"og:site_name\" content=\"Aconteceu no Vale\" \/>\n<meta property=\"article:publisher\" content=\"https:\/\/www.facebook.com\/aconteceunovale\/\" \/>\n<meta property=\"article:published_time\" content=\"2016-12-27T19:14:00+00:00\" \/>\n<meta property=\"article:modified_time\" content=\"2016-12-28T13:11:38+00:00\" \/>\n<meta property=\"og:image\" content=\"https:\/\/aconteceunovale.com.br\/portal\/wp-content\/uploads\/2016\/12\/super_bh_moc_1.jpg\" \/>\n\t<meta property=\"og:image:width\" content=\"640\" \/>\n\t<meta property=\"og:image:height\" content=\"408\" \/>\n\t<meta property=\"og:image:type\" content=\"image\/jpeg\" \/>\n<meta name=\"author\" content=\"Aconteceu no Vale\" \/>\n<meta name=\"twitter:card\" content=\"summary_large_image\" \/>\n<meta name=\"twitter:creator\" content=\"@noticiadosvales\" \/>\n<meta name=\"twitter:site\" content=\"@noticiadosvales\" \/>\n<meta name=\"twitter:label1\" content=\"Escrito por\" \/>\n\t<meta name=\"twitter:data1\" content=\"Aconteceu no Vale\" \/>\n\t<meta name=\"twitter:label2\" content=\"Est. tempo de leitura\" \/>\n\t<meta name=\"twitter:data2\" content=\"2 minutos\" \/>\n<script type=\"application\/ld+json\" class=\"yoast-schema-graph\">{\"@context\":\"https:\\\/\\\/schema.org\",\"@graph\":[{\"@type\":\"Article\",\"@id\":\"https:\\\/\\\/aconteceunovale.com.br\\\/portal\\\/?p=105347#article\",\"isPartOf\":{\"@id\":\"https:\\\/\\\/aconteceunovale.com.br\\\/portal\\\/?p=105347\"},\"author\":{\"name\":\"Aconteceu no Vale\",\"@id\":\"https:\\\/\\\/aconteceunovale.com.br\\\/portal\\\/#\\\/schema\\\/person\\\/633529146f2c94272bef50ac2953d589\"},\"headline\":\"Supermercados BH inaugura oitava loja em Montes Claros\",\"datePublished\":\"2016-12-27T19:14:00+00:00\",\"dateModified\":\"2016-12-28T13:11:38+00:00\",\"mainEntityOfPage\":{\"@id\":\"https:\\\/\\\/aconteceunovale.com.br\\\/portal\\\/?p=105347\"},\"wordCount\":362,\"commentCount\":0,\"image\":{\"@id\":\"https:\\\/\\\/aconteceunovale.com.br\\\/portal\\\/?p=105347#primaryimage\"},\"thumbnailUrl\":\"https:\\\/\\\/aconteceunovale.com.br\\\/portal\\\/wp-content\\\/uploads\\\/2016\\\/12\\\/super_bh_moc_1.jpg\",\"keywords\":[\"Andrey Souza\",\"Inaugura\u00e7\u00e3o da oitava loja dos Supermercados BH em Montes Claros\",\"Inaugura\u00e7\u00e3o de loja dos Supermercados BH em Montes Claros\",\"Jos\u00e9 Vicente Medeiros\",\"Maior rede de supermercados de Minas Gerais\",\"Montes Claros\",\"Montes Claros ganha oitava loja dos Supermercados BH\",\"Oitava loja dos Supermercados BH em Montes Claros\",\"Pedro Louren\u00e7o de Oliveira\",\"Pequi At\u00f4mico\",\"prefeito em exerc\u00edcio de Montes Claros\",\"Prefeitura de Montes Claros\",\"respons\u00e1vel pela gest\u00e3o t\u00e9cnica da equipe do V\u00f4lei Montes Claros\",\"Supermercados BH\",\"Supermercados BH em Montes Claros\",\"Supermercados BH inaugura oitava loja em Montes Claros\",\"Supermercados BH s\u00e3o parceiros hist\u00f3ricos de Montes Claros\",\"V\u00f4lei Montes Claros\"],\"articleSection\":[\"Norte de Minas\"],\"inLanguage\":\"pt-BR\",\"potentialAction\":[{\"@type\":\"CommentAction\",\"name\":\"Comment\",\"target\":[\"https:\\\/\\\/aconteceunovale.com.br\\\/portal\\\/?p=105347#respond\"]}]},{\"@type\":\"WebPage\",\"@id\":\"https:\\\/\\\/aconteceunovale.com.br\\\/portal\\\/?p=105347\",\"url\":\"https:\\\/\\\/aconteceunovale.com.br\\\/portal\\\/?p=105347\",\"name\":\"Supermercados BH inaugura oitava loja em Montes Claros - Aconteceu no Vale\",\"isPartOf\":{\"@id\":\"https:\\\/\\\/aconteceunovale.com.br\\\/portal\\\/#website\"},\"primaryImageOfPage\":{\"@id\":\"https:\\\/\\\/aconteceunovale.com.br\\\/portal\\\/?p=105347#primaryimage\"},\"image\":{\"@id\":\"https:\\\/\\\/aconteceunovale.com.br\\\/portal\\\/?p=105347#primaryimage\"},\"thumbnailUrl\":\"https:\\\/\\\/aconteceunovale.com.br\\\/portal\\\/wp-content\\\/uploads\\\/2016\\\/12\\\/super_bh_moc_1.jpg\",\"datePublished\":\"2016-12-27T19:14:00+00:00\",\"dateModified\":\"2016-12-28T13:11:38+00:00\",\"author\":{\"@id\":\"https:\\\/\\\/aconteceunovale.com.br\\\/portal\\\/#\\\/schema\\\/person\\\/633529146f2c94272bef50ac2953d589\"},\"breadcrumb\":{\"@id\":\"https:\\\/\\\/aconteceunovale.com.br\\\/portal\\\/?p=105347#breadcrumb\"},\"inLanguage\":\"pt-BR\",\"potentialAction\":[{\"@type\":\"ReadAction\",\"target\":[\"https:\\\/\\\/aconteceunovale.com.br\\\/portal\\\/?p=105347\"]}]},{\"@type\":\"ImageObject\",\"inLanguage\":\"pt-BR\",\"@id\":\"https:\\\/\\\/aconteceunovale.com.br\\\/portal\\\/?p=105347#primaryimage\",\"url\":\"https:\\\/\\\/aconteceunovale.com.br\\\/portal\\\/wp-content\\\/uploads\\\/2016\\\/12\\\/super_bh_moc_1.jpg\",\"contentUrl\":\"https:\\\/\\\/aconteceunovale.com.br\\\/portal\\\/wp-content\\\/uploads\\\/2016\\\/12\\\/super_bh_moc_1.jpg\",\"width\":640,\"height\":408},{\"@type\":\"BreadcrumbList\",\"@id\":\"https:\\\/\\\/aconteceunovale.com.br\\\/portal\\\/?p=105347#breadcrumb\",\"itemListElement\":[{\"@type\":\"ListItem\",\"position\":1,\"name\":\"In\u00edcio\",\"item\":\"https:\\\/\\\/aconteceunovale.com.br\\\/portal\\\/\"},{\"@type\":\"ListItem\",\"position\":2,\"name\":\"Supermercados BH inaugura oitava loja em Montes Claros\"}]},{\"@type\":\"WebSite\",\"@id\":\"https:\\\/\\\/aconteceunovale.com.br\\\/portal\\\/#website\",\"url\":\"https:\\\/\\\/aconteceunovale.com.br\\\/portal\\\/\",\"name\":\"Aconteceu no Vale\",\"description\":\"Portal de Not\u00edcias\",\"potentialAction\":[{\"@type\":\"SearchAction\",\"target\":{\"@type\":\"EntryPoint\",\"urlTemplate\":\"https:\\\/\\\/aconteceunovale.com.br\\\/portal\\\/?s={search_term_string}\"},\"query-input\":{\"@type\":\"PropertyValueSpecification\",\"valueRequired\":true,\"valueName\":\"search_term_string\"}}],\"inLanguage\":\"pt-BR\"},{\"@type\":\"Person\",\"@id\":\"https:\\\/\\\/aconteceunovale.com.br\\\/portal\\\/#\\\/schema\\\/person\\\/633529146f2c94272bef50ac2953d589\",\"name\":\"Aconteceu no Vale\",\"description\":\"Equipe de reportagem do Aconteceu no Vale, portal de not\u00edcias do Vale do Jequitinhonha, em Minas Gerais. Cobrimos as 51 cidades do Vale desde 2013. Sugest\u00f5es de pauta e pedidos de corre\u00e7\u00e3o: contato@aconteceunovale.com.br\",\"sameAs\":[\"http:\\\/\\\/www.aconteceunovale.com.br\"],\"url\":\"https:\\\/\\\/aconteceunovale.com.br\\\/portal\\\/?author=1\"}]}<\/script>\n<!-- \/ Yoast SEO plugin. -->","yoast_head_json":{"title":"Supermercados BH inaugura oitava loja em Montes Claros - Aconteceu no Vale","robots":{"index":"index","follow":"follow","max-snippet":"max-snippet:-1","max-image-preview":"max-image-preview:large","max-video-preview":"max-video-preview:-1"},"canonical":"https:\/\/aconteceunovale.com.br\/portal\/?p=105347","og_locale":"pt_BR","og_type":"article","og_title":"Supermercados BH inaugura oitava loja em Montes Claros - Aconteceu no Vale","og_description":"A rede de Supermercados BH abriu sua oitava loja em Montes Claros, no Norte de Minas. A inaugura\u00e7\u00e3o da nova unidade do grupo na cidade, que est\u00e1 localizada na regi\u00e3o leste, pr\u00f3xima \u00e0 Lagoa do Interlagos, aconteceu no dia 20 de dezembro e contou com a presen\u00e7a do prefeito em exerc\u00edcio Jos\u00e9 Vicente Medeiros, deputados [&hellip;]","og_url":"https:\/\/aconteceunovale.com.br\/portal\/?p=105347","og_site_name":"Aconteceu no Vale","article_publisher":"https:\/\/www.facebook.com\/aconteceunovale\/","article_published_time":"2016-12-27T19:14:00+00:00","article_modified_time":"2016-12-28T13:11:38+00:00","og_image":[{"width":640,"height":408,"url":"https:\/\/aconteceunovale.com.br\/portal\/wp-content\/uploads\/2016\/12\/super_bh_moc_1.jpg","type":"image\/jpeg"}],"author":"Aconteceu no Vale","twitter_card":"summary_large_image","twitter_creator":"@noticiadosvales","twitter_site":"@noticiadosvales","twitter_misc":{"Escrito por":"Aconteceu no Vale","Est. tempo de leitura":"2 minutos"},"schema":{"@context":"https:\/\/schema.org","@graph":[{"@type":"Article","@id":"https:\/\/aconteceunovale.com.br\/portal\/?p=105347#article","isPartOf":{"@id":"https:\/\/aconteceunovale.com.br\/portal\/?p=105347"},"author":{"name":"Aconteceu no Vale","@id":"https:\/\/aconteceunovale.com.br\/portal\/#\/schema\/person\/633529146f2c94272bef50ac2953d589"},"headline":"Supermercados BH inaugura oitava loja em Montes Claros","datePublished":"2016-12-27T19:14:00+00:00","dateModified":"2016-12-28T13:11:38+00:00","mainEntityOfPage":{"@id":"https:\/\/aconteceunovale.com.br\/portal\/?p=105347"},"wordCount":362,"commentCount":0,"image":{"@id":"https:\/\/aconteceunovale.com.br\/portal\/?p=105347#primaryimage"},"thumbnailUrl":"https:\/\/aconteceunovale.com.br\/portal\/wp-content\/uploads\/2016\/12\/super_bh_moc_1.jpg","keywords":["Andrey Souza","Inaugura\u00e7\u00e3o da oitava loja dos Supermercados BH em Montes Claros","Inaugura\u00e7\u00e3o de loja dos Supermercados BH em Montes Claros","Jos\u00e9 Vicente Medeiros","Maior rede de supermercados de Minas Gerais","Montes Claros","Montes Claros ganha oitava loja dos Supermercados BH","Oitava loja dos Supermercados BH em Montes Claros","Pedro Louren\u00e7o de Oliveira","Pequi At\u00f4mico","prefeito em exerc\u00edcio de Montes Claros","Prefeitura de Montes Claros","respons\u00e1vel pela gest\u00e3o t\u00e9cnica da equipe do V\u00f4lei Montes Claros","Supermercados BH","Supermercados BH em Montes Claros","Supermercados BH inaugura oitava loja em Montes Claros","Supermercados BH s\u00e3o parceiros hist\u00f3ricos de Montes Claros","V\u00f4lei Montes Claros"],"articleSection":["Norte de Minas"],"inLanguage":"pt-BR","potentialAction":[{"@type":"CommentAction","name":"Comment","target":["https:\/\/aconteceunovale.com.br\/portal\/?p=105347#respond"]}]},{"@type":"WebPage","@id":"https:\/\/aconteceunovale.com.br\/portal\/?p=105347","url":"https:\/\/aconteceunovale.com.br\/portal\/?p=105347","name":"Supermercados BH inaugura oitava loja em Montes Claros - Aconteceu no Vale","isPartOf":{"@id":"https:\/\/aconteceunovale.com.br\/portal\/#website"},"primaryImageOfPage":{"@id":"https:\/\/aconteceunovale.com.br\/portal\/?p=105347#primaryimage"},"image":{"@id":"https:\/\/aconteceunovale.com.br\/portal\/?p=105347#primaryimage"},"thumbnailUrl":"https:\/\/aconteceunovale.com.br\/portal\/wp-content\/uploads\/2016\/12\/super_bh_moc_1.jpg","datePublished":"2016-12-27T19:14:00+00:00","dateModified":"2016-12-28T13:11:38+00:00","author":{"@id":"https:\/\/aconteceunovale.com.br\/portal\/#\/schema\/person\/633529146f2c94272bef50ac2953d589"},"breadcrumb":{"@id":"https:\/\/aconteceunovale.com.br\/portal\/?p=105347#breadcrumb"},"inLanguage":"pt-BR","potentialAction":[{"@type":"ReadAction","target":["https:\/\/aconteceunovale.com.br\/portal\/?p=105347"]}]},{"@type":"ImageObject","inLanguage":"pt-BR","@id":"https:\/\/aconteceunovale.com.br\/portal\/?p=105347#primaryimage","url":"https:\/\/aconteceunovale.com.br\/portal\/wp-content\/uploads\/2016\/12\/super_bh_moc_1.jpg","contentUrl":"https:\/\/aconteceunovale.com.br\/portal\/wp-content\/uploads\/2016\/12\/super_bh_moc_1.jpg","width":640,"height":408},{"@type":"BreadcrumbList","@id":"https:\/\/aconteceunovale.com.br\/portal\/?p=105347#breadcrumb","itemListElement":[{"@type":"ListItem","position":1,"name":"In\u00edcio","item":"https:\/\/aconteceunovale.com.br\/portal\/"},{"@type":"ListItem","position":2,"name":"Supermercados BH inaugura oitava loja em Montes Claros"}]},{"@type":"WebSite","@id":"https:\/\/aconteceunovale.com.br\/portal\/#website","url":"https:\/\/aconteceunovale.com.br\/portal\/","name":"Aconteceu no Vale","description":"Portal de Not\u00edcias","potentialAction":[{"@type":"SearchAction","target":{"@type":"EntryPoint","urlTemplate":"https:\/\/aconteceunovale.com.br\/portal\/?s={search_term_string}"},"query-input":{"@type":"PropertyValueSpecification","valueRequired":true,"valueName":"search_term_string"}}],"inLanguage":"pt-BR"},{"@type":"Person","@id":"https:\/\/aconteceunovale.com.br\/portal\/#\/schema\/person\/633529146f2c94272bef50ac2953d589","name":"Aconteceu no Vale","description":"Equipe de reportagem do Aconteceu no Vale, portal de not\u00edcias do Vale do Jequitinhonha, em Minas Gerais. Cobrimos as 51 cidades do Vale desde 2013. Sugest\u00f5es de pauta e pedidos de corre\u00e7\u00e3o: contato@aconteceunovale.com.br","sameAs":["http:\/\/www.aconteceunovale.com.br"],"url":"https:\/\/aconteceunovale.com.br\/portal\/?author=1"}]}},"_links":{"self":[{"href":"https:\/\/aconteceunovale.com.br\/portal\/index.php?rest_route=\/wp\/v2\/posts\/105347","targetHints":{"allow":["GET"]}}],"collection":[{"href":"https:\/\/aconteceunovale.com.br\/portal\/index.php?rest_route=\/wp\/v2\/posts"}],"about":[{"href":"https:\/\/aconteceunovale.com.br\/portal\/index.php?rest_route=\/wp\/v2\/types\/post"}],"author":[{"embeddable":true,"href":"https:\/\/aconteceunovale.com.br\/portal\/index.php?rest_route=\/wp\/v2\/users\/1"}],"replies":[{"embeddable":true,"href":"https:\/\/aconteceunovale.com.br\/portal\/index.php?rest_route=%2Fwp%2Fv2%2Fcomments&post=105347"}],"version-history":[{"count":0,"href":"https:\/\/aconteceunovale.com.br\/portal\/index.php?rest_route=\/wp\/v2\/posts\/105347\/revisions"}],"wp:featuredmedia":[{"embeddable":true,"href":"https:\/\/aconteceunovale.com.br\/portal\/index.php?rest_route=\/wp\/v2\/media\/105348"}],"wp:attachment":[{"href":"https:\/\/aconteceunovale.com.br\/portal\/index.php?rest_route=%2Fwp%2Fv2%2Fmedia&parent=105347"}],"wp:term":[{"taxonomy":"category","embeddable":true,"href":"https:\/\/aconteceunovale.com.br\/portal\/index.php?rest_route=%2Fwp%2Fv2%2Fcategories&post=105347"},{"taxonomy":"post_tag","embeddable":true,"href":"https:\/\/aconteceunovale.com.br\/portal\/index.php?rest_route=%2Fwp%2Fv2%2Ftags&post=105347"}],"curies":[{"name":"wp","href":"https:\/\/api.w.org\/{rel}","templated":true}]}}