{"id":105343,"date":"2016-12-27T17:00:33","date_gmt":"2016-12-27T19:00:33","guid":{"rendered":"http:\/\/aconteceunovale.com.br\/portal\/?p=105343"},"modified":"2016-12-28T11:11:45","modified_gmt":"2016-12-28T13:11:45","slug":"crianca-de-montes-claros-com-doenca-rara-recebe-apoio-financeiro-para-importacao-de-medicamento","status":"publish","type":"post","link":"https:\/\/aconteceunovale.com.br\/portal\/?p=105343","title":{"rendered":"Crian\u00e7a de Montes Claros com doen\u00e7a rara recebe apoio financeiro para importa\u00e7\u00e3o de medicamento"},"content":{"rendered":"<p>Lucas Alves Costa, conhecido como Lukinha, uma crian\u00e7a com oito anos de idade e que sofre de uma doen\u00e7a rara \u2013 epiderm\u00f3lise bolhosa \u2013 est\u00e1 recebendo por determina\u00e7\u00e3o judicial apoio financeiro da Prefeitura de Montes Claros e do Estado de Minas Gerais. Desde 2006, o munic\u00edpio j\u00e1 fornecia len\u00e7ol descart\u00e1vel, luvas, gases, \u00e1lcool entre outros produtos para que a fam\u00edlia pudesse cuidar melhor das feridas espalhadas pelo corpo dele e que causam sofrimento e dor. Por outro lado, a partir de julho de 2016, novamente a justi\u00e7a garantiu a Lucas Costa o direito de receber ajuda, dessa vez financeira, para que os familiares pudessem adquirir o creme \u2013 Curefim Dermal \u2013 que auxilia na cicatriza\u00e7\u00e3o das feridas, sobretudo nos bra\u00e7os.<\/p>\n<p>A Prefeitura de Montes Claros e o Estado de Minas Gerais repassaram \u00e0 fam\u00edlia de Lucas Alves Costa R$ 29.238,26 em novembro e R$ 61.676,92 no m\u00eas de dezembro para a importa\u00e7\u00e3o do creme que \u00e9 produzido nos Estados Unidos da Am\u00e9rica (EUA) e adquirido na Argentina. Esses valores, por isso mesmo, costumam variar por conta da flutua\u00e7\u00e3o do d\u00f3lar americano. Cada pote do creme custa em m\u00e9dia R$ 120,00.<\/p>\n<p>Segundo a dermatologista Uxcilene Melo, que acompanha Lukinhas h\u00e1 mais de tr\u00eas anos, ele tem um dos tipos mais graves da doen\u00e7a. \u201cEle apresenta o que chamamos de forma distr\u00f3fica recessiva. De forma geral, a epiderm\u00f3lise causa falta de ades\u00e3o das c\u00e9lulas com a pele, diante de qualquer trauma, como trocar de roupa ou se movimentar de um lugar para o outro, e ocorre forma\u00e7\u00e3o de bolhas\u201d, explica.<\/p>\n<p>O caso do menino Lucas Costa chamou a aten\u00e7\u00e3o de todo o pa\u00eds a partir de uma campanha desenvolvida em Montes Claros pela blogueira Let\u00edcia Turano. Ela conseguiu n\u00e3o s\u00f3 a ades\u00e3o das pessoas \u00e0 causa do garoto, como as levou a refletir e aprenderem um pouco mais sobre a epiderm\u00f3lise bolhosa. O atacante Neymar J\u00fanior, do Barcelona da Espanha, atento ao caso, postou uma mensagem nas redes sociais desejando sorte e dando for\u00e7a para Lucas.<\/p>\n<p><img decoding=\"async\" src=\"http:\/\/aconteceunovale.com.br\/portal\/wp-content\/uploads\/2016\/12\/lucas_medicamentos.jpg\" alt=\"\" \/><em>Lukinha \u00e9 portador da epiderm\u00f3lise bolhosa (Foto: Valdivan Veloso\/Prefeitura de Montes Claros)<\/em><br \/>\n<\/br><\/p>\n<p><center><\/p>\n<h4>VER PRIMEIRO<\/h4>\n<p><strong>Receba as not\u00edcias do Aconteceu no Vale em primeira m\u00e3o. Acesse <a href=\"https:\/\/www.facebook.com\/aconteceunovale\" target=\"_blank\"><font color=\"red\">www.facebook.com\/aconteceunovale<\/font><\/a> e clique em curtir.<\/strong><\/center><\/p>\n<p><em>(Ascom Prefeitura de Montes Claros)<\/em><\/p>\n","protected":false},"excerpt":{"rendered":"<p>Lucas Alves Costa, conhecido como Lukinha, uma crian\u00e7a com oito anos de idade e que sofre de uma doen\u00e7a rara \u2013 epiderm\u00f3lise bolhosa \u2013 est\u00e1 recebendo por determina\u00e7\u00e3o judicial apoio financeiro da Prefeitura de Montes Claros e do Estado de Minas Gerais. Desde 2006, o munic\u00edpio j\u00e1 fornecia len\u00e7ol descart\u00e1vel, luvas, gases, \u00e1lcool entre outros [&hellip;]<\/p>\n","protected":false},"author":1,"featured_media":105344,"comment_status":"open","ping_status":"closed","sticky":false,"template":"","format":"standard","meta":{"amp_status":"","footnotes":""},"categories":[1236,40242],"tags":[132797,132792,132795,132789,132793,132794,132796,100914,75147,100922,132790,132791,132798,3092,30996,101112],"class_list":["post-105343","post","type-post","status-publish","format-standard","has-post-thumbnail","hentry","category-norte_de_minas","category-saude-2","tag-caso-do-menino-lucas-costa","tag-crianca-de-montes-claros-com-doenca-rara","tag-crianca-de-montes-claros-com-doenca-rara-recebe-apoio-financeiro-para-importacao-de-medicamento","tag-crianca-de-montes-claros-com-doenca-rara-recebe-apoio-financeiro-para-importar-medicamento","tag-crianca-de-montes-claros-que-sofre-com-doenca-rara","tag-curefim-dermal","tag-dermatologista-uxcilene-melo","tag-epidermolise-bolhosa","tag-estado-de-minas-gerais","tag-leticia-turano","tag-lucas-alves-costa","tag-lukinha","tag-lukinha-e-portador-da-epidermolise-bolhosa","tag-neymar-junior","tag-prefeitura-de-montes-claros","tag-uxcilene-melo"],"yoast_head":"<!-- This site is optimized with the Yoast SEO plugin v28.3 - https:\/\/yoast.com\/product\/yoast-seo-wordpress\/ -->\n<title>Crian\u00e7a de Montes Claros com doen\u00e7a rara recebe apoio financeiro para importa\u00e7\u00e3o de medicamento - Aconteceu no Vale<\/title>\n<meta name=\"robots\" content=\"index, follow, max-snippet:-1, max-image-preview:large, max-video-preview:-1\" \/>\n<link rel=\"canonical\" href=\"https:\/\/aconteceunovale.com.br\/portal\/?p=105343\" \/>\n<meta property=\"og:locale\" content=\"pt_BR\" \/>\n<meta property=\"og:type\" content=\"article\" \/>\n<meta property=\"og:title\" content=\"Crian\u00e7a de Montes Claros com doen\u00e7a rara recebe apoio financeiro para importa\u00e7\u00e3o de medicamento - Aconteceu no Vale\" \/>\n<meta property=\"og:description\" content=\"Lucas Alves Costa, conhecido como Lukinha, uma crian\u00e7a com oito anos de idade e que sofre de uma doen\u00e7a rara \u2013 epiderm\u00f3lise bolhosa \u2013 est\u00e1 recebendo por determina\u00e7\u00e3o judicial apoio financeiro da Prefeitura de Montes Claros e do Estado de Minas Gerais. Desde 2006, o munic\u00edpio j\u00e1 fornecia len\u00e7ol descart\u00e1vel, luvas, gases, \u00e1lcool entre outros [&hellip;]\" \/>\n<meta property=\"og:url\" content=\"https:\/\/aconteceunovale.com.br\/portal\/?p=105343\" \/>\n<meta property=\"og:site_name\" content=\"Aconteceu no Vale\" \/>\n<meta property=\"article:publisher\" content=\"https:\/\/www.facebook.com\/aconteceunovale\/\" \/>\n<meta property=\"article:published_time\" content=\"2016-12-27T19:00:33+00:00\" \/>\n<meta property=\"article:modified_time\" content=\"2016-12-28T13:11:45+00:00\" \/>\n<meta property=\"og:image\" content=\"https:\/\/aconteceunovale.com.br\/portal\/wp-content\/uploads\/2016\/12\/lucas_medicamentos.jpg\" \/>\n\t<meta property=\"og:image:width\" content=\"640\" \/>\n\t<meta property=\"og:image:height\" content=\"447\" \/>\n\t<meta property=\"og:image:type\" content=\"image\/jpeg\" \/>\n<meta name=\"author\" content=\"Aconteceu no Vale\" \/>\n<meta name=\"twitter:card\" content=\"summary_large_image\" \/>\n<meta name=\"twitter:creator\" content=\"@noticiadosvales\" \/>\n<meta name=\"twitter:site\" content=\"@noticiadosvales\" \/>\n<meta name=\"twitter:label1\" content=\"Escrito por\" \/>\n\t<meta name=\"twitter:data1\" content=\"Aconteceu no Vale\" \/>\n\t<meta name=\"twitter:label2\" content=\"Est. tempo de leitura\" \/>\n\t<meta name=\"twitter:data2\" content=\"2 minutos\" \/>\n<script type=\"application\/ld+json\" class=\"yoast-schema-graph\">{\"@context\":\"https:\\\/\\\/schema.org\",\"@graph\":[{\"@type\":\"Article\",\"@id\":\"https:\\\/\\\/aconteceunovale.com.br\\\/portal\\\/?p=105343#article\",\"isPartOf\":{\"@id\":\"https:\\\/\\\/aconteceunovale.com.br\\\/portal\\\/?p=105343\"},\"author\":{\"name\":\"Aconteceu no Vale\",\"@id\":\"https:\\\/\\\/aconteceunovale.com.br\\\/portal\\\/#\\\/schema\\\/person\\\/633529146f2c94272bef50ac2953d589\"},\"headline\":\"Crian\u00e7a de Montes Claros com doen\u00e7a rara recebe apoio financeiro para importa\u00e7\u00e3o de medicamento\",\"datePublished\":\"2016-12-27T19:00:33+00:00\",\"dateModified\":\"2016-12-28T13:11:45+00:00\",\"mainEntityOfPage\":{\"@id\":\"https:\\\/\\\/aconteceunovale.com.br\\\/portal\\\/?p=105343\"},\"wordCount\":413,\"commentCount\":0,\"image\":{\"@id\":\"https:\\\/\\\/aconteceunovale.com.br\\\/portal\\\/?p=105343#primaryimage\"},\"thumbnailUrl\":\"https:\\\/\\\/aconteceunovale.com.br\\\/portal\\\/wp-content\\\/uploads\\\/2016\\\/12\\\/lucas_medicamentos.jpg\",\"keywords\":[\"caso do menino Lucas Costa\",\"Crian\u00e7a de Montes Claros com doen\u00e7a rara\",\"Crian\u00e7a de Montes Claros com doen\u00e7a rara recebe apoio financeiro para importa\u00e7\u00e3o de medicamento\",\"Crian\u00e7a de Montes Claros com doen\u00e7a rara recebe apoio financeiro para importar medicamento\",\"Crian\u00e7a de Montes Claros que sofre com doen\u00e7a rara\",\"Curefim Dermal\",\"Dermatologista Uxcilene Melo\",\"epiderm\u00f3lise bolhosa\",\"Estado de Minas Gerais\",\"Let\u00edcia Turano\",\"Lucas Alves Costa\",\"Lukinha\",\"Lukinha \u00e9 portador da epiderm\u00f3lise bolhosa\",\"Neymar Junior\",\"Prefeitura de Montes Claros\",\"Uxcilene Melo\"],\"articleSection\":[\"Norte de Minas\",\"Sa\u00fade\"],\"inLanguage\":\"pt-BR\",\"potentialAction\":[{\"@type\":\"CommentAction\",\"name\":\"Comment\",\"target\":[\"https:\\\/\\\/aconteceunovale.com.br\\\/portal\\\/?p=105343#respond\"]}]},{\"@type\":\"WebPage\",\"@id\":\"https:\\\/\\\/aconteceunovale.com.br\\\/portal\\\/?p=105343\",\"url\":\"https:\\\/\\\/aconteceunovale.com.br\\\/portal\\\/?p=105343\",\"name\":\"Crian\u00e7a de Montes Claros com doen\u00e7a rara recebe apoio financeiro para importa\u00e7\u00e3o de medicamento - Aconteceu no Vale\",\"isPartOf\":{\"@id\":\"https:\\\/\\\/aconteceunovale.com.br\\\/portal\\\/#website\"},\"primaryImageOfPage\":{\"@id\":\"https:\\\/\\\/aconteceunovale.com.br\\\/portal\\\/?p=105343#primaryimage\"},\"image\":{\"@id\":\"https:\\\/\\\/aconteceunovale.com.br\\\/portal\\\/?p=105343#primaryimage\"},\"thumbnailUrl\":\"https:\\\/\\\/aconteceunovale.com.br\\\/portal\\\/wp-content\\\/uploads\\\/2016\\\/12\\\/lucas_medicamentos.jpg\",\"datePublished\":\"2016-12-27T19:00:33+00:00\",\"dateModified\":\"2016-12-28T13:11:45+00:00\",\"author\":{\"@id\":\"https:\\\/\\\/aconteceunovale.com.br\\\/portal\\\/#\\\/schema\\\/person\\\/633529146f2c94272bef50ac2953d589\"},\"breadcrumb\":{\"@id\":\"https:\\\/\\\/aconteceunovale.com.br\\\/portal\\\/?p=105343#breadcrumb\"},\"inLanguage\":\"pt-BR\",\"potentialAction\":[{\"@type\":\"ReadAction\",\"target\":[\"https:\\\/\\\/aconteceunovale.com.br\\\/portal\\\/?p=105343\"]}]},{\"@type\":\"ImageObject\",\"inLanguage\":\"pt-BR\",\"@id\":\"https:\\\/\\\/aconteceunovale.com.br\\\/portal\\\/?p=105343#primaryimage\",\"url\":\"https:\\\/\\\/aconteceunovale.com.br\\\/portal\\\/wp-content\\\/uploads\\\/2016\\\/12\\\/lucas_medicamentos.jpg\",\"contentUrl\":\"https:\\\/\\\/aconteceunovale.com.br\\\/portal\\\/wp-content\\\/uploads\\\/2016\\\/12\\\/lucas_medicamentos.jpg\",\"width\":640,\"height\":447},{\"@type\":\"BreadcrumbList\",\"@id\":\"https:\\\/\\\/aconteceunovale.com.br\\\/portal\\\/?p=105343#breadcrumb\",\"itemListElement\":[{\"@type\":\"ListItem\",\"position\":1,\"name\":\"In\u00edcio\",\"item\":\"https:\\\/\\\/aconteceunovale.com.br\\\/portal\\\/\"},{\"@type\":\"ListItem\",\"position\":2,\"name\":\"Crian\u00e7a de Montes Claros com doen\u00e7a rara recebe apoio financeiro para importa\u00e7\u00e3o de medicamento\"}]},{\"@type\":\"WebSite\",\"@id\":\"https:\\\/\\\/aconteceunovale.com.br\\\/portal\\\/#website\",\"url\":\"https:\\\/\\\/aconteceunovale.com.br\\\/portal\\\/\",\"name\":\"Aconteceu no Vale\",\"description\":\"Portal de Not\u00edcias\",\"potentialAction\":[{\"@type\":\"SearchAction\",\"target\":{\"@type\":\"EntryPoint\",\"urlTemplate\":\"https:\\\/\\\/aconteceunovale.com.br\\\/portal\\\/?s={search_term_string}\"},\"query-input\":{\"@type\":\"PropertyValueSpecification\",\"valueRequired\":true,\"valueName\":\"search_term_string\"}}],\"inLanguage\":\"pt-BR\"},{\"@type\":\"Person\",\"@id\":\"https:\\\/\\\/aconteceunovale.com.br\\\/portal\\\/#\\\/schema\\\/person\\\/633529146f2c94272bef50ac2953d589\",\"name\":\"Aconteceu no Vale\",\"description\":\"Equipe de reportagem do Aconteceu no Vale, portal de not\u00edcias do Vale do Jequitinhonha, em Minas Gerais. Cobrimos as 51 cidades do Vale desde 2013. Sugest\u00f5es de pauta e pedidos de corre\u00e7\u00e3o: contato@aconteceunovale.com.br\",\"sameAs\":[\"http:\\\/\\\/www.aconteceunovale.com.br\"],\"url\":\"https:\\\/\\\/aconteceunovale.com.br\\\/portal\\\/?author=1\"}]}<\/script>\n<!-- \/ Yoast SEO plugin. -->","yoast_head_json":{"title":"Crian\u00e7a de Montes Claros com doen\u00e7a rara recebe apoio financeiro para importa\u00e7\u00e3o de medicamento - Aconteceu no Vale","robots":{"index":"index","follow":"follow","max-snippet":"max-snippet:-1","max-image-preview":"max-image-preview:large","max-video-preview":"max-video-preview:-1"},"canonical":"https:\/\/aconteceunovale.com.br\/portal\/?p=105343","og_locale":"pt_BR","og_type":"article","og_title":"Crian\u00e7a de Montes Claros com doen\u00e7a rara recebe apoio financeiro para importa\u00e7\u00e3o de medicamento - Aconteceu no Vale","og_description":"Lucas Alves Costa, conhecido como Lukinha, uma crian\u00e7a com oito anos de idade e que sofre de uma doen\u00e7a rara \u2013 epiderm\u00f3lise bolhosa \u2013 est\u00e1 recebendo por determina\u00e7\u00e3o judicial apoio financeiro da Prefeitura de Montes Claros e do Estado de Minas Gerais. Desde 2006, o munic\u00edpio j\u00e1 fornecia len\u00e7ol descart\u00e1vel, luvas, gases, \u00e1lcool entre outros [&hellip;]","og_url":"https:\/\/aconteceunovale.com.br\/portal\/?p=105343","og_site_name":"Aconteceu no Vale","article_publisher":"https:\/\/www.facebook.com\/aconteceunovale\/","article_published_time":"2016-12-27T19:00:33+00:00","article_modified_time":"2016-12-28T13:11:45+00:00","og_image":[{"width":640,"height":447,"url":"https:\/\/aconteceunovale.com.br\/portal\/wp-content\/uploads\/2016\/12\/lucas_medicamentos.jpg","type":"image\/jpeg"}],"author":"Aconteceu no Vale","twitter_card":"summary_large_image","twitter_creator":"@noticiadosvales","twitter_site":"@noticiadosvales","twitter_misc":{"Escrito por":"Aconteceu no Vale","Est. tempo de leitura":"2 minutos"},"schema":{"@context":"https:\/\/schema.org","@graph":[{"@type":"Article","@id":"https:\/\/aconteceunovale.com.br\/portal\/?p=105343#article","isPartOf":{"@id":"https:\/\/aconteceunovale.com.br\/portal\/?p=105343"},"author":{"name":"Aconteceu no Vale","@id":"https:\/\/aconteceunovale.com.br\/portal\/#\/schema\/person\/633529146f2c94272bef50ac2953d589"},"headline":"Crian\u00e7a de Montes Claros com doen\u00e7a rara recebe apoio financeiro para importa\u00e7\u00e3o de medicamento","datePublished":"2016-12-27T19:00:33+00:00","dateModified":"2016-12-28T13:11:45+00:00","mainEntityOfPage":{"@id":"https:\/\/aconteceunovale.com.br\/portal\/?p=105343"},"wordCount":413,"commentCount":0,"image":{"@id":"https:\/\/aconteceunovale.com.br\/portal\/?p=105343#primaryimage"},"thumbnailUrl":"https:\/\/aconteceunovale.com.br\/portal\/wp-content\/uploads\/2016\/12\/lucas_medicamentos.jpg","keywords":["caso do menino Lucas Costa","Crian\u00e7a de Montes Claros com doen\u00e7a rara","Crian\u00e7a de Montes Claros com doen\u00e7a rara recebe apoio financeiro para importa\u00e7\u00e3o de medicamento","Crian\u00e7a de Montes Claros com doen\u00e7a rara recebe apoio financeiro para importar medicamento","Crian\u00e7a de Montes Claros que sofre com doen\u00e7a rara","Curefim Dermal","Dermatologista Uxcilene Melo","epiderm\u00f3lise bolhosa","Estado de Minas Gerais","Let\u00edcia Turano","Lucas Alves Costa","Lukinha","Lukinha \u00e9 portador da epiderm\u00f3lise bolhosa","Neymar Junior","Prefeitura de Montes Claros","Uxcilene Melo"],"articleSection":["Norte de Minas","Sa\u00fade"],"inLanguage":"pt-BR","potentialAction":[{"@type":"CommentAction","name":"Comment","target":["https:\/\/aconteceunovale.com.br\/portal\/?p=105343#respond"]}]},{"@type":"WebPage","@id":"https:\/\/aconteceunovale.com.br\/portal\/?p=105343","url":"https:\/\/aconteceunovale.com.br\/portal\/?p=105343","name":"Crian\u00e7a de Montes Claros com doen\u00e7a rara recebe apoio financeiro para importa\u00e7\u00e3o de medicamento - Aconteceu no Vale","isPartOf":{"@id":"https:\/\/aconteceunovale.com.br\/portal\/#website"},"primaryImageOfPage":{"@id":"https:\/\/aconteceunovale.com.br\/portal\/?p=105343#primaryimage"},"image":{"@id":"https:\/\/aconteceunovale.com.br\/portal\/?p=105343#primaryimage"},"thumbnailUrl":"https:\/\/aconteceunovale.com.br\/portal\/wp-content\/uploads\/2016\/12\/lucas_medicamentos.jpg","datePublished":"2016-12-27T19:00:33+00:00","dateModified":"2016-12-28T13:11:45+00:00","author":{"@id":"https:\/\/aconteceunovale.com.br\/portal\/#\/schema\/person\/633529146f2c94272bef50ac2953d589"},"breadcrumb":{"@id":"https:\/\/aconteceunovale.com.br\/portal\/?p=105343#breadcrumb"},"inLanguage":"pt-BR","potentialAction":[{"@type":"ReadAction","target":["https:\/\/aconteceunovale.com.br\/portal\/?p=105343"]}]},{"@type":"ImageObject","inLanguage":"pt-BR","@id":"https:\/\/aconteceunovale.com.br\/portal\/?p=105343#primaryimage","url":"https:\/\/aconteceunovale.com.br\/portal\/wp-content\/uploads\/2016\/12\/lucas_medicamentos.jpg","contentUrl":"https:\/\/aconteceunovale.com.br\/portal\/wp-content\/uploads\/2016\/12\/lucas_medicamentos.jpg","width":640,"height":447},{"@type":"BreadcrumbList","@id":"https:\/\/aconteceunovale.com.br\/portal\/?p=105343#breadcrumb","itemListElement":[{"@type":"ListItem","position":1,"name":"In\u00edcio","item":"https:\/\/aconteceunovale.com.br\/portal\/"},{"@type":"ListItem","position":2,"name":"Crian\u00e7a de Montes Claros com doen\u00e7a rara recebe apoio financeiro para importa\u00e7\u00e3o de medicamento"}]},{"@type":"WebSite","@id":"https:\/\/aconteceunovale.com.br\/portal\/#website","url":"https:\/\/aconteceunovale.com.br\/portal\/","name":"Aconteceu no Vale","description":"Portal de Not\u00edcias","potentialAction":[{"@type":"SearchAction","target":{"@type":"EntryPoint","urlTemplate":"https:\/\/aconteceunovale.com.br\/portal\/?s={search_term_string}"},"query-input":{"@type":"PropertyValueSpecification","valueRequired":true,"valueName":"search_term_string"}}],"inLanguage":"pt-BR"},{"@type":"Person","@id":"https:\/\/aconteceunovale.com.br\/portal\/#\/schema\/person\/633529146f2c94272bef50ac2953d589","name":"Aconteceu no Vale","description":"Equipe de reportagem do Aconteceu no Vale, portal de not\u00edcias do Vale do Jequitinhonha, em Minas Gerais. Cobrimos as 51 cidades do Vale desde 2013. Sugest\u00f5es de pauta e pedidos de corre\u00e7\u00e3o: contato@aconteceunovale.com.br","sameAs":["http:\/\/www.aconteceunovale.com.br"],"url":"https:\/\/aconteceunovale.com.br\/portal\/?author=1"}]}},"_links":{"self":[{"href":"https:\/\/aconteceunovale.com.br\/portal\/index.php?rest_route=\/wp\/v2\/posts\/105343","targetHints":{"allow":["GET"]}}],"collection":[{"href":"https:\/\/aconteceunovale.com.br\/portal\/index.php?rest_route=\/wp\/v2\/posts"}],"about":[{"href":"https:\/\/aconteceunovale.com.br\/portal\/index.php?rest_route=\/wp\/v2\/types\/post"}],"author":[{"embeddable":true,"href":"https:\/\/aconteceunovale.com.br\/portal\/index.php?rest_route=\/wp\/v2\/users\/1"}],"replies":[{"embeddable":true,"href":"https:\/\/aconteceunovale.com.br\/portal\/index.php?rest_route=%2Fwp%2Fv2%2Fcomments&post=105343"}],"version-history":[{"count":0,"href":"https:\/\/aconteceunovale.com.br\/portal\/index.php?rest_route=\/wp\/v2\/posts\/105343\/revisions"}],"wp:featuredmedia":[{"embeddable":true,"href":"https:\/\/aconteceunovale.com.br\/portal\/index.php?rest_route=\/wp\/v2\/media\/105344"}],"wp:attachment":[{"href":"https:\/\/aconteceunovale.com.br\/portal\/index.php?rest_route=%2Fwp%2Fv2%2Fmedia&parent=105343"}],"wp:term":[{"taxonomy":"category","embeddable":true,"href":"https:\/\/aconteceunovale.com.br\/portal\/index.php?rest_route=%2Fwp%2Fv2%2Fcategories&post=105343"},{"taxonomy":"post_tag","embeddable":true,"href":"https:\/\/aconteceunovale.com.br\/portal\/index.php?rest_route=%2Fwp%2Fv2%2Ftags&post=105343"}],"curies":[{"name":"wp","href":"https:\/\/api.w.org\/{rel}","templated":true}]}}