{"id":105340,"date":"2016-12-27T16:42:21","date_gmt":"2016-12-27T18:42:21","guid":{"rendered":"http:\/\/aconteceunovale.com.br\/portal\/?p=105340"},"modified":"2016-12-28T11:12:20","modified_gmt":"2016-12-28T13:12:20","slug":"tombamento-da-serra-dos-montes-claros-e-aprovado-pelo-compac","status":"publish","type":"post","link":"https:\/\/aconteceunovale.com.br\/portal\/?p=105340","title":{"rendered":"Tombamento da Serra dos Montes Claros \u00e9 aprovado pelo COMPAC"},"content":{"rendered":"<p>A reuni\u00e3o extraordin\u00e1ria do Conselho Municipal do Patrim\u00f4nio Cultural de Montes Claros (COMPAC), realizada no \u00faltimo dia 8, teve como objetivo analisar o pedido de tombamento da Serra dos Montes Claros, atendendo a recomenda\u00e7\u00f5es da Promotoria de Justi\u00e7a da Comarca de Montes Claros\/Curadoria de Defesa do Meio Ambiente, Patrim\u00f4nio Hist\u00f3rico, Habita\u00e7\u00e3o e Urbanismo e da Promotoria Estadual de Defesa do Patrim\u00f4nio Cultural e Tur\u00edstico de Minas Gerais.<\/p>\n<p>Tamb\u00e9m foram levados em considera\u00e7\u00e3o os termos expostos na mo\u00e7\u00e3o aprovada pelo Conselho Estadual de Pol\u00edtica Ambiental (COPAM), Conselho Municipal de Defesa do Meio Ambiente (CODEMA) e Conselho do Parque Estadual da Lapa Grande. Durante a reuni\u00e3o ainda foi apresentado o \u201cDossi\u00ea de Tombamento da Serra dos Montes Claros\u201d.<\/p>\n<p>A promotora de Justi\u00e7a, Alu\u00edsia Beraldo Ribeiro, detalhou a proposta de tombamento com todas as especifica\u00e7\u00f5es, enxugamento do espa\u00e7o para o qual se pede o tombamento, fazendo novo tra\u00e7ado, contendo o per\u00edmetro da \u00e1rea a ser contemplada. Alu\u00edsia Beraldo ainda lembrou a longa luta em defesa da preserva\u00e7\u00e3o hist\u00f3rica, cultural e c\u00eanica da serra e que o pedido de tombamento teve parecer favor\u00e1vel tanto do prefeito em exerc\u00edcio, Jos\u00e9 Vicente Medeiros, como do prefeito eleito, Humberto Souto, em visita ao Minist\u00e9rio P\u00fablico.<\/p>\n<p>Para o secret\u00e1rio adjunto de Meio Ambiente, Edvaldo Marques de Ara\u00fajo, o tombamento da Serra dos Montes Claros n\u00e3o levar\u00e1 preju\u00edzos aos agricultores instalados na regi\u00e3o, j\u00e1 que, conforme previsto em leis federais, v\u00e1rias a\u00e7\u00f5es e atividades j\u00e1 s\u00e3o restritas naquela \u00e1rea, destacando que o objetivo do tombamento \u00e9 preservar o meio ambiente e a hist\u00f3ria do munic\u00edpio, colocando tamb\u00e9m a relev\u00e2ncia h\u00eddrica da \u00e1rea a ser tombada.<\/p>\n<p>O secretario municipal de Cultura, Carlos Muniz, destacou que a import\u00e2ncia da preserva\u00e7\u00e3o da Serra dos Montes Claros \u00e9 hist\u00f3rica, e fez uma rela\u00e7\u00e3o entre a arte e a preserva\u00e7\u00e3o do meio ambiente em todo o mundo, lembrando o preju\u00edzo de serras anteriormente resplandecentes do Rio de Janeiro, descrevendo, historicamente, a import\u00e2ncia do respeito ao meio ambiente. \u201cA vida tem de ser vivida e preservada com responsabilidade e consci\u00eancia, atrav\u00e9s da preserva\u00e7\u00e3o da natureza como um todo.\u201d, concluiu.<\/p>\n<p>Ao fim da reuni\u00e3o, o tombamento foi aprovado por unanimidade dos presentes, sendo prov\u00e1vel que seu texto siga o do Decreto de Tombamento do Morro Dois Irm\u00e3os. Agora, basta que o prefeito em exerc\u00edcio assine seu decreto e que ele seja publicado no Di\u00e1rio Oficial Eletr\u00f4nico de Montes Claros para que tenha validade e garanta seus benef\u00edcios \u00e0 \u00e1rea.<\/p>\n<p><img decoding=\"async\" src=\"http:\/\/aconteceunovale.com.br\/portal\/wp-content\/uploads\/2016\/12\/serra_dos_montes_claros.jpg\" alt=\"\" \/><em>Serra dos Montes Claros (Foto: F\u00e1bio Mar\u00e7al\/Divulga\u00e7\u00e3o)<\/em><br \/>\n<\/br><\/p>\n<p><center><\/p>\n<h4>VER PRIMEIRO<\/h4>\n<p><strong>Receba as not\u00edcias do Aconteceu no Vale em primeira m\u00e3o. Acesse <a href=\"https:\/\/www.facebook.com\/aconteceunovale\" target=\"_blank\"><font color=\"red\">www.facebook.com\/aconteceunovale<\/font><\/a> e clique em curtir.<\/strong><\/center><\/p>\n<p>(Ascom Prefeitura de Montes Claros)<\/p>\n","protected":false},"excerpt":{"rendered":"<p>A reuni\u00e3o extraordin\u00e1ria do Conselho Municipal do Patrim\u00f4nio Cultural de Montes Claros (COMPAC), realizada no \u00faltimo dia 8, teve como objetivo analisar o pedido de tombamento da Serra dos Montes Claros, atendendo a recomenda\u00e7\u00f5es da Promotoria de Justi\u00e7a da Comarca de Montes Claros\/Curadoria de Defesa do Meio Ambiente, Patrim\u00f4nio Hist\u00f3rico, Habita\u00e7\u00e3o e Urbanismo e da [&hellip;]<\/p>\n","protected":false},"author":1,"featured_media":105341,"comment_status":"open","ping_status":"closed","sticky":false,"template":"","format":"standard","meta":{"amp_status":"","footnotes":""},"categories":[1236],"tags":[132784,132786,132781,132779,132785,210,132780,132783,132782,132788,132787],"class_list":["post-105340","post","type-post","status-publish","format-standard","has-post-thumbnail","hentry","category-norte_de_minas","tag-aluisia-beraldo-ribeiro","tag-carlos-muniz","tag-compac","tag-conselho-municipal-do-patrimonio-cultural-de-montes-claros","tag-edvaldo-marques-de-araujo","tag-montes-claros","tag-patrimonio-cultural-de-montes-claros","tag-serra-dos-montes-claros","tag-tombamento-da-serra-dos-montes-claros","tag-tombamento-da-serra-dos-montes-claros-e-aprovado-pelo-compac","tag-tombamento-do-morro-dois-irmaos"],"yoast_head":"<!-- This site is optimized with the Yoast SEO plugin v28.3 - https:\/\/yoast.com\/product\/yoast-seo-wordpress\/ -->\n<title>Tombamento da Serra dos Montes Claros \u00e9 aprovado pelo COMPAC - Aconteceu no Vale<\/title>\n<meta name=\"robots\" content=\"index, follow, max-snippet:-1, max-image-preview:large, max-video-preview:-1\" \/>\n<link rel=\"canonical\" href=\"https:\/\/aconteceunovale.com.br\/portal\/?p=105340\" \/>\n<meta property=\"og:locale\" content=\"pt_BR\" \/>\n<meta property=\"og:type\" content=\"article\" \/>\n<meta property=\"og:title\" content=\"Tombamento da Serra dos Montes Claros \u00e9 aprovado pelo COMPAC - Aconteceu no Vale\" \/>\n<meta property=\"og:description\" content=\"A reuni\u00e3o extraordin\u00e1ria do Conselho Municipal do Patrim\u00f4nio Cultural de Montes Claros (COMPAC), realizada no \u00faltimo dia 8, teve como objetivo analisar o pedido de tombamento da Serra dos Montes Claros, atendendo a recomenda\u00e7\u00f5es da Promotoria de Justi\u00e7a da Comarca de Montes Claros\/Curadoria de Defesa do Meio Ambiente, Patrim\u00f4nio Hist\u00f3rico, Habita\u00e7\u00e3o e Urbanismo e da [&hellip;]\" \/>\n<meta property=\"og:url\" content=\"https:\/\/aconteceunovale.com.br\/portal\/?p=105340\" \/>\n<meta property=\"og:site_name\" content=\"Aconteceu no Vale\" \/>\n<meta property=\"article:publisher\" content=\"https:\/\/www.facebook.com\/aconteceunovale\/\" \/>\n<meta property=\"article:published_time\" content=\"2016-12-27T18:42:21+00:00\" \/>\n<meta property=\"article:modified_time\" content=\"2016-12-28T13:12:20+00:00\" \/>\n<meta property=\"og:image\" content=\"https:\/\/aconteceunovale.com.br\/portal\/wp-content\/uploads\/2016\/12\/serra_dos_montes_claros.jpg\" \/>\n\t<meta property=\"og:image:width\" content=\"640\" \/>\n\t<meta property=\"og:image:height\" content=\"388\" \/>\n\t<meta property=\"og:image:type\" content=\"image\/jpeg\" \/>\n<meta name=\"author\" content=\"Aconteceu no Vale\" \/>\n<meta name=\"twitter:card\" content=\"summary_large_image\" \/>\n<meta name=\"twitter:creator\" content=\"@noticiadosvales\" \/>\n<meta name=\"twitter:site\" content=\"@noticiadosvales\" \/>\n<meta name=\"twitter:label1\" content=\"Escrito por\" \/>\n\t<meta name=\"twitter:data1\" content=\"Aconteceu no Vale\" \/>\n\t<meta name=\"twitter:label2\" content=\"Est. tempo de leitura\" \/>\n\t<meta name=\"twitter:data2\" content=\"2 minutos\" \/>\n<script type=\"application\/ld+json\" class=\"yoast-schema-graph\">{\"@context\":\"https:\\\/\\\/schema.org\",\"@graph\":[{\"@type\":\"Article\",\"@id\":\"https:\\\/\\\/aconteceunovale.com.br\\\/portal\\\/?p=105340#article\",\"isPartOf\":{\"@id\":\"https:\\\/\\\/aconteceunovale.com.br\\\/portal\\\/?p=105340\"},\"author\":{\"name\":\"Aconteceu no Vale\",\"@id\":\"https:\\\/\\\/aconteceunovale.com.br\\\/portal\\\/#\\\/schema\\\/person\\\/633529146f2c94272bef50ac2953d589\"},\"headline\":\"Tombamento da Serra dos Montes Claros \u00e9 aprovado pelo COMPAC\",\"datePublished\":\"2016-12-27T18:42:21+00:00\",\"dateModified\":\"2016-12-28T13:12:20+00:00\",\"mainEntityOfPage\":{\"@id\":\"https:\\\/\\\/aconteceunovale.com.br\\\/portal\\\/?p=105340\"},\"wordCount\":507,\"commentCount\":0,\"image\":{\"@id\":\"https:\\\/\\\/aconteceunovale.com.br\\\/portal\\\/?p=105340#primaryimage\"},\"thumbnailUrl\":\"https:\\\/\\\/aconteceunovale.com.br\\\/portal\\\/wp-content\\\/uploads\\\/2016\\\/12\\\/serra_dos_montes_claros.jpg\",\"keywords\":[\"Alu\u00edsia Beraldo Ribeiro\",\"Carlos Muniz\",\"COMPAC\",\"Conselho Municipal do Patrim\u00f4nio Cultural de Montes Claros\",\"Edvaldo Marques de Ara\u00fajo\",\"Montes Claros\",\"Patrim\u00f4nio Cultural de Montes Claros\",\"Serra dos Montes Claros\",\"tombamento da Serra dos Montes Claros\",\"Tombamento da Serra dos Montes Claros \u00e9 aprovado pelo COMPAC\",\"Tombamento do Morro Dois Irm\u00e3os\"],\"articleSection\":[\"Norte de Minas\"],\"inLanguage\":\"pt-BR\",\"potentialAction\":[{\"@type\":\"CommentAction\",\"name\":\"Comment\",\"target\":[\"https:\\\/\\\/aconteceunovale.com.br\\\/portal\\\/?p=105340#respond\"]}]},{\"@type\":\"WebPage\",\"@id\":\"https:\\\/\\\/aconteceunovale.com.br\\\/portal\\\/?p=105340\",\"url\":\"https:\\\/\\\/aconteceunovale.com.br\\\/portal\\\/?p=105340\",\"name\":\"Tombamento da Serra dos Montes Claros \u00e9 aprovado pelo COMPAC - Aconteceu no Vale\",\"isPartOf\":{\"@id\":\"https:\\\/\\\/aconteceunovale.com.br\\\/portal\\\/#website\"},\"primaryImageOfPage\":{\"@id\":\"https:\\\/\\\/aconteceunovale.com.br\\\/portal\\\/?p=105340#primaryimage\"},\"image\":{\"@id\":\"https:\\\/\\\/aconteceunovale.com.br\\\/portal\\\/?p=105340#primaryimage\"},\"thumbnailUrl\":\"https:\\\/\\\/aconteceunovale.com.br\\\/portal\\\/wp-content\\\/uploads\\\/2016\\\/12\\\/serra_dos_montes_claros.jpg\",\"datePublished\":\"2016-12-27T18:42:21+00:00\",\"dateModified\":\"2016-12-28T13:12:20+00:00\",\"author\":{\"@id\":\"https:\\\/\\\/aconteceunovale.com.br\\\/portal\\\/#\\\/schema\\\/person\\\/633529146f2c94272bef50ac2953d589\"},\"breadcrumb\":{\"@id\":\"https:\\\/\\\/aconteceunovale.com.br\\\/portal\\\/?p=105340#breadcrumb\"},\"inLanguage\":\"pt-BR\",\"potentialAction\":[{\"@type\":\"ReadAction\",\"target\":[\"https:\\\/\\\/aconteceunovale.com.br\\\/portal\\\/?p=105340\"]}]},{\"@type\":\"ImageObject\",\"inLanguage\":\"pt-BR\",\"@id\":\"https:\\\/\\\/aconteceunovale.com.br\\\/portal\\\/?p=105340#primaryimage\",\"url\":\"https:\\\/\\\/aconteceunovale.com.br\\\/portal\\\/wp-content\\\/uploads\\\/2016\\\/12\\\/serra_dos_montes_claros.jpg\",\"contentUrl\":\"https:\\\/\\\/aconteceunovale.com.br\\\/portal\\\/wp-content\\\/uploads\\\/2016\\\/12\\\/serra_dos_montes_claros.jpg\",\"width\":640,\"height\":388},{\"@type\":\"BreadcrumbList\",\"@id\":\"https:\\\/\\\/aconteceunovale.com.br\\\/portal\\\/?p=105340#breadcrumb\",\"itemListElement\":[{\"@type\":\"ListItem\",\"position\":1,\"name\":\"In\u00edcio\",\"item\":\"https:\\\/\\\/aconteceunovale.com.br\\\/portal\\\/\"},{\"@type\":\"ListItem\",\"position\":2,\"name\":\"Tombamento da Serra dos Montes Claros \u00e9 aprovado pelo COMPAC\"}]},{\"@type\":\"WebSite\",\"@id\":\"https:\\\/\\\/aconteceunovale.com.br\\\/portal\\\/#website\",\"url\":\"https:\\\/\\\/aconteceunovale.com.br\\\/portal\\\/\",\"name\":\"Aconteceu no Vale\",\"description\":\"Portal de Not\u00edcias\",\"potentialAction\":[{\"@type\":\"SearchAction\",\"target\":{\"@type\":\"EntryPoint\",\"urlTemplate\":\"https:\\\/\\\/aconteceunovale.com.br\\\/portal\\\/?s={search_term_string}\"},\"query-input\":{\"@type\":\"PropertyValueSpecification\",\"valueRequired\":true,\"valueName\":\"search_term_string\"}}],\"inLanguage\":\"pt-BR\"},{\"@type\":\"Person\",\"@id\":\"https:\\\/\\\/aconteceunovale.com.br\\\/portal\\\/#\\\/schema\\\/person\\\/633529146f2c94272bef50ac2953d589\",\"name\":\"Aconteceu no Vale\",\"description\":\"Equipe de reportagem do Aconteceu no Vale, portal de not\u00edcias do Vale do Jequitinhonha, em Minas Gerais. Cobrimos as 51 cidades do Vale desde 2013. Sugest\u00f5es de pauta e pedidos de corre\u00e7\u00e3o: contato@aconteceunovale.com.br\",\"sameAs\":[\"http:\\\/\\\/www.aconteceunovale.com.br\"],\"url\":\"https:\\\/\\\/aconteceunovale.com.br\\\/portal\\\/?author=1\"}]}<\/script>\n<!-- \/ Yoast SEO plugin. -->","yoast_head_json":{"title":"Tombamento da Serra dos Montes Claros \u00e9 aprovado pelo COMPAC - Aconteceu no Vale","robots":{"index":"index","follow":"follow","max-snippet":"max-snippet:-1","max-image-preview":"max-image-preview:large","max-video-preview":"max-video-preview:-1"},"canonical":"https:\/\/aconteceunovale.com.br\/portal\/?p=105340","og_locale":"pt_BR","og_type":"article","og_title":"Tombamento da Serra dos Montes Claros \u00e9 aprovado pelo COMPAC - Aconteceu no Vale","og_description":"A reuni\u00e3o extraordin\u00e1ria do Conselho Municipal do Patrim\u00f4nio Cultural de Montes Claros (COMPAC), realizada no \u00faltimo dia 8, teve como objetivo analisar o pedido de tombamento da Serra dos Montes Claros, atendendo a recomenda\u00e7\u00f5es da Promotoria de Justi\u00e7a da Comarca de Montes Claros\/Curadoria de Defesa do Meio Ambiente, Patrim\u00f4nio Hist\u00f3rico, Habita\u00e7\u00e3o e Urbanismo e da [&hellip;]","og_url":"https:\/\/aconteceunovale.com.br\/portal\/?p=105340","og_site_name":"Aconteceu no Vale","article_publisher":"https:\/\/www.facebook.com\/aconteceunovale\/","article_published_time":"2016-12-27T18:42:21+00:00","article_modified_time":"2016-12-28T13:12:20+00:00","og_image":[{"width":640,"height":388,"url":"https:\/\/aconteceunovale.com.br\/portal\/wp-content\/uploads\/2016\/12\/serra_dos_montes_claros.jpg","type":"image\/jpeg"}],"author":"Aconteceu no Vale","twitter_card":"summary_large_image","twitter_creator":"@noticiadosvales","twitter_site":"@noticiadosvales","twitter_misc":{"Escrito por":"Aconteceu no Vale","Est. tempo de leitura":"2 minutos"},"schema":{"@context":"https:\/\/schema.org","@graph":[{"@type":"Article","@id":"https:\/\/aconteceunovale.com.br\/portal\/?p=105340#article","isPartOf":{"@id":"https:\/\/aconteceunovale.com.br\/portal\/?p=105340"},"author":{"name":"Aconteceu no Vale","@id":"https:\/\/aconteceunovale.com.br\/portal\/#\/schema\/person\/633529146f2c94272bef50ac2953d589"},"headline":"Tombamento da Serra dos Montes Claros \u00e9 aprovado pelo COMPAC","datePublished":"2016-12-27T18:42:21+00:00","dateModified":"2016-12-28T13:12:20+00:00","mainEntityOfPage":{"@id":"https:\/\/aconteceunovale.com.br\/portal\/?p=105340"},"wordCount":507,"commentCount":0,"image":{"@id":"https:\/\/aconteceunovale.com.br\/portal\/?p=105340#primaryimage"},"thumbnailUrl":"https:\/\/aconteceunovale.com.br\/portal\/wp-content\/uploads\/2016\/12\/serra_dos_montes_claros.jpg","keywords":["Alu\u00edsia Beraldo Ribeiro","Carlos Muniz","COMPAC","Conselho Municipal do Patrim\u00f4nio Cultural de Montes Claros","Edvaldo Marques de Ara\u00fajo","Montes Claros","Patrim\u00f4nio Cultural de Montes Claros","Serra dos Montes Claros","tombamento da Serra dos Montes Claros","Tombamento da Serra dos Montes Claros \u00e9 aprovado pelo COMPAC","Tombamento do Morro Dois Irm\u00e3os"],"articleSection":["Norte de Minas"],"inLanguage":"pt-BR","potentialAction":[{"@type":"CommentAction","name":"Comment","target":["https:\/\/aconteceunovale.com.br\/portal\/?p=105340#respond"]}]},{"@type":"WebPage","@id":"https:\/\/aconteceunovale.com.br\/portal\/?p=105340","url":"https:\/\/aconteceunovale.com.br\/portal\/?p=105340","name":"Tombamento da Serra dos Montes Claros \u00e9 aprovado pelo COMPAC - Aconteceu no Vale","isPartOf":{"@id":"https:\/\/aconteceunovale.com.br\/portal\/#website"},"primaryImageOfPage":{"@id":"https:\/\/aconteceunovale.com.br\/portal\/?p=105340#primaryimage"},"image":{"@id":"https:\/\/aconteceunovale.com.br\/portal\/?p=105340#primaryimage"},"thumbnailUrl":"https:\/\/aconteceunovale.com.br\/portal\/wp-content\/uploads\/2016\/12\/serra_dos_montes_claros.jpg","datePublished":"2016-12-27T18:42:21+00:00","dateModified":"2016-12-28T13:12:20+00:00","author":{"@id":"https:\/\/aconteceunovale.com.br\/portal\/#\/schema\/person\/633529146f2c94272bef50ac2953d589"},"breadcrumb":{"@id":"https:\/\/aconteceunovale.com.br\/portal\/?p=105340#breadcrumb"},"inLanguage":"pt-BR","potentialAction":[{"@type":"ReadAction","target":["https:\/\/aconteceunovale.com.br\/portal\/?p=105340"]}]},{"@type":"ImageObject","inLanguage":"pt-BR","@id":"https:\/\/aconteceunovale.com.br\/portal\/?p=105340#primaryimage","url":"https:\/\/aconteceunovale.com.br\/portal\/wp-content\/uploads\/2016\/12\/serra_dos_montes_claros.jpg","contentUrl":"https:\/\/aconteceunovale.com.br\/portal\/wp-content\/uploads\/2016\/12\/serra_dos_montes_claros.jpg","width":640,"height":388},{"@type":"BreadcrumbList","@id":"https:\/\/aconteceunovale.com.br\/portal\/?p=105340#breadcrumb","itemListElement":[{"@type":"ListItem","position":1,"name":"In\u00edcio","item":"https:\/\/aconteceunovale.com.br\/portal\/"},{"@type":"ListItem","position":2,"name":"Tombamento da Serra dos Montes Claros \u00e9 aprovado pelo COMPAC"}]},{"@type":"WebSite","@id":"https:\/\/aconteceunovale.com.br\/portal\/#website","url":"https:\/\/aconteceunovale.com.br\/portal\/","name":"Aconteceu no Vale","description":"Portal de Not\u00edcias","potentialAction":[{"@type":"SearchAction","target":{"@type":"EntryPoint","urlTemplate":"https:\/\/aconteceunovale.com.br\/portal\/?s={search_term_string}"},"query-input":{"@type":"PropertyValueSpecification","valueRequired":true,"valueName":"search_term_string"}}],"inLanguage":"pt-BR"},{"@type":"Person","@id":"https:\/\/aconteceunovale.com.br\/portal\/#\/schema\/person\/633529146f2c94272bef50ac2953d589","name":"Aconteceu no Vale","description":"Equipe de reportagem do Aconteceu no Vale, portal de not\u00edcias do Vale do Jequitinhonha, em Minas Gerais. Cobrimos as 51 cidades do Vale desde 2013. Sugest\u00f5es de pauta e pedidos de corre\u00e7\u00e3o: contato@aconteceunovale.com.br","sameAs":["http:\/\/www.aconteceunovale.com.br"],"url":"https:\/\/aconteceunovale.com.br\/portal\/?author=1"}]}},"_links":{"self":[{"href":"https:\/\/aconteceunovale.com.br\/portal\/index.php?rest_route=\/wp\/v2\/posts\/105340","targetHints":{"allow":["GET"]}}],"collection":[{"href":"https:\/\/aconteceunovale.com.br\/portal\/index.php?rest_route=\/wp\/v2\/posts"}],"about":[{"href":"https:\/\/aconteceunovale.com.br\/portal\/index.php?rest_route=\/wp\/v2\/types\/post"}],"author":[{"embeddable":true,"href":"https:\/\/aconteceunovale.com.br\/portal\/index.php?rest_route=\/wp\/v2\/users\/1"}],"replies":[{"embeddable":true,"href":"https:\/\/aconteceunovale.com.br\/portal\/index.php?rest_route=%2Fwp%2Fv2%2Fcomments&post=105340"}],"version-history":[{"count":0,"href":"https:\/\/aconteceunovale.com.br\/portal\/index.php?rest_route=\/wp\/v2\/posts\/105340\/revisions"}],"wp:featuredmedia":[{"embeddable":true,"href":"https:\/\/aconteceunovale.com.br\/portal\/index.php?rest_route=\/wp\/v2\/media\/105341"}],"wp:attachment":[{"href":"https:\/\/aconteceunovale.com.br\/portal\/index.php?rest_route=%2Fwp%2Fv2%2Fmedia&parent=105340"}],"wp:term":[{"taxonomy":"category","embeddable":true,"href":"https:\/\/aconteceunovale.com.br\/portal\/index.php?rest_route=%2Fwp%2Fv2%2Fcategories&post=105340"},{"taxonomy":"post_tag","embeddable":true,"href":"https:\/\/aconteceunovale.com.br\/portal\/index.php?rest_route=%2Fwp%2Fv2%2Ftags&post=105340"}],"curies":[{"name":"wp","href":"https:\/\/api.w.org\/{rel}","templated":true}]}}