{"id":105337,"date":"2016-12-27T11:29:43","date_gmt":"2016-12-27T13:29:43","guid":{"rendered":"http:\/\/aconteceunovale.com.br\/portal\/?p=105337"},"modified":"2016-12-28T11:12:26","modified_gmt":"2016-12-28T13:12:26","slug":"motorista-de-cegonheira-que-tombou-em-montes-claros-e-preso-por-uso-de-cnh-falsa","status":"publish","type":"post","link":"https:\/\/aconteceunovale.com.br\/portal\/?p=105337","title":{"rendered":"Motorista de cegonheira que tombou em Montes Claros \u00e9 preso por uso de CNH falsa"},"content":{"rendered":"<p>O condutor de um caminh\u00e3o-cegonha, de 41 anos, foi preso depois de se envolver em um acidente na tarde dessa segunda-feira (26\/12\/2016), na BR-135, em Montes Claros. O caminh\u00e3o estava carregado de carros e tombou na pista. Durante o registro da ocorr\u00eancia, a Pol\u00edcia Rodovi\u00e1ria Federal (PRF) descobriu que havia um mandado de pris\u00e3o em aberto contra o motorista por ele j\u00e1 ter usado habilita\u00e7\u00e3o falsa.<\/p>\n<p>Ele confirmou o fato aos policiais e explicou que conseguiu a carteira de habilita\u00e7\u00e3o falsa durante uma reciclagem. O condutor foi encaminhado \u00e0 delegacia da Pol\u00edcia Civil.<\/p>\n<p>De acordo com a PRF, ningu\u00e9m ficou ferido no acidente. Antes de tombar, o caminh\u00e3o-cegonha bateu na traseira de um carro de passeio que freou bruscamente na pista. A rodovia ficou interditada por cerca de tr\u00eas horas.<\/p>\n<p><img decoding=\"async\" src=\"http:\/\/aconteceunovale.com.br\/portal\/wp-content\/uploads\/2016\/12\/acidente_cegonheira_1.jpg\" alt=\"\" \/><em>Cegonheira tombou pr\u00f3ximo ao trevo do Motel Sky (Foto: Reprodu\u00e7\u00e3o\/WhatsApp)<\/em><br \/>\n<\/br><\/p>\n<p><img decoding=\"async\" src=\"http:\/\/aconteceunovale.com.br\/portal\/wp-content\/uploads\/2016\/12\/acidente_cegonheira_2.jpg\" alt=\"\" \/><em>Cegonheira tombou pr\u00f3ximo ao trevo do Motel Sky (Foto: Reprodu\u00e7\u00e3o\/WhatsApp)<\/em><br \/>\n<\/br><\/p>\n<p><strong>Caminh\u00e3o solta o eixo e tomba em Joaquim Fel\u00edcio<\/strong><\/p>\n<p>Um caminh\u00e3o ba\u00fa carregado com diversas mercadorias de frete tombou na BR-135, em Joaquim Fel\u00edcio (MG), na noite dessa segunda-feira (26).<\/p>\n<p>De acordo com a PRF, o eixo traseiro do ve\u00edculo se soltou e o caminh\u00e3o tombou fora da pista. A pista n\u00e3o foi interditada. Quando a PRF chegou, o condutor n\u00e3o estava no local. Uma seguradora foi acionada para preservar a carga.<\/p>\n<p><img decoding=\"async\" src=\"http:\/\/aconteceunovale.com.br\/portal\/wp-content\/uploads\/2016\/12\/acidente_jf.jpg\" alt=\"\" \/><em>Cegonheira tombou pr\u00f3ximo ao trevo do Motel Sky (Foto: Reprodu\u00e7\u00e3o\/WhatsApp)<\/em><br \/>\n<\/br><\/p>\n<p><center><\/p>\n<h4>VER PRIMEIRO<\/h4>\n<p><strong>Receba as not\u00edcias do Aconteceu no Vale em primeira m\u00e3o. Acesse <a href=\"https:\/\/www.facebook.com\/aconteceunovale\" target=\"_blank\"><font color=\"red\">www.facebook.com\/aconteceunovale<\/font><\/a> e clique em curtir.<\/strong><\/center><\/p>\n<p><em>(Fonte: G1 Grande Minas)<\/em><\/p>\n","protected":false},"excerpt":{"rendered":"<p>O condutor de um caminh\u00e3o-cegonha, de 41 anos, foi preso depois de se envolver em um acidente na tarde dessa segunda-feira (26\/12\/2016), na BR-135, em Montes Claros. O caminh\u00e3o estava carregado de carros e tombou na pista. Durante o registro da ocorr\u00eancia, a Pol\u00edcia Rodovi\u00e1ria Federal (PRF) descobriu que havia um mandado de pris\u00e3o em [&hellip;]<\/p>\n","protected":false},"author":1,"featured_media":105306,"comment_status":"open","ping_status":"closed","sticky":false,"template":"","format":"standard","meta":{"amp_status":"","footnotes":""},"categories":[1236],"tags":[132778,132723,81203,29426,16673,1247,132776,132722,132721,1018,1043,210,132775,132777],"class_list":["post-105337","post","type-post","status-publish","format-standard","has-post-thumbnail","hentry","category-norte_de_minas","tag-acidente-com-caminhao-de-frete-em-joaquim-felicio","tag-acidente-com-cegonheira-em-montes-claros","tag-acidente-com-cegonheira-na-br-135","tag-acidente-em-joaquim-felicio","tag-acidente-em-montes-claros","tag-br-135","tag-caminhao-solta-o-eixo-e-tomba-em-joaquim-felicio","tag-cegonheira-tomba-em-montes-claros","tag-cegonheira-tomba-na-br-135-em-montes-claros","tag-destaque","tag-joaquim-felicio","tag-montes-claros","tag-motorista-de-cegonheira-que-tombou-em-montes-claros-e-preso-por-uso-de-cnh-falsa","tag-tombamento-de-caminhao-em-joaquim-felicio"],"yoast_head":"<!-- This site is optimized with the Yoast SEO plugin v28.3 - https:\/\/yoast.com\/product\/yoast-seo-wordpress\/ -->\n<title>Motorista de cegonheira que tombou em Montes Claros \u00e9 preso por uso de CNH falsa - Aconteceu no Vale<\/title>\n<meta name=\"robots\" content=\"index, follow, max-snippet:-1, max-image-preview:large, max-video-preview:-1\" \/>\n<link rel=\"canonical\" href=\"https:\/\/aconteceunovale.com.br\/portal\/?p=105337\" \/>\n<meta property=\"og:locale\" content=\"pt_BR\" \/>\n<meta property=\"og:type\" content=\"article\" \/>\n<meta property=\"og:title\" content=\"Motorista de cegonheira que tombou em Montes Claros \u00e9 preso por uso de CNH falsa - Aconteceu no Vale\" \/>\n<meta property=\"og:description\" content=\"O condutor de um caminh\u00e3o-cegonha, de 41 anos, foi preso depois de se envolver em um acidente na tarde dessa segunda-feira (26\/12\/2016), na BR-135, em Montes Claros. O caminh\u00e3o estava carregado de carros e tombou na pista. Durante o registro da ocorr\u00eancia, a Pol\u00edcia Rodovi\u00e1ria Federal (PRF) descobriu que havia um mandado de pris\u00e3o em [&hellip;]\" \/>\n<meta property=\"og:url\" content=\"https:\/\/aconteceunovale.com.br\/portal\/?p=105337\" \/>\n<meta property=\"og:site_name\" content=\"Aconteceu no Vale\" \/>\n<meta property=\"article:publisher\" content=\"https:\/\/www.facebook.com\/aconteceunovale\/\" \/>\n<meta property=\"article:published_time\" content=\"2016-12-27T13:29:43+00:00\" \/>\n<meta property=\"article:modified_time\" content=\"2016-12-28T13:12:26+00:00\" \/>\n<meta property=\"og:image\" content=\"https:\/\/aconteceunovale.com.br\/portal\/wp-content\/uploads\/2016\/12\/acidente_cegonheira_2.jpg\" \/>\n\t<meta property=\"og:image:width\" content=\"678\" \/>\n\t<meta property=\"og:image:height\" content=\"380\" \/>\n\t<meta property=\"og:image:type\" content=\"image\/jpeg\" \/>\n<meta name=\"author\" content=\"Aconteceu no Vale\" \/>\n<meta name=\"twitter:card\" content=\"summary_large_image\" \/>\n<meta name=\"twitter:creator\" content=\"@noticiadosvales\" \/>\n<meta name=\"twitter:site\" content=\"@noticiadosvales\" \/>\n<meta name=\"twitter:label1\" content=\"Escrito por\" \/>\n\t<meta name=\"twitter:data1\" content=\"Aconteceu no Vale\" \/>\n\t<meta name=\"twitter:label2\" content=\"Est. tempo de leitura\" \/>\n\t<meta name=\"twitter:data2\" content=\"1 minuto\" \/>\n<script type=\"application\/ld+json\" class=\"yoast-schema-graph\">{\"@context\":\"https:\\\/\\\/schema.org\",\"@graph\":[{\"@type\":\"Article\",\"@id\":\"https:\\\/\\\/aconteceunovale.com.br\\\/portal\\\/?p=105337#article\",\"isPartOf\":{\"@id\":\"https:\\\/\\\/aconteceunovale.com.br\\\/portal\\\/?p=105337\"},\"author\":{\"name\":\"Aconteceu no Vale\",\"@id\":\"https:\\\/\\\/aconteceunovale.com.br\\\/portal\\\/#\\\/schema\\\/person\\\/633529146f2c94272bef50ac2953d589\"},\"headline\":\"Motorista de cegonheira que tombou em Montes Claros \u00e9 preso por uso de CNH falsa\",\"datePublished\":\"2016-12-27T13:29:43+00:00\",\"dateModified\":\"2016-12-28T13:12:26+00:00\",\"mainEntityOfPage\":{\"@id\":\"https:\\\/\\\/aconteceunovale.com.br\\\/portal\\\/?p=105337\"},\"wordCount\":298,\"commentCount\":0,\"image\":{\"@id\":\"https:\\\/\\\/aconteceunovale.com.br\\\/portal\\\/?p=105337#primaryimage\"},\"thumbnailUrl\":\"https:\\\/\\\/aconteceunovale.com.br\\\/portal\\\/wp-content\\\/uploads\\\/2016\\\/12\\\/acidente_cegonheira_2.jpg\",\"keywords\":[\"Acidente com caminh\u00e3o de frete em Joaquim Fel\u00edcio\",\"Acidente com cegonheira em Montes Claros\",\"Acidente com cegonheira na br 135\",\"acidente em joaquim fel\u00edcio\",\"acidente em montes claros\",\"br 135\",\"Caminh\u00e3o solta o eixo e tomba em Joaquim Fel\u00edcio\",\"Cegonheira tomba em Montes Claros\",\"Cegonheira tomba na BR-135 em Montes Claros\",\"destaque\",\"Joaquim Fel\u00edcio\",\"Montes Claros\",\"Motorista de cegonheira que tombou em Montes Claros \u00e9 preso por uso de CNH falsa\",\"Tombamento de caminh\u00e3o em Joaquim Fel\u00edcio\"],\"articleSection\":[\"Norte de Minas\"],\"inLanguage\":\"pt-BR\",\"potentialAction\":[{\"@type\":\"CommentAction\",\"name\":\"Comment\",\"target\":[\"https:\\\/\\\/aconteceunovale.com.br\\\/portal\\\/?p=105337#respond\"]}]},{\"@type\":\"WebPage\",\"@id\":\"https:\\\/\\\/aconteceunovale.com.br\\\/portal\\\/?p=105337\",\"url\":\"https:\\\/\\\/aconteceunovale.com.br\\\/portal\\\/?p=105337\",\"name\":\"Motorista de cegonheira que tombou em Montes Claros \u00e9 preso por uso de CNH falsa - Aconteceu no Vale\",\"isPartOf\":{\"@id\":\"https:\\\/\\\/aconteceunovale.com.br\\\/portal\\\/#website\"},\"primaryImageOfPage\":{\"@id\":\"https:\\\/\\\/aconteceunovale.com.br\\\/portal\\\/?p=105337#primaryimage\"},\"image\":{\"@id\":\"https:\\\/\\\/aconteceunovale.com.br\\\/portal\\\/?p=105337#primaryimage\"},\"thumbnailUrl\":\"https:\\\/\\\/aconteceunovale.com.br\\\/portal\\\/wp-content\\\/uploads\\\/2016\\\/12\\\/acidente_cegonheira_2.jpg\",\"datePublished\":\"2016-12-27T13:29:43+00:00\",\"dateModified\":\"2016-12-28T13:12:26+00:00\",\"author\":{\"@id\":\"https:\\\/\\\/aconteceunovale.com.br\\\/portal\\\/#\\\/schema\\\/person\\\/633529146f2c94272bef50ac2953d589\"},\"breadcrumb\":{\"@id\":\"https:\\\/\\\/aconteceunovale.com.br\\\/portal\\\/?p=105337#breadcrumb\"},\"inLanguage\":\"pt-BR\",\"potentialAction\":[{\"@type\":\"ReadAction\",\"target\":[\"https:\\\/\\\/aconteceunovale.com.br\\\/portal\\\/?p=105337\"]}]},{\"@type\":\"ImageObject\",\"inLanguage\":\"pt-BR\",\"@id\":\"https:\\\/\\\/aconteceunovale.com.br\\\/portal\\\/?p=105337#primaryimage\",\"url\":\"https:\\\/\\\/aconteceunovale.com.br\\\/portal\\\/wp-content\\\/uploads\\\/2016\\\/12\\\/acidente_cegonheira_2.jpg\",\"contentUrl\":\"https:\\\/\\\/aconteceunovale.com.br\\\/portal\\\/wp-content\\\/uploads\\\/2016\\\/12\\\/acidente_cegonheira_2.jpg\",\"width\":678,\"height\":380},{\"@type\":\"BreadcrumbList\",\"@id\":\"https:\\\/\\\/aconteceunovale.com.br\\\/portal\\\/?p=105337#breadcrumb\",\"itemListElement\":[{\"@type\":\"ListItem\",\"position\":1,\"name\":\"In\u00edcio\",\"item\":\"https:\\\/\\\/aconteceunovale.com.br\\\/portal\\\/\"},{\"@type\":\"ListItem\",\"position\":2,\"name\":\"Motorista de cegonheira que tombou em Montes Claros \u00e9 preso por uso de CNH falsa\"}]},{\"@type\":\"WebSite\",\"@id\":\"https:\\\/\\\/aconteceunovale.com.br\\\/portal\\\/#website\",\"url\":\"https:\\\/\\\/aconteceunovale.com.br\\\/portal\\\/\",\"name\":\"Aconteceu no Vale\",\"description\":\"Portal de Not\u00edcias\",\"potentialAction\":[{\"@type\":\"SearchAction\",\"target\":{\"@type\":\"EntryPoint\",\"urlTemplate\":\"https:\\\/\\\/aconteceunovale.com.br\\\/portal\\\/?s={search_term_string}\"},\"query-input\":{\"@type\":\"PropertyValueSpecification\",\"valueRequired\":true,\"valueName\":\"search_term_string\"}}],\"inLanguage\":\"pt-BR\"},{\"@type\":\"Person\",\"@id\":\"https:\\\/\\\/aconteceunovale.com.br\\\/portal\\\/#\\\/schema\\\/person\\\/633529146f2c94272bef50ac2953d589\",\"name\":\"Aconteceu no Vale\",\"description\":\"Equipe de reportagem do Aconteceu no Vale, portal de not\u00edcias do Vale do Jequitinhonha, em Minas Gerais. Cobrimos as 51 cidades do Vale desde 2013. Sugest\u00f5es de pauta e pedidos de corre\u00e7\u00e3o: contato@aconteceunovale.com.br\",\"sameAs\":[\"http:\\\/\\\/www.aconteceunovale.com.br\"],\"url\":\"https:\\\/\\\/aconteceunovale.com.br\\\/portal\\\/?author=1\"}]}<\/script>\n<!-- \/ Yoast SEO plugin. -->","yoast_head_json":{"title":"Motorista de cegonheira que tombou em Montes Claros \u00e9 preso por uso de CNH falsa - Aconteceu no Vale","robots":{"index":"index","follow":"follow","max-snippet":"max-snippet:-1","max-image-preview":"max-image-preview:large","max-video-preview":"max-video-preview:-1"},"canonical":"https:\/\/aconteceunovale.com.br\/portal\/?p=105337","og_locale":"pt_BR","og_type":"article","og_title":"Motorista de cegonheira que tombou em Montes Claros \u00e9 preso por uso de CNH falsa - Aconteceu no Vale","og_description":"O condutor de um caminh\u00e3o-cegonha, de 41 anos, foi preso depois de se envolver em um acidente na tarde dessa segunda-feira (26\/12\/2016), na BR-135, em Montes Claros. O caminh\u00e3o estava carregado de carros e tombou na pista. Durante o registro da ocorr\u00eancia, a Pol\u00edcia Rodovi\u00e1ria Federal (PRF) descobriu que havia um mandado de pris\u00e3o em [&hellip;]","og_url":"https:\/\/aconteceunovale.com.br\/portal\/?p=105337","og_site_name":"Aconteceu no Vale","article_publisher":"https:\/\/www.facebook.com\/aconteceunovale\/","article_published_time":"2016-12-27T13:29:43+00:00","article_modified_time":"2016-12-28T13:12:26+00:00","og_image":[{"width":678,"height":380,"url":"https:\/\/aconteceunovale.com.br\/portal\/wp-content\/uploads\/2016\/12\/acidente_cegonheira_2.jpg","type":"image\/jpeg"}],"author":"Aconteceu no Vale","twitter_card":"summary_large_image","twitter_creator":"@noticiadosvales","twitter_site":"@noticiadosvales","twitter_misc":{"Escrito por":"Aconteceu no Vale","Est. tempo de leitura":"1 minuto"},"schema":{"@context":"https:\/\/schema.org","@graph":[{"@type":"Article","@id":"https:\/\/aconteceunovale.com.br\/portal\/?p=105337#article","isPartOf":{"@id":"https:\/\/aconteceunovale.com.br\/portal\/?p=105337"},"author":{"name":"Aconteceu no Vale","@id":"https:\/\/aconteceunovale.com.br\/portal\/#\/schema\/person\/633529146f2c94272bef50ac2953d589"},"headline":"Motorista de cegonheira que tombou em Montes Claros \u00e9 preso por uso de CNH falsa","datePublished":"2016-12-27T13:29:43+00:00","dateModified":"2016-12-28T13:12:26+00:00","mainEntityOfPage":{"@id":"https:\/\/aconteceunovale.com.br\/portal\/?p=105337"},"wordCount":298,"commentCount":0,"image":{"@id":"https:\/\/aconteceunovale.com.br\/portal\/?p=105337#primaryimage"},"thumbnailUrl":"https:\/\/aconteceunovale.com.br\/portal\/wp-content\/uploads\/2016\/12\/acidente_cegonheira_2.jpg","keywords":["Acidente com caminh\u00e3o de frete em Joaquim Fel\u00edcio","Acidente com cegonheira em Montes Claros","Acidente com cegonheira na br 135","acidente em joaquim fel\u00edcio","acidente em montes claros","br 135","Caminh\u00e3o solta o eixo e tomba em Joaquim Fel\u00edcio","Cegonheira tomba em Montes Claros","Cegonheira tomba na BR-135 em Montes Claros","destaque","Joaquim Fel\u00edcio","Montes Claros","Motorista de cegonheira que tombou em Montes Claros \u00e9 preso por uso de CNH falsa","Tombamento de caminh\u00e3o em Joaquim Fel\u00edcio"],"articleSection":["Norte de Minas"],"inLanguage":"pt-BR","potentialAction":[{"@type":"CommentAction","name":"Comment","target":["https:\/\/aconteceunovale.com.br\/portal\/?p=105337#respond"]}]},{"@type":"WebPage","@id":"https:\/\/aconteceunovale.com.br\/portal\/?p=105337","url":"https:\/\/aconteceunovale.com.br\/portal\/?p=105337","name":"Motorista de cegonheira que tombou em Montes Claros \u00e9 preso por uso de CNH falsa - Aconteceu no Vale","isPartOf":{"@id":"https:\/\/aconteceunovale.com.br\/portal\/#website"},"primaryImageOfPage":{"@id":"https:\/\/aconteceunovale.com.br\/portal\/?p=105337#primaryimage"},"image":{"@id":"https:\/\/aconteceunovale.com.br\/portal\/?p=105337#primaryimage"},"thumbnailUrl":"https:\/\/aconteceunovale.com.br\/portal\/wp-content\/uploads\/2016\/12\/acidente_cegonheira_2.jpg","datePublished":"2016-12-27T13:29:43+00:00","dateModified":"2016-12-28T13:12:26+00:00","author":{"@id":"https:\/\/aconteceunovale.com.br\/portal\/#\/schema\/person\/633529146f2c94272bef50ac2953d589"},"breadcrumb":{"@id":"https:\/\/aconteceunovale.com.br\/portal\/?p=105337#breadcrumb"},"inLanguage":"pt-BR","potentialAction":[{"@type":"ReadAction","target":["https:\/\/aconteceunovale.com.br\/portal\/?p=105337"]}]},{"@type":"ImageObject","inLanguage":"pt-BR","@id":"https:\/\/aconteceunovale.com.br\/portal\/?p=105337#primaryimage","url":"https:\/\/aconteceunovale.com.br\/portal\/wp-content\/uploads\/2016\/12\/acidente_cegonheira_2.jpg","contentUrl":"https:\/\/aconteceunovale.com.br\/portal\/wp-content\/uploads\/2016\/12\/acidente_cegonheira_2.jpg","width":678,"height":380},{"@type":"BreadcrumbList","@id":"https:\/\/aconteceunovale.com.br\/portal\/?p=105337#breadcrumb","itemListElement":[{"@type":"ListItem","position":1,"name":"In\u00edcio","item":"https:\/\/aconteceunovale.com.br\/portal\/"},{"@type":"ListItem","position":2,"name":"Motorista de cegonheira que tombou em Montes Claros \u00e9 preso por uso de CNH falsa"}]},{"@type":"WebSite","@id":"https:\/\/aconteceunovale.com.br\/portal\/#website","url":"https:\/\/aconteceunovale.com.br\/portal\/","name":"Aconteceu no Vale","description":"Portal de Not\u00edcias","potentialAction":[{"@type":"SearchAction","target":{"@type":"EntryPoint","urlTemplate":"https:\/\/aconteceunovale.com.br\/portal\/?s={search_term_string}"},"query-input":{"@type":"PropertyValueSpecification","valueRequired":true,"valueName":"search_term_string"}}],"inLanguage":"pt-BR"},{"@type":"Person","@id":"https:\/\/aconteceunovale.com.br\/portal\/#\/schema\/person\/633529146f2c94272bef50ac2953d589","name":"Aconteceu no Vale","description":"Equipe de reportagem do Aconteceu no Vale, portal de not\u00edcias do Vale do Jequitinhonha, em Minas Gerais. Cobrimos as 51 cidades do Vale desde 2013. Sugest\u00f5es de pauta e pedidos de corre\u00e7\u00e3o: contato@aconteceunovale.com.br","sameAs":["http:\/\/www.aconteceunovale.com.br"],"url":"https:\/\/aconteceunovale.com.br\/portal\/?author=1"}]}},"_links":{"self":[{"href":"https:\/\/aconteceunovale.com.br\/portal\/index.php?rest_route=\/wp\/v2\/posts\/105337","targetHints":{"allow":["GET"]}}],"collection":[{"href":"https:\/\/aconteceunovale.com.br\/portal\/index.php?rest_route=\/wp\/v2\/posts"}],"about":[{"href":"https:\/\/aconteceunovale.com.br\/portal\/index.php?rest_route=\/wp\/v2\/types\/post"}],"author":[{"embeddable":true,"href":"https:\/\/aconteceunovale.com.br\/portal\/index.php?rest_route=\/wp\/v2\/users\/1"}],"replies":[{"embeddable":true,"href":"https:\/\/aconteceunovale.com.br\/portal\/index.php?rest_route=%2Fwp%2Fv2%2Fcomments&post=105337"}],"version-history":[{"count":0,"href":"https:\/\/aconteceunovale.com.br\/portal\/index.php?rest_route=\/wp\/v2\/posts\/105337\/revisions"}],"wp:featuredmedia":[{"embeddable":true,"href":"https:\/\/aconteceunovale.com.br\/portal\/index.php?rest_route=\/wp\/v2\/media\/105306"}],"wp:attachment":[{"href":"https:\/\/aconteceunovale.com.br\/portal\/index.php?rest_route=%2Fwp%2Fv2%2Fmedia&parent=105337"}],"wp:term":[{"taxonomy":"category","embeddable":true,"href":"https:\/\/aconteceunovale.com.br\/portal\/index.php?rest_route=%2Fwp%2Fv2%2Fcategories&post=105337"},{"taxonomy":"post_tag","embeddable":true,"href":"https:\/\/aconteceunovale.com.br\/portal\/index.php?rest_route=%2Fwp%2Fv2%2Ftags&post=105337"}],"curies":[{"name":"wp","href":"https:\/\/api.w.org\/{rel}","templated":true}]}}