{"id":105324,"date":"2016-12-27T10:04:48","date_gmt":"2016-12-27T12:04:48","guid":{"rendered":"http:\/\/aconteceunovale.com.br\/portal\/?p=105324"},"modified":"2016-12-28T11:12:58","modified_gmt":"2016-12-28T13:12:58","slug":"graficas-da-chapa-dilma-e-temer-sao-alvos-de-operacao-da-policia-federal","status":"publish","type":"post","link":"https:\/\/aconteceunovale.com.br\/portal\/?p=105324","title":{"rendered":"Gr\u00e1ficas da chapa Dilma e Temer s\u00e3o alvos de opera\u00e7\u00e3o da Pol\u00edcia Federal"},"content":{"rendered":"<p>A pedido do Tribunal Superior Eleitoral (TSE), a Pol\u00edcia Federal cumpre hoje (27) mandados de busca e apreens\u00e3o em cerca de 20 endere\u00e7os localizados nos estados de S\u00e3o Paulo, Minas Gerais e Santa Catarina.<\/p>\n<p>A opera\u00e7\u00e3o investiga as empresas VTPB Servi\u00e7os Gr\u00e1ficos e M\u00eddia Exterior Ltda., Focal Confec\u00e7\u00e3o e Comunica\u00e7\u00e3o Visual Ltda. e Rede Seg Gr\u00e1fica Eireli, que prestaram servi\u00e7os para a campanha eleitoral da chapa da ex-presidente Dilma Rousseff e do presidente Michel Temer.<\/p>\n<p>Os mandados judiciais foram expedidos pelo ministro Herman Benjamin, relator do processo no TSE, que autorizou a quebra de sigilo fiscal de cerca de 15 pessoas jur\u00eddicas e f\u00edsicas que \u201cdemonstraram ind\u00edcios de irregularidades nos disp\u00eandios eleitorais\u201d. Os nomes n\u00e3o ser\u00e3o divulgados por quest\u00e3o de sigilo, segundo o Tribunal. \u00a0A \u00edntegra da decis\u00e3o est\u00e1 dispon\u00edvel\u00a0<a href=\"http:\/\/www.justicaeleitoral.jus.br\/arquivos\/tse-decisao-judicial\">no site do TSE<\/a>.<\/p>\n<p>A Pol\u00edcia Federal informou que n\u00e3o vai comentar a opera\u00e7\u00e3o.<\/p>\n<p><strong>A an\u00e1lise das contas<\/strong><\/p>\n<p>Em dezembro de 2014, as contas da campanha da ent\u00e3o presidenta Dilma Rousseff e de seu vice, Michel Temer, foram aprovadas com ressalvas, por unanimidade, no TSE.<\/p>\n<p>O processo, no entanto, foi reaberto porque o PSDB questionou a aprova\u00e7\u00e3o por entender que h\u00e1 irregularidades nas presta\u00e7\u00f5es de contas apresentadas por Dilma. Conforme entendimento atual do TSE, a presta\u00e7\u00e3o cont\u00e1bil da chapa \u00e9 julgada em conjunto.<\/p>\n<p>Na semana passada, o presidente do TSE, ministro Gilmar Mendes, disse que o processo em que o PSDB pede a cassa\u00e7\u00e3o da chapa Dilma-Temer poder\u00e1 ser julgado pela Corte ainda no primeiro semestre de 2017.<\/p>\n<p><img decoding=\"async\" alt=\"\" src=\"http:\/\/aconteceunovale.com.br\/portal\/wp-content\/uploads\/2016\/12\/dilma_temer.jpg\" \/><em>Gr\u00e1ficas da chapa Dilma e Temer s\u00e3o alvos de opera\u00e7\u00e3o (Foto: Lula Marques\/Ag\u00eancia PT)<\/em><br \/>\n<\/br><\/p>\n<p><center><\/p>\n<h4>VER PRIMEIRO<\/h4>\n<p><strong>Receba as not\u00edcias do Aconteceu no Vale em primeira m\u00e3o. Acesse <a href=\"https:\/\/www.facebook.com\/aconteceunovale\" target=\"_blank\"><font color=\"red\">www.facebook.com\/aconteceunovale<\/font><\/a> e clique em curtir.<\/strong><\/center><\/p>\n<p><em>(Fonte: Ag\u00eancia Brasil)<\/em><\/p>\n","protected":false},"excerpt":{"rendered":"<p>A pedido do Tribunal Superior Eleitoral (TSE), a Pol\u00edcia Federal cumpre hoje (27) mandados de busca e apreens\u00e3o em cerca de 20 endere\u00e7os localizados nos estados de S\u00e3o Paulo, Minas Gerais e Santa Catarina. A opera\u00e7\u00e3o investiga as empresas VTPB Servi\u00e7os Gr\u00e1ficos e M\u00eddia Exterior Ltda., Focal Confec\u00e7\u00e3o e Comunica\u00e7\u00e3o Visual Ltda. e Rede Seg [&hellip;]<\/p>\n","protected":false},"author":1,"featured_media":105325,"comment_status":"open","ping_status":"closed","sticky":false,"template":"","format":"standard","meta":{"amp_status":"","footnotes":""},"categories":[6,40240],"tags":[132829,132754,132830,2162,132758,132759,132760,94320,132755,20181,18914,132756,20966,18096,772,758,132757,94060,267],"class_list":["post-105324","post","type-post","status-publish","format-standard","has-post-thumbnail","hentry","category-br","category-politica","tag-analise-de-contas","tag-chapa-dilma-e-temer","tag-chapa-dilma-temer","tag-dilma-rousseff","tag-grafica-focal","tag-grafica-vtpb","tag-graficas-da-chapa-dilma-e-temer-sao-alvos-de-operacao-da-policia-federal","tag-herman-benjamin","tag-investigacao-chapa-dilma-e-temer","tag-michel-temer","tag-operacao","tag-operacao-chapa-dilma-e-temer","tag-pf","tag-pmdb","tag-policia-federal","tag-pt","tag-red-seg-grafica","tag-tribunal-superior-eleitoral","tag-tse"],"yoast_head":"<!-- This site is optimized with the Yoast SEO plugin v28.3 - https:\/\/yoast.com\/product\/yoast-seo-wordpress\/ -->\n<title>Gr\u00e1ficas da chapa Dilma e Temer s\u00e3o alvos de opera\u00e7\u00e3o da Pol\u00edcia Federal - Aconteceu no Vale<\/title>\n<meta name=\"robots\" content=\"index, follow, max-snippet:-1, max-image-preview:large, max-video-preview:-1\" \/>\n<link rel=\"canonical\" href=\"https:\/\/aconteceunovale.com.br\/portal\/?p=105324\" \/>\n<meta property=\"og:locale\" content=\"pt_BR\" \/>\n<meta property=\"og:type\" content=\"article\" \/>\n<meta property=\"og:title\" content=\"Gr\u00e1ficas da chapa Dilma e Temer s\u00e3o alvos de opera\u00e7\u00e3o da Pol\u00edcia Federal - Aconteceu no Vale\" \/>\n<meta property=\"og:description\" content=\"A pedido do Tribunal Superior Eleitoral (TSE), a Pol\u00edcia Federal cumpre hoje (27) mandados de busca e apreens\u00e3o em cerca de 20 endere\u00e7os localizados nos estados de S\u00e3o Paulo, Minas Gerais e Santa Catarina. A opera\u00e7\u00e3o investiga as empresas VTPB Servi\u00e7os Gr\u00e1ficos e M\u00eddia Exterior Ltda., Focal Confec\u00e7\u00e3o e Comunica\u00e7\u00e3o Visual Ltda. e Rede Seg [&hellip;]\" \/>\n<meta property=\"og:url\" content=\"https:\/\/aconteceunovale.com.br\/portal\/?p=105324\" \/>\n<meta property=\"og:site_name\" content=\"Aconteceu no Vale\" \/>\n<meta property=\"article:publisher\" content=\"https:\/\/www.facebook.com\/aconteceunovale\/\" \/>\n<meta property=\"article:published_time\" content=\"2016-12-27T12:04:48+00:00\" \/>\n<meta property=\"article:modified_time\" content=\"2016-12-28T13:12:58+00:00\" \/>\n<meta property=\"og:image\" content=\"https:\/\/aconteceunovale.com.br\/portal\/wp-content\/uploads\/2016\/12\/dilma_temer.jpg\" \/>\n\t<meta property=\"og:image:width\" content=\"620\" \/>\n\t<meta property=\"og:image:height\" content=\"420\" \/>\n\t<meta property=\"og:image:type\" content=\"image\/jpeg\" \/>\n<meta name=\"author\" content=\"Aconteceu no Vale\" \/>\n<meta name=\"twitter:card\" content=\"summary_large_image\" \/>\n<meta name=\"twitter:creator\" content=\"@noticiadosvales\" \/>\n<meta name=\"twitter:site\" content=\"@noticiadosvales\" \/>\n<meta name=\"twitter:label1\" content=\"Escrito por\" \/>\n\t<meta name=\"twitter:data1\" content=\"Aconteceu no Vale\" \/>\n\t<meta name=\"twitter:label2\" content=\"Est. tempo de leitura\" \/>\n\t<meta name=\"twitter:data2\" content=\"2 minutos\" \/>\n<script type=\"application\/ld+json\" class=\"yoast-schema-graph\">{\"@context\":\"https:\\\/\\\/schema.org\",\"@graph\":[{\"@type\":\"Article\",\"@id\":\"https:\\\/\\\/aconteceunovale.com.br\\\/portal\\\/?p=105324#article\",\"isPartOf\":{\"@id\":\"https:\\\/\\\/aconteceunovale.com.br\\\/portal\\\/?p=105324\"},\"author\":{\"name\":\"Aconteceu no Vale\",\"@id\":\"https:\\\/\\\/aconteceunovale.com.br\\\/portal\\\/#\\\/schema\\\/person\\\/633529146f2c94272bef50ac2953d589\"},\"headline\":\"Gr\u00e1ficas da chapa Dilma e Temer s\u00e3o alvos de opera\u00e7\u00e3o da Pol\u00edcia Federal\",\"datePublished\":\"2016-12-27T12:04:48+00:00\",\"dateModified\":\"2016-12-28T13:12:58+00:00\",\"mainEntityOfPage\":{\"@id\":\"https:\\\/\\\/aconteceunovale.com.br\\\/portal\\\/?p=105324\"},\"wordCount\":336,\"commentCount\":0,\"image\":{\"@id\":\"https:\\\/\\\/aconteceunovale.com.br\\\/portal\\\/?p=105324#primaryimage\"},\"thumbnailUrl\":\"https:\\\/\\\/aconteceunovale.com.br\\\/portal\\\/wp-content\\\/uploads\\\/2016\\\/12\\\/dilma_temer.jpg\",\"keywords\":[\"an\u00e1lise de contas\",\"chapa Dilma e Temer\",\"chapa Dilma-Temer\",\"Dilma Rousseff\",\"Gr\u00e1fica Focal\",\"Gr\u00e1fica VTPB\",\"Gr\u00e1ficas da chapa Dilma e Temer s\u00e3o alvos de opera\u00e7\u00e3o da Pol\u00edcia Federal\",\"Herman Benjamin\",\"Investiga\u00e7\u00e3o chapa Dilma e Temer\",\"Michel Temer\",\"opera\u00e7\u00e3o\",\"Opera\u00e7\u00e3o chapa Dilma e Temer\",\"PF\",\"PMDB\",\"pol\u00edcia federal\",\"PT\",\"Red Seg Gr\u00e1fica\",\"Tribunal Superior Eleitoral\",\"TSE\"],\"articleSection\":[\"Brasil\",\"Pol\u00edtica\"],\"inLanguage\":\"pt-BR\",\"potentialAction\":[{\"@type\":\"CommentAction\",\"name\":\"Comment\",\"target\":[\"https:\\\/\\\/aconteceunovale.com.br\\\/portal\\\/?p=105324#respond\"]}]},{\"@type\":\"WebPage\",\"@id\":\"https:\\\/\\\/aconteceunovale.com.br\\\/portal\\\/?p=105324\",\"url\":\"https:\\\/\\\/aconteceunovale.com.br\\\/portal\\\/?p=105324\",\"name\":\"Gr\u00e1ficas da chapa Dilma e Temer s\u00e3o alvos de opera\u00e7\u00e3o da Pol\u00edcia Federal - Aconteceu no Vale\",\"isPartOf\":{\"@id\":\"https:\\\/\\\/aconteceunovale.com.br\\\/portal\\\/#website\"},\"primaryImageOfPage\":{\"@id\":\"https:\\\/\\\/aconteceunovale.com.br\\\/portal\\\/?p=105324#primaryimage\"},\"image\":{\"@id\":\"https:\\\/\\\/aconteceunovale.com.br\\\/portal\\\/?p=105324#primaryimage\"},\"thumbnailUrl\":\"https:\\\/\\\/aconteceunovale.com.br\\\/portal\\\/wp-content\\\/uploads\\\/2016\\\/12\\\/dilma_temer.jpg\",\"datePublished\":\"2016-12-27T12:04:48+00:00\",\"dateModified\":\"2016-12-28T13:12:58+00:00\",\"author\":{\"@id\":\"https:\\\/\\\/aconteceunovale.com.br\\\/portal\\\/#\\\/schema\\\/person\\\/633529146f2c94272bef50ac2953d589\"},\"breadcrumb\":{\"@id\":\"https:\\\/\\\/aconteceunovale.com.br\\\/portal\\\/?p=105324#breadcrumb\"},\"inLanguage\":\"pt-BR\",\"potentialAction\":[{\"@type\":\"ReadAction\",\"target\":[\"https:\\\/\\\/aconteceunovale.com.br\\\/portal\\\/?p=105324\"]}]},{\"@type\":\"ImageObject\",\"inLanguage\":\"pt-BR\",\"@id\":\"https:\\\/\\\/aconteceunovale.com.br\\\/portal\\\/?p=105324#primaryimage\",\"url\":\"https:\\\/\\\/aconteceunovale.com.br\\\/portal\\\/wp-content\\\/uploads\\\/2016\\\/12\\\/dilma_temer.jpg\",\"contentUrl\":\"https:\\\/\\\/aconteceunovale.com.br\\\/portal\\\/wp-content\\\/uploads\\\/2016\\\/12\\\/dilma_temer.jpg\",\"width\":620,\"height\":420},{\"@type\":\"BreadcrumbList\",\"@id\":\"https:\\\/\\\/aconteceunovale.com.br\\\/portal\\\/?p=105324#breadcrumb\",\"itemListElement\":[{\"@type\":\"ListItem\",\"position\":1,\"name\":\"In\u00edcio\",\"item\":\"https:\\\/\\\/aconteceunovale.com.br\\\/portal\\\/\"},{\"@type\":\"ListItem\",\"position\":2,\"name\":\"Gr\u00e1ficas da chapa Dilma e Temer s\u00e3o alvos de opera\u00e7\u00e3o da Pol\u00edcia Federal\"}]},{\"@type\":\"WebSite\",\"@id\":\"https:\\\/\\\/aconteceunovale.com.br\\\/portal\\\/#website\",\"url\":\"https:\\\/\\\/aconteceunovale.com.br\\\/portal\\\/\",\"name\":\"Aconteceu no Vale\",\"description\":\"Portal de Not\u00edcias\",\"potentialAction\":[{\"@type\":\"SearchAction\",\"target\":{\"@type\":\"EntryPoint\",\"urlTemplate\":\"https:\\\/\\\/aconteceunovale.com.br\\\/portal\\\/?s={search_term_string}\"},\"query-input\":{\"@type\":\"PropertyValueSpecification\",\"valueRequired\":true,\"valueName\":\"search_term_string\"}}],\"inLanguage\":\"pt-BR\"},{\"@type\":\"Person\",\"@id\":\"https:\\\/\\\/aconteceunovale.com.br\\\/portal\\\/#\\\/schema\\\/person\\\/633529146f2c94272bef50ac2953d589\",\"name\":\"Aconteceu no Vale\",\"description\":\"Equipe de reportagem do Aconteceu no Vale, portal de not\u00edcias do Vale do Jequitinhonha, em Minas Gerais. Cobrimos as 51 cidades do Vale desde 2013. Sugest\u00f5es de pauta e pedidos de corre\u00e7\u00e3o: contato@aconteceunovale.com.br\",\"sameAs\":[\"http:\\\/\\\/www.aconteceunovale.com.br\"],\"url\":\"https:\\\/\\\/aconteceunovale.com.br\\\/portal\\\/?author=1\"}]}<\/script>\n<!-- \/ Yoast SEO plugin. -->","yoast_head_json":{"title":"Gr\u00e1ficas da chapa Dilma e Temer s\u00e3o alvos de opera\u00e7\u00e3o da Pol\u00edcia Federal - Aconteceu no Vale","robots":{"index":"index","follow":"follow","max-snippet":"max-snippet:-1","max-image-preview":"max-image-preview:large","max-video-preview":"max-video-preview:-1"},"canonical":"https:\/\/aconteceunovale.com.br\/portal\/?p=105324","og_locale":"pt_BR","og_type":"article","og_title":"Gr\u00e1ficas da chapa Dilma e Temer s\u00e3o alvos de opera\u00e7\u00e3o da Pol\u00edcia Federal - Aconteceu no Vale","og_description":"A pedido do Tribunal Superior Eleitoral (TSE), a Pol\u00edcia Federal cumpre hoje (27) mandados de busca e apreens\u00e3o em cerca de 20 endere\u00e7os localizados nos estados de S\u00e3o Paulo, Minas Gerais e Santa Catarina. A opera\u00e7\u00e3o investiga as empresas VTPB Servi\u00e7os Gr\u00e1ficos e M\u00eddia Exterior Ltda., Focal Confec\u00e7\u00e3o e Comunica\u00e7\u00e3o Visual Ltda. e Rede Seg [&hellip;]","og_url":"https:\/\/aconteceunovale.com.br\/portal\/?p=105324","og_site_name":"Aconteceu no Vale","article_publisher":"https:\/\/www.facebook.com\/aconteceunovale\/","article_published_time":"2016-12-27T12:04:48+00:00","article_modified_time":"2016-12-28T13:12:58+00:00","og_image":[{"width":620,"height":420,"url":"https:\/\/aconteceunovale.com.br\/portal\/wp-content\/uploads\/2016\/12\/dilma_temer.jpg","type":"image\/jpeg"}],"author":"Aconteceu no Vale","twitter_card":"summary_large_image","twitter_creator":"@noticiadosvales","twitter_site":"@noticiadosvales","twitter_misc":{"Escrito por":"Aconteceu no Vale","Est. tempo de leitura":"2 minutos"},"schema":{"@context":"https:\/\/schema.org","@graph":[{"@type":"Article","@id":"https:\/\/aconteceunovale.com.br\/portal\/?p=105324#article","isPartOf":{"@id":"https:\/\/aconteceunovale.com.br\/portal\/?p=105324"},"author":{"name":"Aconteceu no Vale","@id":"https:\/\/aconteceunovale.com.br\/portal\/#\/schema\/person\/633529146f2c94272bef50ac2953d589"},"headline":"Gr\u00e1ficas da chapa Dilma e Temer s\u00e3o alvos de opera\u00e7\u00e3o da Pol\u00edcia Federal","datePublished":"2016-12-27T12:04:48+00:00","dateModified":"2016-12-28T13:12:58+00:00","mainEntityOfPage":{"@id":"https:\/\/aconteceunovale.com.br\/portal\/?p=105324"},"wordCount":336,"commentCount":0,"image":{"@id":"https:\/\/aconteceunovale.com.br\/portal\/?p=105324#primaryimage"},"thumbnailUrl":"https:\/\/aconteceunovale.com.br\/portal\/wp-content\/uploads\/2016\/12\/dilma_temer.jpg","keywords":["an\u00e1lise de contas","chapa Dilma e Temer","chapa Dilma-Temer","Dilma Rousseff","Gr\u00e1fica Focal","Gr\u00e1fica VTPB","Gr\u00e1ficas da chapa Dilma e Temer s\u00e3o alvos de opera\u00e7\u00e3o da Pol\u00edcia Federal","Herman Benjamin","Investiga\u00e7\u00e3o chapa Dilma e Temer","Michel Temer","opera\u00e7\u00e3o","Opera\u00e7\u00e3o chapa Dilma e Temer","PF","PMDB","pol\u00edcia federal","PT","Red Seg Gr\u00e1fica","Tribunal Superior Eleitoral","TSE"],"articleSection":["Brasil","Pol\u00edtica"],"inLanguage":"pt-BR","potentialAction":[{"@type":"CommentAction","name":"Comment","target":["https:\/\/aconteceunovale.com.br\/portal\/?p=105324#respond"]}]},{"@type":"WebPage","@id":"https:\/\/aconteceunovale.com.br\/portal\/?p=105324","url":"https:\/\/aconteceunovale.com.br\/portal\/?p=105324","name":"Gr\u00e1ficas da chapa Dilma e Temer s\u00e3o alvos de opera\u00e7\u00e3o da Pol\u00edcia Federal - Aconteceu no Vale","isPartOf":{"@id":"https:\/\/aconteceunovale.com.br\/portal\/#website"},"primaryImageOfPage":{"@id":"https:\/\/aconteceunovale.com.br\/portal\/?p=105324#primaryimage"},"image":{"@id":"https:\/\/aconteceunovale.com.br\/portal\/?p=105324#primaryimage"},"thumbnailUrl":"https:\/\/aconteceunovale.com.br\/portal\/wp-content\/uploads\/2016\/12\/dilma_temer.jpg","datePublished":"2016-12-27T12:04:48+00:00","dateModified":"2016-12-28T13:12:58+00:00","author":{"@id":"https:\/\/aconteceunovale.com.br\/portal\/#\/schema\/person\/633529146f2c94272bef50ac2953d589"},"breadcrumb":{"@id":"https:\/\/aconteceunovale.com.br\/portal\/?p=105324#breadcrumb"},"inLanguage":"pt-BR","potentialAction":[{"@type":"ReadAction","target":["https:\/\/aconteceunovale.com.br\/portal\/?p=105324"]}]},{"@type":"ImageObject","inLanguage":"pt-BR","@id":"https:\/\/aconteceunovale.com.br\/portal\/?p=105324#primaryimage","url":"https:\/\/aconteceunovale.com.br\/portal\/wp-content\/uploads\/2016\/12\/dilma_temer.jpg","contentUrl":"https:\/\/aconteceunovale.com.br\/portal\/wp-content\/uploads\/2016\/12\/dilma_temer.jpg","width":620,"height":420},{"@type":"BreadcrumbList","@id":"https:\/\/aconteceunovale.com.br\/portal\/?p=105324#breadcrumb","itemListElement":[{"@type":"ListItem","position":1,"name":"In\u00edcio","item":"https:\/\/aconteceunovale.com.br\/portal\/"},{"@type":"ListItem","position":2,"name":"Gr\u00e1ficas da chapa Dilma e Temer s\u00e3o alvos de opera\u00e7\u00e3o da Pol\u00edcia Federal"}]},{"@type":"WebSite","@id":"https:\/\/aconteceunovale.com.br\/portal\/#website","url":"https:\/\/aconteceunovale.com.br\/portal\/","name":"Aconteceu no Vale","description":"Portal de Not\u00edcias","potentialAction":[{"@type":"SearchAction","target":{"@type":"EntryPoint","urlTemplate":"https:\/\/aconteceunovale.com.br\/portal\/?s={search_term_string}"},"query-input":{"@type":"PropertyValueSpecification","valueRequired":true,"valueName":"search_term_string"}}],"inLanguage":"pt-BR"},{"@type":"Person","@id":"https:\/\/aconteceunovale.com.br\/portal\/#\/schema\/person\/633529146f2c94272bef50ac2953d589","name":"Aconteceu no Vale","description":"Equipe de reportagem do Aconteceu no Vale, portal de not\u00edcias do Vale do Jequitinhonha, em Minas Gerais. Cobrimos as 51 cidades do Vale desde 2013. Sugest\u00f5es de pauta e pedidos de corre\u00e7\u00e3o: contato@aconteceunovale.com.br","sameAs":["http:\/\/www.aconteceunovale.com.br"],"url":"https:\/\/aconteceunovale.com.br\/portal\/?author=1"}]}},"_links":{"self":[{"href":"https:\/\/aconteceunovale.com.br\/portal\/index.php?rest_route=\/wp\/v2\/posts\/105324","targetHints":{"allow":["GET"]}}],"collection":[{"href":"https:\/\/aconteceunovale.com.br\/portal\/index.php?rest_route=\/wp\/v2\/posts"}],"about":[{"href":"https:\/\/aconteceunovale.com.br\/portal\/index.php?rest_route=\/wp\/v2\/types\/post"}],"author":[{"embeddable":true,"href":"https:\/\/aconteceunovale.com.br\/portal\/index.php?rest_route=\/wp\/v2\/users\/1"}],"replies":[{"embeddable":true,"href":"https:\/\/aconteceunovale.com.br\/portal\/index.php?rest_route=%2Fwp%2Fv2%2Fcomments&post=105324"}],"version-history":[{"count":0,"href":"https:\/\/aconteceunovale.com.br\/portal\/index.php?rest_route=\/wp\/v2\/posts\/105324\/revisions"}],"wp:featuredmedia":[{"embeddable":true,"href":"https:\/\/aconteceunovale.com.br\/portal\/index.php?rest_route=\/wp\/v2\/media\/105325"}],"wp:attachment":[{"href":"https:\/\/aconteceunovale.com.br\/portal\/index.php?rest_route=%2Fwp%2Fv2%2Fmedia&parent=105324"}],"wp:term":[{"taxonomy":"category","embeddable":true,"href":"https:\/\/aconteceunovale.com.br\/portal\/index.php?rest_route=%2Fwp%2Fv2%2Fcategories&post=105324"},{"taxonomy":"post_tag","embeddable":true,"href":"https:\/\/aconteceunovale.com.br\/portal\/index.php?rest_route=%2Fwp%2Fv2%2Ftags&post=105324"}],"curies":[{"name":"wp","href":"https:\/\/api.w.org\/{rel}","templated":true}]}}