{"id":105316,"date":"2016-12-26T22:25:23","date_gmt":"2016-12-27T00:25:23","guid":{"rendered":"http:\/\/aconteceunovale.com.br\/portal\/?p=105316"},"modified":"2026-09-02T17:02:41","modified_gmt":"2026-09-02T20:02:41","slug":"policia-civil-de-medina-prende-suspeito-de-estuprar-a-propria-filha-durante-10-anos","status":"publish","type":"post","link":"https:\/\/aconteceunovale.com.br\/portal\/?p=105316","title":{"rendered":"Pol\u00edcia Civil de Medina prende suspeito de estuprar a pr\u00f3pria filha durante 10 anos"},"content":{"rendered":"<p>A Pol\u00edcia Civil de Minas Gerais, por meio da Delegacia de Medina, prendeu na tarde desta segunda-feira (26\/12\/2016) o suspeito J.R.A, de 44 anos. O homem \u00e9 suspeito de estuprar a pr\u00f3pria filha durante dez anos, desde que ela tinha cinco anos de idade. O crime foi divulgado pelo Aconteceu no Vale no dia 22 deste m\u00eas e gerou enorme repercuss\u00e3o no Vale do Jequitinhonha e em todo o Estado.<\/p>\n<p>Conforme apurado pelo Aconteceu no Vale, a adolescente de 15 anos procurou a Pol\u00edcia Militar (PM) na tarde da \u00faltima quarta-feira (21) e informou que o pai a estuprava desde a inf\u00e2ncia. Militares se deslocaram at\u00e9 o local de servi\u00e7o do suspeito, em um estabelecimento comercial localizado na Pra\u00e7a Max Machado, e o conduziu \u00e0 Delegacia da Pol\u00edcia Civil.<\/p>\n<p>De acordo com o Delegado Thiago de Carvalho Passos, J.R.A foi ouvido e liberado por n\u00e3o se encontrar em estado de flagrante. No entanto, a Pol\u00edcia Civil representou pela decreta\u00e7\u00e3o da pris\u00e3o preventiva dele, tendo o Minist\u00e9rio P\u00fablico manifestado favoravelmente e na sexta-feira (23), o Poder Judici\u00e1rio decretou a captura.<\/p>\n<p>Ainda segundo o Delegado Thiago de Carvalho, a Pol\u00edcia Civil de Medina diligenciou por todo o fim de semana e logrou \u00eaxito em localizar J.R.A nesta tarde na resid\u00eancia de sua genitora. Ele ser\u00e1 encaminhado ao Pres\u00eddio de Itaobim, onde permanecer\u00e1 \u00e0 disposi\u00e7\u00e3o da Justi\u00e7a.<\/p>\n<p>&#8220;O inqu\u00e9rito policial que apura o fato ser\u00e1 conclu\u00eddo e remetido ainda nesta semana \u00e0 Justi\u00e7a.&#8221;, informou Dr. Thiago em nota divulgada na noite desta segunda-feira.<\/p>\n<p><img decoding=\"async\" src=\"http:\/\/aconteceunovale.com.br\/portal\/wp-content\/uploads\/2016\/11\/preso.jpg\" alt=\"\" \/><em>Homem ser\u00e1 encaminhado ao Pres\u00eddio de Itaobim (Reprodu\u00e7\u00e3o)<\/em><\/p>\n","protected":false},"excerpt":{"rendered":"<p>A Pol\u00edcia Civil de Minas Gerais, por meio da Delegacia de Medina, prendeu na tarde desta segunda-feira (26\/12\/2016) o suspeito J.R.A, de 44 anos. O homem \u00e9 suspeito de estuprar a pr\u00f3pria filha durante dez anos, desde que ela tinha cinco anos de idade. O crime foi divulgado pelo Aconteceu no Vale no dia 22 [&hellip;]<\/p>\n","protected":false},"author":1,"featured_media":102361,"comment_status":"open","ping_status":"closed","sticky":false,"template":"","format":"standard","meta":{"amp_status":"","footnotes":""},"categories":[272560,120],"tags":[131913,53950,131912,131916,389,131918,131917,131914,132738,131915],"class_list":["post-105316","post","type-post","status-publish","format-standard","has-post-thumbnail","hentry","category-medina","category-jequi","tag-estuprador-medina","tag-filha-estuprada-pelo-pai-em-medina","tag-homem-que-estuprava-filha-desde-a-infancia-e-preso-em-medina","tag-jerimarques-rodrigues-de-aguilar","tag-medina","tag-pai-e-preso-suspeito-de-estuprar-filha-desde-a-infancia-em-medina","tag-pai-estuprador-de-medina","tag-pai-estuprador-medina","tag-policia-civil-de-medina-prende-suspeito-de-estuprar-a-propria-filha-durante-10-anos","tag-preso-por-estupro-em-medina"],"yoast_head":"<!-- This site is optimized with the Yoast SEO plugin v28.3 - https:\/\/yoast.com\/product\/yoast-seo-wordpress\/ -->\n<title>Pol\u00edcia Civil de Medina prende suspeito de estuprar a pr\u00f3pria filha durante 10 anos - Aconteceu no Vale<\/title>\n<meta name=\"robots\" content=\"index, follow, max-snippet:-1, max-image-preview:large, max-video-preview:-1\" \/>\n<link rel=\"canonical\" href=\"https:\/\/aconteceunovale.com.br\/portal\/?p=105316\" \/>\n<meta property=\"og:locale\" content=\"pt_BR\" \/>\n<meta property=\"og:type\" content=\"article\" \/>\n<meta property=\"og:title\" content=\"Pol\u00edcia Civil de Medina prende suspeito de estuprar a pr\u00f3pria filha durante 10 anos - Aconteceu no Vale\" \/>\n<meta property=\"og:description\" content=\"A Pol\u00edcia Civil de Minas Gerais, por meio da Delegacia de Medina, prendeu na tarde desta segunda-feira (26\/12\/2016) o suspeito J.R.A, de 44 anos. O homem \u00e9 suspeito de estuprar a pr\u00f3pria filha durante dez anos, desde que ela tinha cinco anos de idade. O crime foi divulgado pelo Aconteceu no Vale no dia 22 [&hellip;]\" \/>\n<meta property=\"og:url\" content=\"https:\/\/aconteceunovale.com.br\/portal\/?p=105316\" \/>\n<meta property=\"og:site_name\" content=\"Aconteceu no Vale\" \/>\n<meta property=\"article:publisher\" content=\"https:\/\/www.facebook.com\/aconteceunovale\/\" \/>\n<meta property=\"article:published_time\" content=\"2016-12-27T00:25:23+00:00\" \/>\n<meta property=\"article:modified_time\" content=\"2026-09-02T20:02:41+00:00\" \/>\n<meta property=\"og:image\" content=\"https:\/\/aconteceunovale.com.br\/portal\/wp-content\/uploads\/2016\/11\/preso.jpg\" \/>\n\t<meta property=\"og:image:width\" content=\"648\" \/>\n\t<meta property=\"og:image:height\" content=\"384\" \/>\n\t<meta property=\"og:image:type\" content=\"image\/jpeg\" \/>\n<meta name=\"author\" content=\"Aconteceu no Vale\" \/>\n<meta name=\"twitter:card\" content=\"summary_large_image\" \/>\n<meta name=\"twitter:creator\" content=\"@noticiadosvales\" \/>\n<meta name=\"twitter:site\" content=\"@noticiadosvales\" \/>\n<meta name=\"twitter:label1\" content=\"Escrito por\" \/>\n\t<meta name=\"twitter:data1\" content=\"Aconteceu no Vale\" \/>\n\t<meta name=\"twitter:label2\" content=\"Est. tempo de leitura\" \/>\n\t<meta name=\"twitter:data2\" content=\"1 minuto\" \/>\n<script type=\"application\/ld+json\" class=\"yoast-schema-graph\">{\"@context\":\"https:\\\/\\\/schema.org\",\"@graph\":[{\"@type\":\"Article\",\"@id\":\"https:\\\/\\\/aconteceunovale.com.br\\\/portal\\\/?p=105316#article\",\"isPartOf\":{\"@id\":\"https:\\\/\\\/aconteceunovale.com.br\\\/portal\\\/?p=105316\"},\"author\":{\"name\":\"Aconteceu no Vale\",\"@id\":\"https:\\\/\\\/aconteceunovale.com.br\\\/portal\\\/#\\\/schema\\\/person\\\/633529146f2c94272bef50ac2953d589\"},\"headline\":\"Pol\u00edcia Civil de Medina prende suspeito de estuprar a pr\u00f3pria filha durante 10 anos\",\"datePublished\":\"2016-12-27T00:25:23+00:00\",\"dateModified\":\"2026-09-02T20:02:41+00:00\",\"mainEntityOfPage\":{\"@id\":\"https:\\\/\\\/aconteceunovale.com.br\\\/portal\\\/?p=105316\"},\"wordCount\":295,\"commentCount\":0,\"image\":{\"@id\":\"https:\\\/\\\/aconteceunovale.com.br\\\/portal\\\/?p=105316#primaryimage\"},\"thumbnailUrl\":\"https:\\\/\\\/aconteceunovale.com.br\\\/portal\\\/wp-content\\\/uploads\\\/2016\\\/11\\\/preso.jpg\",\"keywords\":[\"Estuprador Medina\",\"filha estuprada pelo pai em medina\",\"Homem que estuprava filha desde a inf\u00e2ncia \u00e9 preso em Medina\",\"Jerimarques Rodrigues de Aguilar\",\"Medina\",\"Pai \u00e9 preso suspeito de estuprar filha desde a inf\u00e2ncia em Medina\",\"pai estuprador de medina\",\"Pai estuprador Medina\",\"Pol\u00edcia Civil de Medina prende suspeito de estuprar a pr\u00f3pria filha durante 10 anos\",\"Preso por estupro em Medina\"],\"articleSection\":[\"Medina\",\"Vale do Jequitinhonha\"],\"inLanguage\":\"pt-BR\",\"potentialAction\":[{\"@type\":\"CommentAction\",\"name\":\"Comment\",\"target\":[\"https:\\\/\\\/aconteceunovale.com.br\\\/portal\\\/?p=105316#respond\"]}]},{\"@type\":\"WebPage\",\"@id\":\"https:\\\/\\\/aconteceunovale.com.br\\\/portal\\\/?p=105316\",\"url\":\"https:\\\/\\\/aconteceunovale.com.br\\\/portal\\\/?p=105316\",\"name\":\"Pol\u00edcia Civil de Medina prende suspeito de estuprar a pr\u00f3pria filha durante 10 anos - Aconteceu no Vale\",\"isPartOf\":{\"@id\":\"https:\\\/\\\/aconteceunovale.com.br\\\/portal\\\/#website\"},\"primaryImageOfPage\":{\"@id\":\"https:\\\/\\\/aconteceunovale.com.br\\\/portal\\\/?p=105316#primaryimage\"},\"image\":{\"@id\":\"https:\\\/\\\/aconteceunovale.com.br\\\/portal\\\/?p=105316#primaryimage\"},\"thumbnailUrl\":\"https:\\\/\\\/aconteceunovale.com.br\\\/portal\\\/wp-content\\\/uploads\\\/2016\\\/11\\\/preso.jpg\",\"datePublished\":\"2016-12-27T00:25:23+00:00\",\"dateModified\":\"2026-09-02T20:02:41+00:00\",\"author\":{\"@id\":\"https:\\\/\\\/aconteceunovale.com.br\\\/portal\\\/#\\\/schema\\\/person\\\/633529146f2c94272bef50ac2953d589\"},\"breadcrumb\":{\"@id\":\"https:\\\/\\\/aconteceunovale.com.br\\\/portal\\\/?p=105316#breadcrumb\"},\"inLanguage\":\"pt-BR\",\"potentialAction\":[{\"@type\":\"ReadAction\",\"target\":[\"https:\\\/\\\/aconteceunovale.com.br\\\/portal\\\/?p=105316\"]}]},{\"@type\":\"ImageObject\",\"inLanguage\":\"pt-BR\",\"@id\":\"https:\\\/\\\/aconteceunovale.com.br\\\/portal\\\/?p=105316#primaryimage\",\"url\":\"https:\\\/\\\/aconteceunovale.com.br\\\/portal\\\/wp-content\\\/uploads\\\/2016\\\/11\\\/preso.jpg\",\"contentUrl\":\"https:\\\/\\\/aconteceunovale.com.br\\\/portal\\\/wp-content\\\/uploads\\\/2016\\\/11\\\/preso.jpg\",\"width\":648,\"height\":384},{\"@type\":\"BreadcrumbList\",\"@id\":\"https:\\\/\\\/aconteceunovale.com.br\\\/portal\\\/?p=105316#breadcrumb\",\"itemListElement\":[{\"@type\":\"ListItem\",\"position\":1,\"name\":\"In\u00edcio\",\"item\":\"https:\\\/\\\/aconteceunovale.com.br\\\/portal\\\/\"},{\"@type\":\"ListItem\",\"position\":2,\"name\":\"Pol\u00edcia Civil de Medina prende suspeito de estuprar a pr\u00f3pria filha durante 10 anos\"}]},{\"@type\":\"WebSite\",\"@id\":\"https:\\\/\\\/aconteceunovale.com.br\\\/portal\\\/#website\",\"url\":\"https:\\\/\\\/aconteceunovale.com.br\\\/portal\\\/\",\"name\":\"Aconteceu no Vale\",\"description\":\"Portal de Not\u00edcias\",\"potentialAction\":[{\"@type\":\"SearchAction\",\"target\":{\"@type\":\"EntryPoint\",\"urlTemplate\":\"https:\\\/\\\/aconteceunovale.com.br\\\/portal\\\/?s={search_term_string}\"},\"query-input\":{\"@type\":\"PropertyValueSpecification\",\"valueRequired\":true,\"valueName\":\"search_term_string\"}}],\"inLanguage\":\"pt-BR\"},{\"@type\":\"Person\",\"@id\":\"https:\\\/\\\/aconteceunovale.com.br\\\/portal\\\/#\\\/schema\\\/person\\\/633529146f2c94272bef50ac2953d589\",\"name\":\"Aconteceu no Vale\",\"description\":\"Equipe de reportagem do Aconteceu no Vale, portal de not\u00edcias do Vale do Jequitinhonha, em Minas Gerais. Cobrimos as 51 cidades do Vale desde 2013. Sugest\u00f5es de pauta e pedidos de corre\u00e7\u00e3o: contato@aconteceunovale.com.br\",\"sameAs\":[\"http:\\\/\\\/www.aconteceunovale.com.br\"],\"url\":\"https:\\\/\\\/aconteceunovale.com.br\\\/portal\\\/?author=1\"}]}<\/script>\n<!-- \/ Yoast SEO plugin. -->","yoast_head_json":{"title":"Pol\u00edcia Civil de Medina prende suspeito de estuprar a pr\u00f3pria filha durante 10 anos - Aconteceu no Vale","robots":{"index":"index","follow":"follow","max-snippet":"max-snippet:-1","max-image-preview":"max-image-preview:large","max-video-preview":"max-video-preview:-1"},"canonical":"https:\/\/aconteceunovale.com.br\/portal\/?p=105316","og_locale":"pt_BR","og_type":"article","og_title":"Pol\u00edcia Civil de Medina prende suspeito de estuprar a pr\u00f3pria filha durante 10 anos - Aconteceu no Vale","og_description":"A Pol\u00edcia Civil de Minas Gerais, por meio da Delegacia de Medina, prendeu na tarde desta segunda-feira (26\/12\/2016) o suspeito J.R.A, de 44 anos. O homem \u00e9 suspeito de estuprar a pr\u00f3pria filha durante dez anos, desde que ela tinha cinco anos de idade. O crime foi divulgado pelo Aconteceu no Vale no dia 22 [&hellip;]","og_url":"https:\/\/aconteceunovale.com.br\/portal\/?p=105316","og_site_name":"Aconteceu no Vale","article_publisher":"https:\/\/www.facebook.com\/aconteceunovale\/","article_published_time":"2016-12-27T00:25:23+00:00","article_modified_time":"2026-09-02T20:02:41+00:00","og_image":[{"width":648,"height":384,"url":"https:\/\/aconteceunovale.com.br\/portal\/wp-content\/uploads\/2016\/11\/preso.jpg","type":"image\/jpeg"}],"author":"Aconteceu no Vale","twitter_card":"summary_large_image","twitter_creator":"@noticiadosvales","twitter_site":"@noticiadosvales","twitter_misc":{"Escrito por":"Aconteceu no Vale","Est. tempo de leitura":"1 minuto"},"schema":{"@context":"https:\/\/schema.org","@graph":[{"@type":"Article","@id":"https:\/\/aconteceunovale.com.br\/portal\/?p=105316#article","isPartOf":{"@id":"https:\/\/aconteceunovale.com.br\/portal\/?p=105316"},"author":{"name":"Aconteceu no Vale","@id":"https:\/\/aconteceunovale.com.br\/portal\/#\/schema\/person\/633529146f2c94272bef50ac2953d589"},"headline":"Pol\u00edcia Civil de Medina prende suspeito de estuprar a pr\u00f3pria filha durante 10 anos","datePublished":"2016-12-27T00:25:23+00:00","dateModified":"2026-09-02T20:02:41+00:00","mainEntityOfPage":{"@id":"https:\/\/aconteceunovale.com.br\/portal\/?p=105316"},"wordCount":295,"commentCount":0,"image":{"@id":"https:\/\/aconteceunovale.com.br\/portal\/?p=105316#primaryimage"},"thumbnailUrl":"https:\/\/aconteceunovale.com.br\/portal\/wp-content\/uploads\/2016\/11\/preso.jpg","keywords":["Estuprador Medina","filha estuprada pelo pai em medina","Homem que estuprava filha desde a inf\u00e2ncia \u00e9 preso em Medina","Jerimarques Rodrigues de Aguilar","Medina","Pai \u00e9 preso suspeito de estuprar filha desde a inf\u00e2ncia em Medina","pai estuprador de medina","Pai estuprador Medina","Pol\u00edcia Civil de Medina prende suspeito de estuprar a pr\u00f3pria filha durante 10 anos","Preso por estupro em Medina"],"articleSection":["Medina","Vale do Jequitinhonha"],"inLanguage":"pt-BR","potentialAction":[{"@type":"CommentAction","name":"Comment","target":["https:\/\/aconteceunovale.com.br\/portal\/?p=105316#respond"]}]},{"@type":"WebPage","@id":"https:\/\/aconteceunovale.com.br\/portal\/?p=105316","url":"https:\/\/aconteceunovale.com.br\/portal\/?p=105316","name":"Pol\u00edcia Civil de Medina prende suspeito de estuprar a pr\u00f3pria filha durante 10 anos - Aconteceu no Vale","isPartOf":{"@id":"https:\/\/aconteceunovale.com.br\/portal\/#website"},"primaryImageOfPage":{"@id":"https:\/\/aconteceunovale.com.br\/portal\/?p=105316#primaryimage"},"image":{"@id":"https:\/\/aconteceunovale.com.br\/portal\/?p=105316#primaryimage"},"thumbnailUrl":"https:\/\/aconteceunovale.com.br\/portal\/wp-content\/uploads\/2016\/11\/preso.jpg","datePublished":"2016-12-27T00:25:23+00:00","dateModified":"2026-09-02T20:02:41+00:00","author":{"@id":"https:\/\/aconteceunovale.com.br\/portal\/#\/schema\/person\/633529146f2c94272bef50ac2953d589"},"breadcrumb":{"@id":"https:\/\/aconteceunovale.com.br\/portal\/?p=105316#breadcrumb"},"inLanguage":"pt-BR","potentialAction":[{"@type":"ReadAction","target":["https:\/\/aconteceunovale.com.br\/portal\/?p=105316"]}]},{"@type":"ImageObject","inLanguage":"pt-BR","@id":"https:\/\/aconteceunovale.com.br\/portal\/?p=105316#primaryimage","url":"https:\/\/aconteceunovale.com.br\/portal\/wp-content\/uploads\/2016\/11\/preso.jpg","contentUrl":"https:\/\/aconteceunovale.com.br\/portal\/wp-content\/uploads\/2016\/11\/preso.jpg","width":648,"height":384},{"@type":"BreadcrumbList","@id":"https:\/\/aconteceunovale.com.br\/portal\/?p=105316#breadcrumb","itemListElement":[{"@type":"ListItem","position":1,"name":"In\u00edcio","item":"https:\/\/aconteceunovale.com.br\/portal\/"},{"@type":"ListItem","position":2,"name":"Pol\u00edcia Civil de Medina prende suspeito de estuprar a pr\u00f3pria filha durante 10 anos"}]},{"@type":"WebSite","@id":"https:\/\/aconteceunovale.com.br\/portal\/#website","url":"https:\/\/aconteceunovale.com.br\/portal\/","name":"Aconteceu no Vale","description":"Portal de Not\u00edcias","potentialAction":[{"@type":"SearchAction","target":{"@type":"EntryPoint","urlTemplate":"https:\/\/aconteceunovale.com.br\/portal\/?s={search_term_string}"},"query-input":{"@type":"PropertyValueSpecification","valueRequired":true,"valueName":"search_term_string"}}],"inLanguage":"pt-BR"},{"@type":"Person","@id":"https:\/\/aconteceunovale.com.br\/portal\/#\/schema\/person\/633529146f2c94272bef50ac2953d589","name":"Aconteceu no Vale","description":"Equipe de reportagem do Aconteceu no Vale, portal de not\u00edcias do Vale do Jequitinhonha, em Minas Gerais. Cobrimos as 51 cidades do Vale desde 2013. Sugest\u00f5es de pauta e pedidos de corre\u00e7\u00e3o: contato@aconteceunovale.com.br","sameAs":["http:\/\/www.aconteceunovale.com.br"],"url":"https:\/\/aconteceunovale.com.br\/portal\/?author=1"}]}},"_links":{"self":[{"href":"https:\/\/aconteceunovale.com.br\/portal\/index.php?rest_route=\/wp\/v2\/posts\/105316","targetHints":{"allow":["GET"]}}],"collection":[{"href":"https:\/\/aconteceunovale.com.br\/portal\/index.php?rest_route=\/wp\/v2\/posts"}],"about":[{"href":"https:\/\/aconteceunovale.com.br\/portal\/index.php?rest_route=\/wp\/v2\/types\/post"}],"author":[{"embeddable":true,"href":"https:\/\/aconteceunovale.com.br\/portal\/index.php?rest_route=\/wp\/v2\/users\/1"}],"replies":[{"embeddable":true,"href":"https:\/\/aconteceunovale.com.br\/portal\/index.php?rest_route=%2Fwp%2Fv2%2Fcomments&post=105316"}],"version-history":[{"count":1,"href":"https:\/\/aconteceunovale.com.br\/portal\/index.php?rest_route=\/wp\/v2\/posts\/105316\/revisions"}],"predecessor-version":[{"id":202100,"href":"https:\/\/aconteceunovale.com.br\/portal\/index.php?rest_route=\/wp\/v2\/posts\/105316\/revisions\/202100"}],"wp:featuredmedia":[{"embeddable":true,"href":"https:\/\/aconteceunovale.com.br\/portal\/index.php?rest_route=\/wp\/v2\/media\/102361"}],"wp:attachment":[{"href":"https:\/\/aconteceunovale.com.br\/portal\/index.php?rest_route=%2Fwp%2Fv2%2Fmedia&parent=105316"}],"wp:term":[{"taxonomy":"category","embeddable":true,"href":"https:\/\/aconteceunovale.com.br\/portal\/index.php?rest_route=%2Fwp%2Fv2%2Fcategories&post=105316"},{"taxonomy":"post_tag","embeddable":true,"href":"https:\/\/aconteceunovale.com.br\/portal\/index.php?rest_route=%2Fwp%2Fv2%2Ftags&post=105316"}],"curies":[{"name":"wp","href":"https:\/\/api.w.org\/{rel}","templated":true}]}}