{"id":105295,"date":"2016-12-26T19:53:49","date_gmt":"2016-12-26T21:53:49","guid":{"rendered":"http:\/\/aconteceunovale.com.br\/portal\/?p=105295"},"modified":"2016-12-26T23:04:51","modified_gmt":"2016-12-27T01:04:51","slug":"colisao-entre-carro-e-caminhao-deixa-tres-mortos-na-br-381-na-regiao-central-de-minas","status":"publish","type":"post","link":"https:\/\/aconteceunovale.com.br\/portal\/?p=105295","title":{"rendered":"Colis\u00e3o entre carro e caminh\u00e3o deixa tr\u00eas mortos na BR-381, na regi\u00e3o Central de Minas"},"content":{"rendered":"<p>Tr\u00eas pessoas morreram e uma ficou ferida em um grave acidente envolvendo um carro e um caminh\u00e3o, na tarde desta segunda-feira (26\/12\/2016), no quil\u00f4metro 386 da BR-381, pr\u00f3ximo a S\u00e3o Gon\u00e7alo do Rio Abaixo, na Regi\u00e3o Central de Minas Gerais.<\/p>\n<p>Segundo informa\u00e7\u00f5es da Pol\u00edcia Rodovi\u00e1ria Federal (PRF), o Fiat Palio, placa HFI-2610 de Esmeraldas, e um caminh\u00e3o tanque, placa HEH-4405 de Contagem, colidiram frontalmente. Ant\u00f4nio Carlos Viana Lima, de 22 anos, Cleusa Alves Viana, de 38, e uma crian\u00e7a n\u00e3o resistiram aos graves ferimentos e faleceram no local. <\/p>\n<p>Daiane Rodrigues Viana, de 18 anos, que tamb\u00e9m estava no autom\u00f3vel, foi socorrida com ferimentos graves e encaminhada para um hospital da regi\u00e3o.<\/p>\n<p>A Per\u00edcia T\u00e9cnica da Pol\u00edcia Civil foi acionada e ap\u00f3s os trabalhos de praxe, os corpos foram encaminhados para o Instituto M\u00e9dico Legal (IML).<\/p>\n<p><img decoding=\"async\" src=\"http:\/\/aconteceunovale.com.br\/portal\/wp-content\/uploads\/2016\/12\/acidente_381_26dez_1.jpg\" alt=\"\" \/><em>Acidente aconteceu no km 386 da BR-381 (Foto: Reprodu\u00e7\u00e3o\/Atila Lemos)<\/em><br \/>\n<\/br><\/p>\n<p><img decoding=\"async\" src=\"http:\/\/aconteceunovale.com.br\/portal\/wp-content\/uploads\/2016\/12\/acidente_381_26dez_2.jpg\" alt=\"\" \/><em>Acidente aconteceu no km 386 da BR-381 (Foto: Reprodu\u00e7\u00e3o\/Atila Lemos)<\/em><\/p>\n","protected":false},"excerpt":{"rendered":"<p>Tr\u00eas pessoas morreram e uma ficou ferida em um grave acidente envolvendo um carro e um caminh\u00e3o, na tarde desta segunda-feira (26\/12\/2016), no quil\u00f4metro 386 da BR-381, pr\u00f3ximo a S\u00e3o Gon\u00e7alo do Rio Abaixo, na Regi\u00e3o Central de Minas Gerais. Segundo informa\u00e7\u00f5es da Pol\u00edcia Rodovi\u00e1ria Federal (PRF), o Fiat Palio, placa HFI-2610 de Esmeraldas, e [&hellip;]<\/p>\n","protected":false},"author":1,"featured_media":105296,"comment_status":"open","ping_status":"closed","sticky":false,"template":"","format":"standard","meta":{"amp_status":"","footnotes":""},"categories":[123],"tags":[132716,9072,8237,132713,132715,132740,1397,132739,132712,132714,956,132741,1492],"class_list":["post-105295","post","type-post","status-publish","format-standard","has-post-thumbnail","hentry","category-gerais","tag-acidente-caminhao-rapido-resende","tag-acidente-em-sao-goncalo-do-rio-abaixo","tag-acidente-na-br-381","tag-acidente-na-br-381-em-sao-goncalo-do-rio-abaixo","tag-acidente-rapido-resende","tag-antonio-carlos-viana-lima","tag-br-381","tag-cleusa-alves-viana","tag-colisao-entre-carro-e-caminhao-deixa-tres-mortos-na-br-381","tag-colisao-entre-carro-e-caminhao-deixa-tres-mortos-na-br-381-em-sao-goncalo-do-rio-abaixo","tag-contagem","tag-daiane-rodrigues-viana","tag-esmeraldas"],"yoast_head":"<!-- This site is optimized with the Yoast SEO plugin v28.3 - https:\/\/yoast.com\/product\/yoast-seo-wordpress\/ -->\n<title>Colis\u00e3o entre carro e caminh\u00e3o deixa tr\u00eas mortos na BR-381, na regi\u00e3o Central de Minas - Aconteceu no Vale<\/title>\n<meta name=\"robots\" content=\"index, follow, max-snippet:-1, max-image-preview:large, max-video-preview:-1\" \/>\n<link rel=\"canonical\" href=\"https:\/\/aconteceunovale.com.br\/portal\/?p=105295\" \/>\n<meta property=\"og:locale\" content=\"pt_BR\" \/>\n<meta property=\"og:type\" content=\"article\" \/>\n<meta property=\"og:title\" content=\"Colis\u00e3o entre carro e caminh\u00e3o deixa tr\u00eas mortos na BR-381, na regi\u00e3o Central de Minas - Aconteceu no Vale\" \/>\n<meta property=\"og:description\" content=\"Tr\u00eas pessoas morreram e uma ficou ferida em um grave acidente envolvendo um carro e um caminh\u00e3o, na tarde desta segunda-feira (26\/12\/2016), no quil\u00f4metro 386 da BR-381, pr\u00f3ximo a S\u00e3o Gon\u00e7alo do Rio Abaixo, na Regi\u00e3o Central de Minas Gerais. Segundo informa\u00e7\u00f5es da Pol\u00edcia Rodovi\u00e1ria Federal (PRF), o Fiat Palio, placa HFI-2610 de Esmeraldas, e [&hellip;]\" \/>\n<meta property=\"og:url\" content=\"https:\/\/aconteceunovale.com.br\/portal\/?p=105295\" \/>\n<meta property=\"og:site_name\" content=\"Aconteceu no Vale\" \/>\n<meta property=\"article:publisher\" content=\"https:\/\/www.facebook.com\/aconteceunovale\/\" \/>\n<meta property=\"article:published_time\" content=\"2016-12-26T21:53:49+00:00\" \/>\n<meta property=\"article:modified_time\" content=\"2016-12-27T01:04:51+00:00\" \/>\n<meta property=\"og:image\" content=\"https:\/\/aconteceunovale.com.br\/portal\/wp-content\/uploads\/2016\/12\/acidente_381_26dez_1.jpg\" \/>\n\t<meta property=\"og:image:width\" content=\"678\" \/>\n\t<meta property=\"og:image:height\" content=\"381\" \/>\n\t<meta property=\"og:image:type\" content=\"image\/jpeg\" \/>\n<meta name=\"author\" content=\"Aconteceu no Vale\" \/>\n<meta name=\"twitter:card\" content=\"summary_large_image\" \/>\n<meta name=\"twitter:creator\" content=\"@noticiadosvales\" \/>\n<meta name=\"twitter:site\" content=\"@noticiadosvales\" \/>\n<meta name=\"twitter:label1\" content=\"Escrito por\" \/>\n\t<meta name=\"twitter:data1\" content=\"Aconteceu no Vale\" \/>\n\t<meta name=\"twitter:label2\" content=\"Est. tempo de leitura\" \/>\n\t<meta name=\"twitter:data2\" content=\"1 minuto\" \/>\n<script type=\"application\/ld+json\" class=\"yoast-schema-graph\">{\"@context\":\"https:\\\/\\\/schema.org\",\"@graph\":[{\"@type\":\"Article\",\"@id\":\"https:\\\/\\\/aconteceunovale.com.br\\\/portal\\\/?p=105295#article\",\"isPartOf\":{\"@id\":\"https:\\\/\\\/aconteceunovale.com.br\\\/portal\\\/?p=105295\"},\"author\":{\"name\":\"Aconteceu no Vale\",\"@id\":\"https:\\\/\\\/aconteceunovale.com.br\\\/portal\\\/#\\\/schema\\\/person\\\/633529146f2c94272bef50ac2953d589\"},\"headline\":\"Colis\u00e3o entre carro e caminh\u00e3o deixa tr\u00eas mortos na BR-381, na regi\u00e3o Central de Minas\",\"datePublished\":\"2016-12-26T21:53:49+00:00\",\"dateModified\":\"2016-12-27T01:04:51+00:00\",\"mainEntityOfPage\":{\"@id\":\"https:\\\/\\\/aconteceunovale.com.br\\\/portal\\\/?p=105295\"},\"wordCount\":193,\"commentCount\":0,\"image\":{\"@id\":\"https:\\\/\\\/aconteceunovale.com.br\\\/portal\\\/?p=105295#primaryimage\"},\"thumbnailUrl\":\"https:\\\/\\\/aconteceunovale.com.br\\\/portal\\\/wp-content\\\/uploads\\\/2016\\\/12\\\/acidente_381_26dez_1.jpg\",\"keywords\":[\"Acidente caminh\u00e3o R\u00e1pido Resende\",\"acidente em s\u00e3o gon\u00e7alo do rio abaixo\",\"acidente na BR-381\",\"Acidente na BR-381 em S\u00e3o Gon\u00e7alo do Rio Abaixo\",\"Acidente R\u00e1pido Resende\",\"Ant\u00f4nio Carlos Viana Lima\",\"br 381\",\"Cleusa Alves Viana\",\"Colis\u00e3o entre carro e caminh\u00e3o deixa tr\u00eas mortos na BR-381\",\"Colis\u00e3o entre carro e caminh\u00e3o deixa tr\u00eas mortos na BR-381 em S\u00e3o Gon\u00e7alo do Rio Abaixo\",\"Contagem\",\"Daiane Rodrigues Viana\",\"Esmeraldas\"],\"articleSection\":[\"Minas Gerais\"],\"inLanguage\":\"pt-BR\",\"potentialAction\":[{\"@type\":\"CommentAction\",\"name\":\"Comment\",\"target\":[\"https:\\\/\\\/aconteceunovale.com.br\\\/portal\\\/?p=105295#respond\"]}]},{\"@type\":\"WebPage\",\"@id\":\"https:\\\/\\\/aconteceunovale.com.br\\\/portal\\\/?p=105295\",\"url\":\"https:\\\/\\\/aconteceunovale.com.br\\\/portal\\\/?p=105295\",\"name\":\"Colis\u00e3o entre carro e caminh\u00e3o deixa tr\u00eas mortos na BR-381, na regi\u00e3o Central de Minas - Aconteceu no Vale\",\"isPartOf\":{\"@id\":\"https:\\\/\\\/aconteceunovale.com.br\\\/portal\\\/#website\"},\"primaryImageOfPage\":{\"@id\":\"https:\\\/\\\/aconteceunovale.com.br\\\/portal\\\/?p=105295#primaryimage\"},\"image\":{\"@id\":\"https:\\\/\\\/aconteceunovale.com.br\\\/portal\\\/?p=105295#primaryimage\"},\"thumbnailUrl\":\"https:\\\/\\\/aconteceunovale.com.br\\\/portal\\\/wp-content\\\/uploads\\\/2016\\\/12\\\/acidente_381_26dez_1.jpg\",\"datePublished\":\"2016-12-26T21:53:49+00:00\",\"dateModified\":\"2016-12-27T01:04:51+00:00\",\"author\":{\"@id\":\"https:\\\/\\\/aconteceunovale.com.br\\\/portal\\\/#\\\/schema\\\/person\\\/633529146f2c94272bef50ac2953d589\"},\"breadcrumb\":{\"@id\":\"https:\\\/\\\/aconteceunovale.com.br\\\/portal\\\/?p=105295#breadcrumb\"},\"inLanguage\":\"pt-BR\",\"potentialAction\":[{\"@type\":\"ReadAction\",\"target\":[\"https:\\\/\\\/aconteceunovale.com.br\\\/portal\\\/?p=105295\"]}]},{\"@type\":\"ImageObject\",\"inLanguage\":\"pt-BR\",\"@id\":\"https:\\\/\\\/aconteceunovale.com.br\\\/portal\\\/?p=105295#primaryimage\",\"url\":\"https:\\\/\\\/aconteceunovale.com.br\\\/portal\\\/wp-content\\\/uploads\\\/2016\\\/12\\\/acidente_381_26dez_1.jpg\",\"contentUrl\":\"https:\\\/\\\/aconteceunovale.com.br\\\/portal\\\/wp-content\\\/uploads\\\/2016\\\/12\\\/acidente_381_26dez_1.jpg\",\"width\":678,\"height\":381},{\"@type\":\"BreadcrumbList\",\"@id\":\"https:\\\/\\\/aconteceunovale.com.br\\\/portal\\\/?p=105295#breadcrumb\",\"itemListElement\":[{\"@type\":\"ListItem\",\"position\":1,\"name\":\"In\u00edcio\",\"item\":\"https:\\\/\\\/aconteceunovale.com.br\\\/portal\\\/\"},{\"@type\":\"ListItem\",\"position\":2,\"name\":\"Colis\u00e3o entre carro e caminh\u00e3o deixa tr\u00eas mortos na BR-381, na regi\u00e3o Central de Minas\"}]},{\"@type\":\"WebSite\",\"@id\":\"https:\\\/\\\/aconteceunovale.com.br\\\/portal\\\/#website\",\"url\":\"https:\\\/\\\/aconteceunovale.com.br\\\/portal\\\/\",\"name\":\"Aconteceu no Vale\",\"description\":\"Portal de Not\u00edcias\",\"potentialAction\":[{\"@type\":\"SearchAction\",\"target\":{\"@type\":\"EntryPoint\",\"urlTemplate\":\"https:\\\/\\\/aconteceunovale.com.br\\\/portal\\\/?s={search_term_string}\"},\"query-input\":{\"@type\":\"PropertyValueSpecification\",\"valueRequired\":true,\"valueName\":\"search_term_string\"}}],\"inLanguage\":\"pt-BR\"},{\"@type\":\"Person\",\"@id\":\"https:\\\/\\\/aconteceunovale.com.br\\\/portal\\\/#\\\/schema\\\/person\\\/633529146f2c94272bef50ac2953d589\",\"name\":\"Aconteceu no Vale\",\"description\":\"Equipe de reportagem do Aconteceu no Vale, portal de not\u00edcias do Vale do Jequitinhonha, em Minas Gerais. Cobrimos as 51 cidades do Vale desde 2013. Sugest\u00f5es de pauta e pedidos de corre\u00e7\u00e3o: contato@aconteceunovale.com.br\",\"sameAs\":[\"http:\\\/\\\/www.aconteceunovale.com.br\"],\"url\":\"https:\\\/\\\/aconteceunovale.com.br\\\/portal\\\/?author=1\"}]}<\/script>\n<!-- \/ Yoast SEO plugin. -->","yoast_head_json":{"title":"Colis\u00e3o entre carro e caminh\u00e3o deixa tr\u00eas mortos na BR-381, na regi\u00e3o Central de Minas - Aconteceu no Vale","robots":{"index":"index","follow":"follow","max-snippet":"max-snippet:-1","max-image-preview":"max-image-preview:large","max-video-preview":"max-video-preview:-1"},"canonical":"https:\/\/aconteceunovale.com.br\/portal\/?p=105295","og_locale":"pt_BR","og_type":"article","og_title":"Colis\u00e3o entre carro e caminh\u00e3o deixa tr\u00eas mortos na BR-381, na regi\u00e3o Central de Minas - Aconteceu no Vale","og_description":"Tr\u00eas pessoas morreram e uma ficou ferida em um grave acidente envolvendo um carro e um caminh\u00e3o, na tarde desta segunda-feira (26\/12\/2016), no quil\u00f4metro 386 da BR-381, pr\u00f3ximo a S\u00e3o Gon\u00e7alo do Rio Abaixo, na Regi\u00e3o Central de Minas Gerais. Segundo informa\u00e7\u00f5es da Pol\u00edcia Rodovi\u00e1ria Federal (PRF), o Fiat Palio, placa HFI-2610 de Esmeraldas, e [&hellip;]","og_url":"https:\/\/aconteceunovale.com.br\/portal\/?p=105295","og_site_name":"Aconteceu no Vale","article_publisher":"https:\/\/www.facebook.com\/aconteceunovale\/","article_published_time":"2016-12-26T21:53:49+00:00","article_modified_time":"2016-12-27T01:04:51+00:00","og_image":[{"width":678,"height":381,"url":"https:\/\/aconteceunovale.com.br\/portal\/wp-content\/uploads\/2016\/12\/acidente_381_26dez_1.jpg","type":"image\/jpeg"}],"author":"Aconteceu no Vale","twitter_card":"summary_large_image","twitter_creator":"@noticiadosvales","twitter_site":"@noticiadosvales","twitter_misc":{"Escrito por":"Aconteceu no Vale","Est. tempo de leitura":"1 minuto"},"schema":{"@context":"https:\/\/schema.org","@graph":[{"@type":"Article","@id":"https:\/\/aconteceunovale.com.br\/portal\/?p=105295#article","isPartOf":{"@id":"https:\/\/aconteceunovale.com.br\/portal\/?p=105295"},"author":{"name":"Aconteceu no Vale","@id":"https:\/\/aconteceunovale.com.br\/portal\/#\/schema\/person\/633529146f2c94272bef50ac2953d589"},"headline":"Colis\u00e3o entre carro e caminh\u00e3o deixa tr\u00eas mortos na BR-381, na regi\u00e3o Central de Minas","datePublished":"2016-12-26T21:53:49+00:00","dateModified":"2016-12-27T01:04:51+00:00","mainEntityOfPage":{"@id":"https:\/\/aconteceunovale.com.br\/portal\/?p=105295"},"wordCount":193,"commentCount":0,"image":{"@id":"https:\/\/aconteceunovale.com.br\/portal\/?p=105295#primaryimage"},"thumbnailUrl":"https:\/\/aconteceunovale.com.br\/portal\/wp-content\/uploads\/2016\/12\/acidente_381_26dez_1.jpg","keywords":["Acidente caminh\u00e3o R\u00e1pido Resende","acidente em s\u00e3o gon\u00e7alo do rio abaixo","acidente na BR-381","Acidente na BR-381 em S\u00e3o Gon\u00e7alo do Rio Abaixo","Acidente R\u00e1pido Resende","Ant\u00f4nio Carlos Viana Lima","br 381","Cleusa Alves Viana","Colis\u00e3o entre carro e caminh\u00e3o deixa tr\u00eas mortos na BR-381","Colis\u00e3o entre carro e caminh\u00e3o deixa tr\u00eas mortos na BR-381 em S\u00e3o Gon\u00e7alo do Rio Abaixo","Contagem","Daiane Rodrigues Viana","Esmeraldas"],"articleSection":["Minas Gerais"],"inLanguage":"pt-BR","potentialAction":[{"@type":"CommentAction","name":"Comment","target":["https:\/\/aconteceunovale.com.br\/portal\/?p=105295#respond"]}]},{"@type":"WebPage","@id":"https:\/\/aconteceunovale.com.br\/portal\/?p=105295","url":"https:\/\/aconteceunovale.com.br\/portal\/?p=105295","name":"Colis\u00e3o entre carro e caminh\u00e3o deixa tr\u00eas mortos na BR-381, na regi\u00e3o Central de Minas - Aconteceu no Vale","isPartOf":{"@id":"https:\/\/aconteceunovale.com.br\/portal\/#website"},"primaryImageOfPage":{"@id":"https:\/\/aconteceunovale.com.br\/portal\/?p=105295#primaryimage"},"image":{"@id":"https:\/\/aconteceunovale.com.br\/portal\/?p=105295#primaryimage"},"thumbnailUrl":"https:\/\/aconteceunovale.com.br\/portal\/wp-content\/uploads\/2016\/12\/acidente_381_26dez_1.jpg","datePublished":"2016-12-26T21:53:49+00:00","dateModified":"2016-12-27T01:04:51+00:00","author":{"@id":"https:\/\/aconteceunovale.com.br\/portal\/#\/schema\/person\/633529146f2c94272bef50ac2953d589"},"breadcrumb":{"@id":"https:\/\/aconteceunovale.com.br\/portal\/?p=105295#breadcrumb"},"inLanguage":"pt-BR","potentialAction":[{"@type":"ReadAction","target":["https:\/\/aconteceunovale.com.br\/portal\/?p=105295"]}]},{"@type":"ImageObject","inLanguage":"pt-BR","@id":"https:\/\/aconteceunovale.com.br\/portal\/?p=105295#primaryimage","url":"https:\/\/aconteceunovale.com.br\/portal\/wp-content\/uploads\/2016\/12\/acidente_381_26dez_1.jpg","contentUrl":"https:\/\/aconteceunovale.com.br\/portal\/wp-content\/uploads\/2016\/12\/acidente_381_26dez_1.jpg","width":678,"height":381},{"@type":"BreadcrumbList","@id":"https:\/\/aconteceunovale.com.br\/portal\/?p=105295#breadcrumb","itemListElement":[{"@type":"ListItem","position":1,"name":"In\u00edcio","item":"https:\/\/aconteceunovale.com.br\/portal\/"},{"@type":"ListItem","position":2,"name":"Colis\u00e3o entre carro e caminh\u00e3o deixa tr\u00eas mortos na BR-381, na regi\u00e3o Central de Minas"}]},{"@type":"WebSite","@id":"https:\/\/aconteceunovale.com.br\/portal\/#website","url":"https:\/\/aconteceunovale.com.br\/portal\/","name":"Aconteceu no Vale","description":"Portal de Not\u00edcias","potentialAction":[{"@type":"SearchAction","target":{"@type":"EntryPoint","urlTemplate":"https:\/\/aconteceunovale.com.br\/portal\/?s={search_term_string}"},"query-input":{"@type":"PropertyValueSpecification","valueRequired":true,"valueName":"search_term_string"}}],"inLanguage":"pt-BR"},{"@type":"Person","@id":"https:\/\/aconteceunovale.com.br\/portal\/#\/schema\/person\/633529146f2c94272bef50ac2953d589","name":"Aconteceu no Vale","description":"Equipe de reportagem do Aconteceu no Vale, portal de not\u00edcias do Vale do Jequitinhonha, em Minas Gerais. Cobrimos as 51 cidades do Vale desde 2013. Sugest\u00f5es de pauta e pedidos de corre\u00e7\u00e3o: contato@aconteceunovale.com.br","sameAs":["http:\/\/www.aconteceunovale.com.br"],"url":"https:\/\/aconteceunovale.com.br\/portal\/?author=1"}]}},"_links":{"self":[{"href":"https:\/\/aconteceunovale.com.br\/portal\/index.php?rest_route=\/wp\/v2\/posts\/105295","targetHints":{"allow":["GET"]}}],"collection":[{"href":"https:\/\/aconteceunovale.com.br\/portal\/index.php?rest_route=\/wp\/v2\/posts"}],"about":[{"href":"https:\/\/aconteceunovale.com.br\/portal\/index.php?rest_route=\/wp\/v2\/types\/post"}],"author":[{"embeddable":true,"href":"https:\/\/aconteceunovale.com.br\/portal\/index.php?rest_route=\/wp\/v2\/users\/1"}],"replies":[{"embeddable":true,"href":"https:\/\/aconteceunovale.com.br\/portal\/index.php?rest_route=%2Fwp%2Fv2%2Fcomments&post=105295"}],"version-history":[{"count":0,"href":"https:\/\/aconteceunovale.com.br\/portal\/index.php?rest_route=\/wp\/v2\/posts\/105295\/revisions"}],"wp:featuredmedia":[{"embeddable":true,"href":"https:\/\/aconteceunovale.com.br\/portal\/index.php?rest_route=\/wp\/v2\/media\/105296"}],"wp:attachment":[{"href":"https:\/\/aconteceunovale.com.br\/portal\/index.php?rest_route=%2Fwp%2Fv2%2Fmedia&parent=105295"}],"wp:term":[{"taxonomy":"category","embeddable":true,"href":"https:\/\/aconteceunovale.com.br\/portal\/index.php?rest_route=%2Fwp%2Fv2%2Fcategories&post=105295"},{"taxonomy":"post_tag","embeddable":true,"href":"https:\/\/aconteceunovale.com.br\/portal\/index.php?rest_route=%2Fwp%2Fv2%2Ftags&post=105295"}],"curies":[{"name":"wp","href":"https:\/\/api.w.org\/{rel}","templated":true}]}}