{"id":105290,"date":"2016-12-26T18:57:17","date_gmt":"2016-12-26T20:57:17","guid":{"rendered":"http:\/\/aconteceunovale.com.br\/portal\/?p=105290"},"modified":"2016-12-26T18:57:59","modified_gmt":"2016-12-26T20:57:59","slug":"aviao-da-chapecoense-estava-com-excesso-de-peso-e-sem-combustivel-aponta-investigacao","status":"publish","type":"post","link":"https:\/\/aconteceunovale.com.br\/portal\/?p=105290","title":{"rendered":"Avi\u00e3o da Chapecoense estava com excesso de peso e sem combust\u00edvel, aponta investiga\u00e7\u00e3o"},"content":{"rendered":"<p>Informe preliminar da investiga\u00e7\u00e3o divulgada hoje (26\/12\/2016) pela Aeron\u00e1utica Civil da Col\u00f4mbia aponta que o avi\u00e3o da Chapecoense estava com excesso de peso quando caiu com 77 pessoas a bordo, mas que o acidente foi devido \u00e0 falta de combust\u00edvel. O acidente, que aconteceu na madrugada de 29 de novembro, deixou 71 mortos, entre jogadores da equipe, dirigentes, tripulantes e jornalistas.<\/p>\n<p>Al\u00e9m disso, havia falhas no plano de voo da viagem que levaria a equipe de Santa Cruz de La Sierra, na Bol\u00edvia, para Medell\u00edn, na Col\u00f4mbia, onde o time disputaria a primeira partida da final da Copa Sul-americana contra o Atl\u00e9tico Nacional.<\/p>\n<p>As grava\u00e7\u00f5es da caixa-preta registram que os tripulantes falaram sobre c\u00e1lculo de combust\u00edvel durante o voo. De acordo com as autoridades, um sobrevivente disse que a princ\u00edpio o avi\u00e3o pararia em Cobija para abastecimento, mas a parada n\u00e3o aconteceu.<\/p>\n<p>Segundo a Aeron\u00e1utica Civil, n\u00e3o havia um aeroporto alternativo para pouso no plano de voo e o combust\u00edvel dispon\u00edvel era exatamente o necess\u00e1rio para o tempo de voo estimado. No entanto, o tanque do avi\u00e3o deveria ter uma reserva para emerg\u00eancia suficiente para mais uma hora e meia de voo.<\/p>\n<p>Pouco antes do acidente, na \u00faltima grava\u00e7\u00e3o durante o voo, a tripula\u00e7\u00e3o que levava a equipe da Chapecoense pediu para alterar a rota, devido condi\u00e7\u00f5es meteorol\u00f3gicas adversas, segundo o informe preliminar.<\/p>\n<p><img decoding=\"async\" src=\"http:\/\/aconteceunovale.com.br\/portal\/wp-content\/uploads\/2016\/12\/aviao_lamia.jpeg\" alt=\"\" \/><em>Avi\u00e3o da empresa boliviana Lamia, fretado pela Chapecoense (Divulga\u00e7\u00e3o)<\/em><br \/>\n<\/br><\/p>\n<p><em>(Ag\u00eancia Brasil)<\/em><\/p>\n","protected":false},"excerpt":{"rendered":"<p>Informe preliminar da investiga\u00e7\u00e3o divulgada hoje (26\/12\/2016) pela Aeron\u00e1utica Civil da Col\u00f4mbia aponta que o avi\u00e3o da Chapecoense estava com excesso de peso quando caiu com 77 pessoas a bordo, mas que o acidente foi devido \u00e0 falta de combust\u00edvel. O acidente, que aconteceu na madrugada de 29 de novembro, deixou 71 mortos, entre jogadores [&hellip;]<\/p>\n","protected":false},"author":1,"featured_media":103192,"comment_status":"open","ping_status":"closed","sticky":false,"template":"","format":"standard","meta":{"amp_status":"","footnotes":""},"categories":[6,59,28848],"tags":[72438,132687,128368,132692,128369,132695,132690,132691,128169,13241,132694,132693,47659,129175,80046,132689,26350,129174,132688],"class_list":["post-105290","post","type-post","status-publish","format-standard","has-post-thumbnail","hentry","category-br","category-esportes","category-mundo","tag-acidente-aereo","tag-aeronautica-civil","tag-aeronautica-civil-da-colombia","tag-aeronautica-civil-da-colombia-aponta-que-o-aviao-da-chapecoense-estava-com-excesso-de-peso-quando-caiu-com-77-pessoas-a-bordo","tag-aviao-da-chapecoense","tag-aviao-da-chapecoense-estava-com-excesso-de-peso-e-sem-combustivel","tag-causa-da-queda-aviao-da-chapecoense","tag-causa-do-acidente-do-aviao-da-chapecoense","tag-chape","tag-chapecoense","tag-final-da-copa-sul-americana","tag-final-da-copa-sul-americana-contra-o-atletico-nacional","tag-investigacao","tag-lamia","tag-medellin","tag-queda-aviao-da-chapecoense","tag-relatorio","tag-santa-cruz-de-la-sierra","tag-tragedia-aviao-da-chapecoense"],"yoast_head":"<!-- This site is optimized with the Yoast SEO plugin v28.3 - https:\/\/yoast.com\/product\/yoast-seo-wordpress\/ -->\n<title>Avi\u00e3o da Chapecoense estava com excesso de peso e sem combust\u00edvel, aponta investiga\u00e7\u00e3o - Aconteceu no Vale<\/title>\n<meta name=\"robots\" content=\"index, follow, max-snippet:-1, max-image-preview:large, max-video-preview:-1\" \/>\n<link rel=\"canonical\" href=\"https:\/\/aconteceunovale.com.br\/portal\/?p=105290\" \/>\n<meta property=\"og:locale\" content=\"pt_BR\" \/>\n<meta property=\"og:type\" content=\"article\" \/>\n<meta property=\"og:title\" content=\"Avi\u00e3o da Chapecoense estava com excesso de peso e sem combust\u00edvel, aponta investiga\u00e7\u00e3o - Aconteceu no Vale\" \/>\n<meta property=\"og:description\" content=\"Informe preliminar da investiga\u00e7\u00e3o divulgada hoje (26\/12\/2016) pela Aeron\u00e1utica Civil da Col\u00f4mbia aponta que o avi\u00e3o da Chapecoense estava com excesso de peso quando caiu com 77 pessoas a bordo, mas que o acidente foi devido \u00e0 falta de combust\u00edvel. O acidente, que aconteceu na madrugada de 29 de novembro, deixou 71 mortos, entre jogadores [&hellip;]\" \/>\n<meta property=\"og:url\" content=\"https:\/\/aconteceunovale.com.br\/portal\/?p=105290\" \/>\n<meta property=\"og:site_name\" content=\"Aconteceu no Vale\" \/>\n<meta property=\"article:publisher\" content=\"https:\/\/www.facebook.com\/aconteceunovale\/\" \/>\n<meta property=\"article:published_time\" content=\"2016-12-26T20:57:17+00:00\" \/>\n<meta property=\"article:modified_time\" content=\"2016-12-26T20:57:59+00:00\" \/>\n<meta property=\"og:image\" content=\"https:\/\/aconteceunovale.com.br\/portal\/wp-content\/uploads\/2016\/12\/aviao_lamia.jpeg\" \/>\n\t<meta property=\"og:image:width\" content=\"660\" \/>\n\t<meta property=\"og:image:height\" content=\"360\" \/>\n\t<meta property=\"og:image:type\" content=\"image\/jpeg\" \/>\n<meta name=\"author\" content=\"Aconteceu no Vale\" \/>\n<meta name=\"twitter:card\" content=\"summary_large_image\" \/>\n<meta name=\"twitter:creator\" content=\"@noticiadosvales\" \/>\n<meta name=\"twitter:site\" content=\"@noticiadosvales\" \/>\n<meta name=\"twitter:label1\" content=\"Escrito por\" \/>\n\t<meta name=\"twitter:data1\" content=\"Aconteceu no Vale\" \/>\n\t<meta name=\"twitter:label2\" content=\"Est. tempo de leitura\" \/>\n\t<meta name=\"twitter:data2\" content=\"1 minuto\" \/>\n<script type=\"application\/ld+json\" class=\"yoast-schema-graph\">{\"@context\":\"https:\\\/\\\/schema.org\",\"@graph\":[{\"@type\":\"Article\",\"@id\":\"https:\\\/\\\/aconteceunovale.com.br\\\/portal\\\/?p=105290#article\",\"isPartOf\":{\"@id\":\"https:\\\/\\\/aconteceunovale.com.br\\\/portal\\\/?p=105290\"},\"author\":{\"name\":\"Aconteceu no Vale\",\"@id\":\"https:\\\/\\\/aconteceunovale.com.br\\\/portal\\\/#\\\/schema\\\/person\\\/633529146f2c94272bef50ac2953d589\"},\"headline\":\"Avi\u00e3o da Chapecoense estava com excesso de peso e sem combust\u00edvel, aponta investiga\u00e7\u00e3o\",\"datePublished\":\"2016-12-26T20:57:17+00:00\",\"dateModified\":\"2016-12-26T20:57:59+00:00\",\"mainEntityOfPage\":{\"@id\":\"https:\\\/\\\/aconteceunovale.com.br\\\/portal\\\/?p=105290\"},\"wordCount\":275,\"commentCount\":0,\"image\":{\"@id\":\"https:\\\/\\\/aconteceunovale.com.br\\\/portal\\\/?p=105290#primaryimage\"},\"thumbnailUrl\":\"https:\\\/\\\/aconteceunovale.com.br\\\/portal\\\/wp-content\\\/uploads\\\/2016\\\/12\\\/aviao_lamia.jpeg\",\"keywords\":[\"acidente a\u00e9reo\",\"Aeron\u00e1utica Civil\",\"Aeron\u00e1utica Civil da Col\u00f4mbia\",\"Aeron\u00e1utica Civil da Col\u00f4mbia aponta que o avi\u00e3o da Chapecoense estava com excesso de peso quando caiu com 77 pessoas a bordo\",\"Avi\u00e3o da Chapecoense\",\"Avi\u00e3o da Chapecoense estava com excesso de peso e sem combust\u00edvel\",\"Causa da queda Avi\u00e3o da Chapecoense\",\"Causa do acidente do Avi\u00e3o da Chapecoense\",\"Chape\",\"chapecoense\",\"final da Copa Sul-americana\",\"final da Copa Sul-americana contra o Atl\u00e9tico Nacional\",\"investiga\u00e7\u00e3o\",\"Lamia\",\"Medell\u00edn\",\"Queda Avi\u00e3o da Chapecoense\",\"relat\u00f3rio\",\"Santa Cruz de la Sierra\",\"Trag\u00e9dia Avi\u00e3o da Chapecoense\"],\"articleSection\":[\"Brasil\",\"Esportes\",\"Mundo\"],\"inLanguage\":\"pt-BR\",\"potentialAction\":[{\"@type\":\"CommentAction\",\"name\":\"Comment\",\"target\":[\"https:\\\/\\\/aconteceunovale.com.br\\\/portal\\\/?p=105290#respond\"]}]},{\"@type\":\"WebPage\",\"@id\":\"https:\\\/\\\/aconteceunovale.com.br\\\/portal\\\/?p=105290\",\"url\":\"https:\\\/\\\/aconteceunovale.com.br\\\/portal\\\/?p=105290\",\"name\":\"Avi\u00e3o da Chapecoense estava com excesso de peso e sem combust\u00edvel, aponta investiga\u00e7\u00e3o - Aconteceu no Vale\",\"isPartOf\":{\"@id\":\"https:\\\/\\\/aconteceunovale.com.br\\\/portal\\\/#website\"},\"primaryImageOfPage\":{\"@id\":\"https:\\\/\\\/aconteceunovale.com.br\\\/portal\\\/?p=105290#primaryimage\"},\"image\":{\"@id\":\"https:\\\/\\\/aconteceunovale.com.br\\\/portal\\\/?p=105290#primaryimage\"},\"thumbnailUrl\":\"https:\\\/\\\/aconteceunovale.com.br\\\/portal\\\/wp-content\\\/uploads\\\/2016\\\/12\\\/aviao_lamia.jpeg\",\"datePublished\":\"2016-12-26T20:57:17+00:00\",\"dateModified\":\"2016-12-26T20:57:59+00:00\",\"author\":{\"@id\":\"https:\\\/\\\/aconteceunovale.com.br\\\/portal\\\/#\\\/schema\\\/person\\\/633529146f2c94272bef50ac2953d589\"},\"breadcrumb\":{\"@id\":\"https:\\\/\\\/aconteceunovale.com.br\\\/portal\\\/?p=105290#breadcrumb\"},\"inLanguage\":\"pt-BR\",\"potentialAction\":[{\"@type\":\"ReadAction\",\"target\":[\"https:\\\/\\\/aconteceunovale.com.br\\\/portal\\\/?p=105290\"]}]},{\"@type\":\"ImageObject\",\"inLanguage\":\"pt-BR\",\"@id\":\"https:\\\/\\\/aconteceunovale.com.br\\\/portal\\\/?p=105290#primaryimage\",\"url\":\"https:\\\/\\\/aconteceunovale.com.br\\\/portal\\\/wp-content\\\/uploads\\\/2016\\\/12\\\/aviao_lamia.jpeg\",\"contentUrl\":\"https:\\\/\\\/aconteceunovale.com.br\\\/portal\\\/wp-content\\\/uploads\\\/2016\\\/12\\\/aviao_lamia.jpeg\",\"width\":660,\"height\":360},{\"@type\":\"BreadcrumbList\",\"@id\":\"https:\\\/\\\/aconteceunovale.com.br\\\/portal\\\/?p=105290#breadcrumb\",\"itemListElement\":[{\"@type\":\"ListItem\",\"position\":1,\"name\":\"In\u00edcio\",\"item\":\"https:\\\/\\\/aconteceunovale.com.br\\\/portal\\\/\"},{\"@type\":\"ListItem\",\"position\":2,\"name\":\"Avi\u00e3o da Chapecoense estava com excesso de peso e sem combust\u00edvel, aponta investiga\u00e7\u00e3o\"}]},{\"@type\":\"WebSite\",\"@id\":\"https:\\\/\\\/aconteceunovale.com.br\\\/portal\\\/#website\",\"url\":\"https:\\\/\\\/aconteceunovale.com.br\\\/portal\\\/\",\"name\":\"Aconteceu no Vale\",\"description\":\"Portal de Not\u00edcias\",\"potentialAction\":[{\"@type\":\"SearchAction\",\"target\":{\"@type\":\"EntryPoint\",\"urlTemplate\":\"https:\\\/\\\/aconteceunovale.com.br\\\/portal\\\/?s={search_term_string}\"},\"query-input\":{\"@type\":\"PropertyValueSpecification\",\"valueRequired\":true,\"valueName\":\"search_term_string\"}}],\"inLanguage\":\"pt-BR\"},{\"@type\":\"Person\",\"@id\":\"https:\\\/\\\/aconteceunovale.com.br\\\/portal\\\/#\\\/schema\\\/person\\\/633529146f2c94272bef50ac2953d589\",\"name\":\"Aconteceu no Vale\",\"description\":\"Equipe de reportagem do Aconteceu no Vale, portal de not\u00edcias do Vale do Jequitinhonha, em Minas Gerais. Cobrimos as 51 cidades do Vale desde 2013. Sugest\u00f5es de pauta e pedidos de corre\u00e7\u00e3o: contato@aconteceunovale.com.br\",\"sameAs\":[\"http:\\\/\\\/www.aconteceunovale.com.br\"],\"url\":\"https:\\\/\\\/aconteceunovale.com.br\\\/portal\\\/?author=1\"}]}<\/script>\n<!-- \/ Yoast SEO plugin. -->","yoast_head_json":{"title":"Avi\u00e3o da Chapecoense estava com excesso de peso e sem combust\u00edvel, aponta investiga\u00e7\u00e3o - Aconteceu no Vale","robots":{"index":"index","follow":"follow","max-snippet":"max-snippet:-1","max-image-preview":"max-image-preview:large","max-video-preview":"max-video-preview:-1"},"canonical":"https:\/\/aconteceunovale.com.br\/portal\/?p=105290","og_locale":"pt_BR","og_type":"article","og_title":"Avi\u00e3o da Chapecoense estava com excesso de peso e sem combust\u00edvel, aponta investiga\u00e7\u00e3o - Aconteceu no Vale","og_description":"Informe preliminar da investiga\u00e7\u00e3o divulgada hoje (26\/12\/2016) pela Aeron\u00e1utica Civil da Col\u00f4mbia aponta que o avi\u00e3o da Chapecoense estava com excesso de peso quando caiu com 77 pessoas a bordo, mas que o acidente foi devido \u00e0 falta de combust\u00edvel. O acidente, que aconteceu na madrugada de 29 de novembro, deixou 71 mortos, entre jogadores [&hellip;]","og_url":"https:\/\/aconteceunovale.com.br\/portal\/?p=105290","og_site_name":"Aconteceu no Vale","article_publisher":"https:\/\/www.facebook.com\/aconteceunovale\/","article_published_time":"2016-12-26T20:57:17+00:00","article_modified_time":"2016-12-26T20:57:59+00:00","og_image":[{"width":660,"height":360,"url":"https:\/\/aconteceunovale.com.br\/portal\/wp-content\/uploads\/2016\/12\/aviao_lamia.jpeg","type":"image\/jpeg"}],"author":"Aconteceu no Vale","twitter_card":"summary_large_image","twitter_creator":"@noticiadosvales","twitter_site":"@noticiadosvales","twitter_misc":{"Escrito por":"Aconteceu no Vale","Est. tempo de leitura":"1 minuto"},"schema":{"@context":"https:\/\/schema.org","@graph":[{"@type":"Article","@id":"https:\/\/aconteceunovale.com.br\/portal\/?p=105290#article","isPartOf":{"@id":"https:\/\/aconteceunovale.com.br\/portal\/?p=105290"},"author":{"name":"Aconteceu no Vale","@id":"https:\/\/aconteceunovale.com.br\/portal\/#\/schema\/person\/633529146f2c94272bef50ac2953d589"},"headline":"Avi\u00e3o da Chapecoense estava com excesso de peso e sem combust\u00edvel, aponta investiga\u00e7\u00e3o","datePublished":"2016-12-26T20:57:17+00:00","dateModified":"2016-12-26T20:57:59+00:00","mainEntityOfPage":{"@id":"https:\/\/aconteceunovale.com.br\/portal\/?p=105290"},"wordCount":275,"commentCount":0,"image":{"@id":"https:\/\/aconteceunovale.com.br\/portal\/?p=105290#primaryimage"},"thumbnailUrl":"https:\/\/aconteceunovale.com.br\/portal\/wp-content\/uploads\/2016\/12\/aviao_lamia.jpeg","keywords":["acidente a\u00e9reo","Aeron\u00e1utica Civil","Aeron\u00e1utica Civil da Col\u00f4mbia","Aeron\u00e1utica Civil da Col\u00f4mbia aponta que o avi\u00e3o da Chapecoense estava com excesso de peso quando caiu com 77 pessoas a bordo","Avi\u00e3o da Chapecoense","Avi\u00e3o da Chapecoense estava com excesso de peso e sem combust\u00edvel","Causa da queda Avi\u00e3o da Chapecoense","Causa do acidente do Avi\u00e3o da Chapecoense","Chape","chapecoense","final da Copa Sul-americana","final da Copa Sul-americana contra o Atl\u00e9tico Nacional","investiga\u00e7\u00e3o","Lamia","Medell\u00edn","Queda Avi\u00e3o da Chapecoense","relat\u00f3rio","Santa Cruz de la Sierra","Trag\u00e9dia Avi\u00e3o da Chapecoense"],"articleSection":["Brasil","Esportes","Mundo"],"inLanguage":"pt-BR","potentialAction":[{"@type":"CommentAction","name":"Comment","target":["https:\/\/aconteceunovale.com.br\/portal\/?p=105290#respond"]}]},{"@type":"WebPage","@id":"https:\/\/aconteceunovale.com.br\/portal\/?p=105290","url":"https:\/\/aconteceunovale.com.br\/portal\/?p=105290","name":"Avi\u00e3o da Chapecoense estava com excesso de peso e sem combust\u00edvel, aponta investiga\u00e7\u00e3o - Aconteceu no Vale","isPartOf":{"@id":"https:\/\/aconteceunovale.com.br\/portal\/#website"},"primaryImageOfPage":{"@id":"https:\/\/aconteceunovale.com.br\/portal\/?p=105290#primaryimage"},"image":{"@id":"https:\/\/aconteceunovale.com.br\/portal\/?p=105290#primaryimage"},"thumbnailUrl":"https:\/\/aconteceunovale.com.br\/portal\/wp-content\/uploads\/2016\/12\/aviao_lamia.jpeg","datePublished":"2016-12-26T20:57:17+00:00","dateModified":"2016-12-26T20:57:59+00:00","author":{"@id":"https:\/\/aconteceunovale.com.br\/portal\/#\/schema\/person\/633529146f2c94272bef50ac2953d589"},"breadcrumb":{"@id":"https:\/\/aconteceunovale.com.br\/portal\/?p=105290#breadcrumb"},"inLanguage":"pt-BR","potentialAction":[{"@type":"ReadAction","target":["https:\/\/aconteceunovale.com.br\/portal\/?p=105290"]}]},{"@type":"ImageObject","inLanguage":"pt-BR","@id":"https:\/\/aconteceunovale.com.br\/portal\/?p=105290#primaryimage","url":"https:\/\/aconteceunovale.com.br\/portal\/wp-content\/uploads\/2016\/12\/aviao_lamia.jpeg","contentUrl":"https:\/\/aconteceunovale.com.br\/portal\/wp-content\/uploads\/2016\/12\/aviao_lamia.jpeg","width":660,"height":360},{"@type":"BreadcrumbList","@id":"https:\/\/aconteceunovale.com.br\/portal\/?p=105290#breadcrumb","itemListElement":[{"@type":"ListItem","position":1,"name":"In\u00edcio","item":"https:\/\/aconteceunovale.com.br\/portal\/"},{"@type":"ListItem","position":2,"name":"Avi\u00e3o da Chapecoense estava com excesso de peso e sem combust\u00edvel, aponta investiga\u00e7\u00e3o"}]},{"@type":"WebSite","@id":"https:\/\/aconteceunovale.com.br\/portal\/#website","url":"https:\/\/aconteceunovale.com.br\/portal\/","name":"Aconteceu no Vale","description":"Portal de Not\u00edcias","potentialAction":[{"@type":"SearchAction","target":{"@type":"EntryPoint","urlTemplate":"https:\/\/aconteceunovale.com.br\/portal\/?s={search_term_string}"},"query-input":{"@type":"PropertyValueSpecification","valueRequired":true,"valueName":"search_term_string"}}],"inLanguage":"pt-BR"},{"@type":"Person","@id":"https:\/\/aconteceunovale.com.br\/portal\/#\/schema\/person\/633529146f2c94272bef50ac2953d589","name":"Aconteceu no Vale","description":"Equipe de reportagem do Aconteceu no Vale, portal de not\u00edcias do Vale do Jequitinhonha, em Minas Gerais. Cobrimos as 51 cidades do Vale desde 2013. Sugest\u00f5es de pauta e pedidos de corre\u00e7\u00e3o: contato@aconteceunovale.com.br","sameAs":["http:\/\/www.aconteceunovale.com.br"],"url":"https:\/\/aconteceunovale.com.br\/portal\/?author=1"}]}},"_links":{"self":[{"href":"https:\/\/aconteceunovale.com.br\/portal\/index.php?rest_route=\/wp\/v2\/posts\/105290","targetHints":{"allow":["GET"]}}],"collection":[{"href":"https:\/\/aconteceunovale.com.br\/portal\/index.php?rest_route=\/wp\/v2\/posts"}],"about":[{"href":"https:\/\/aconteceunovale.com.br\/portal\/index.php?rest_route=\/wp\/v2\/types\/post"}],"author":[{"embeddable":true,"href":"https:\/\/aconteceunovale.com.br\/portal\/index.php?rest_route=\/wp\/v2\/users\/1"}],"replies":[{"embeddable":true,"href":"https:\/\/aconteceunovale.com.br\/portal\/index.php?rest_route=%2Fwp%2Fv2%2Fcomments&post=105290"}],"version-history":[{"count":0,"href":"https:\/\/aconteceunovale.com.br\/portal\/index.php?rest_route=\/wp\/v2\/posts\/105290\/revisions"}],"wp:featuredmedia":[{"embeddable":true,"href":"https:\/\/aconteceunovale.com.br\/portal\/index.php?rest_route=\/wp\/v2\/media\/103192"}],"wp:attachment":[{"href":"https:\/\/aconteceunovale.com.br\/portal\/index.php?rest_route=%2Fwp%2Fv2%2Fmedia&parent=105290"}],"wp:term":[{"taxonomy":"category","embeddable":true,"href":"https:\/\/aconteceunovale.com.br\/portal\/index.php?rest_route=%2Fwp%2Fv2%2Fcategories&post=105290"},{"taxonomy":"post_tag","embeddable":true,"href":"https:\/\/aconteceunovale.com.br\/portal\/index.php?rest_route=%2Fwp%2Fv2%2Ftags&post=105290"}],"curies":[{"name":"wp","href":"https:\/\/api.w.org\/{rel}","templated":true}]}}