{"id":105282,"date":"2016-12-26T14:51:01","date_gmt":"2016-12-26T16:51:01","guid":{"rendered":"http:\/\/aconteceunovale.com.br\/portal\/?p=105282"},"modified":"2016-12-26T14:51:01","modified_gmt":"2016-12-26T16:51:01","slug":"rodovias-de-minas-gerais-registram-27-mortes-no-periodo-de-natal","status":"publish","type":"post","link":"https:\/\/aconteceunovale.com.br\/portal\/?p=105282","title":{"rendered":"Rodovias de Minas Gerais registram 27 mortes no per\u00edodo de Natal"},"content":{"rendered":"<p>As estradas mineiras foram palcos de trag\u00e9dias na sa\u00edda para o Natal. Dados das pol\u00edcias rodovi\u00e1rias Federal e Estadual mostram que 27 pessoas perderam a vida nas rodovias que cortam o Estado. Cada uma das corpora\u00e7\u00f5es fez opera\u00e7\u00f5es em dias diferentes. A PRF fez o balan\u00e7o do per\u00edodo entre 19 e 25 de dezembro nas vias federais. Nelas, 18 \u00f3bitos foram registrados. J\u00e1 a PMRv, fez o levantamento de 23 a 25 e totalizou nove mortos. O acidente mais grave foi registrado na BR-135, em Corinto, na Regi\u00e3o Central, onde dois ve\u00edculos bateram de frente e seis pessoas perderam a vida.<\/p>\n<p>O balan\u00e7o parcial de fim de ano foi divulgado no in\u00edcio da tarde desta segunda-feira (26\/12\/2016) pelas duas corpora\u00e7\u00f5es. De acordo com a PRF, o n\u00famero de mortos nas rodovias federais tiveram redu\u00e7\u00e3o de 33% em rela\u00e7\u00e3o a 2015. No ano passado, a opera\u00e7\u00e3o foi realizada entre 21 e 27 de dezembro e terminou com 27 mortos.<\/p>\n<p>Mesmo assim, em 2016 as rodovias federais tiveram trag\u00e9dias. Na \u00faltima sexta-feira, uma batida de frente entre uma van e um carro no Km 584, em Corinto, matou seis pessoas, al\u00e9m de deixar 11 feridos. A rodovia ficou totalmente interditada por mais de duas horas, resultando em um congestionamento com mais de cinco quil\u00f4metros. <\/p>\n<p>O acidente envolveu o Gol placa HAO 1203, de Ribeir\u00e3o das Neves, e o minibus Renault placa MPQ 8426, de S\u00e3o Paulo. O carro seguia no sentido Belo Horizonte\/Montes Claros e a van no sentido oposto. Com a viol\u00eancia da batida, o Gol foi arremessado para fora da rodovia, enquanto o Renault tombou para a direita. No carro viajavam cinco pessoas que tiveram morte imediata. Na van morreu um dos ocupantes. De acordo com a PRF, as v\u00edtimas do carro seguiam para Mirabela, Norte de Minas, onde passariam o Natal com a fam\u00edlia. Duas crian\u00e7as est\u00e3o entre os mortos.<\/p>\n<p>A viol\u00eancia tamb\u00e9m tomou conta das rodovias estaduais. Em apenas tr\u00eas dias de opera\u00e7\u00e3o da Pol\u00edcia Militar Rodovi\u00e1ria (PMRv), nove pessoas morreram, uma m\u00e9dia de tr\u00eas a cada 24 horas. Segundo a corpora\u00e7\u00e3o, foram registrados 169 acidentes que deixaram mais 205 ocupantes feridos.<\/p>\n<p>Um dos acidentes mais graves nas estradas estaduais foi na MG-410, pr\u00f3ximo a Presidente Oleg\u00e1rio, na Regi\u00e3o Noroeste de Minas Gerais. Dois carros bateram no km 44 da rodovia. Com o impacto, um dos autom\u00f3veis foi arremessado para uma planta\u00e7\u00e3o \u00e0s margens da pista. Duas mulheres e um homem morreram na hora. A batida envolveu um CRV e um Fiesta. Testemunhas contaram que o segundo ve\u00edculo invadiu a contram\u00e3o de dire\u00e7\u00e3o, por\u00e9m, as causas ainda s\u00e3o apuradas pela pol\u00edcia.<\/p>\n<p>As principais causas dos acidentes, segundo a Diretoria de Meio Ambiente e Tr\u00e2nsito (DMAT), da Pol\u00edcia Militar, foram a falta de aten\u00e7\u00e3o ao volante, a velocidade incompat\u00edvel, e a dire\u00e7\u00e3o de pessoas embriagadas ou alcoolizadas.<\/p>\n<p><strong>Fiscaliza\u00e7\u00e3o<\/strong><\/p>\n<p>De acordo com a PMRv, foram realizados 1.122 testes de etil\u00f4metro (baf\u00f4metro) entre sexta-feira e domingo. Na a\u00e7\u00e3o, 27 pessoas foram presas por embriaguez ao volante. Todos foram flagrados com teor alco\u00f3lico acima de 0,33 miligrama de \u00e1lcool por litro de ar expelido pelos pulm\u00f5es. No per\u00edodo, foram fiscalizados 22.674 ve\u00edculos, sendo removidos 217. Foram recolhidas 99 Carteiras Nacionais de Habilita\u00e7\u00e3o (CNH) e 277 motoristas inabilitados foram detidos.<\/p>\n<p><img decoding=\"async\" src=\"http:\/\/aconteceunovale.com.br\/portal\/wp-content\/uploads\/2016\/12\/acidente_mirabela.jpg\" alt=\"\" \/><em>Van e carro bateram na BR-135, em Corinto (Foto: Divulga\u00e7\u00e3o\/Pol\u00edcia Militar)<\/em><br \/>\n<\/br><\/p>\n<p><em>(Fonte: Estado de Minas)<\/em><\/p>\n","protected":false},"excerpt":{"rendered":"<p>As estradas mineiras foram palcos de trag\u00e9dias na sa\u00edda para o Natal. Dados das pol\u00edcias rodovi\u00e1rias Federal e Estadual mostram que 27 pessoas perderam a vida nas rodovias que cortam o Estado. Cada uma das corpora\u00e7\u00f5es fez opera\u00e7\u00f5es em dias diferentes. A PRF fez o balan\u00e7o do per\u00edodo entre 19 e 25 de dezembro nas [&hellip;]<\/p>\n","protected":false},"author":1,"featured_media":105047,"comment_status":"open","ping_status":"closed","sticky":false,"template":"","format":"standard","meta":{"amp_status":"","footnotes":""},"categories":[123],"tags":[132658,132667,132660,132666,1247,1534,132664,132665,1699,132663,132662,1519,239,3674,132668,132659,132661],"class_list":["post-105282","post","type-post","status-publish","format-standard","has-post-thumbnail","hentry","category-gerais","tag-acidentes-nas-estradas-mineiras-no-natal","tag-acidentes-nas-rodovias-de-minas-gerais","tag-acidentes-nas-rodovias-de-minas-gerais-no-natal","tag-acidentes-rodovias-mineiras","tag-br-135","tag-corinto","tag-ilha-bela","tag-mg-410","tag-mirabela","tag-pmrv","tag-pre","tag-presidente-olegario","tag-prf","tag-ribeirao-das-neves","tag-rodovias-de-minas-gerais-registram-27-mortes-no-periodo-de-natal","tag-tragedias-nas-estradas-mineiras-no-natal","tag-tragedias-nas-rodovias-de-minas-gerais-no-natal"],"yoast_head":"<!-- This site is optimized with the Yoast SEO plugin v28.3 - https:\/\/yoast.com\/product\/yoast-seo-wordpress\/ -->\n<title>Rodovias de Minas Gerais registram 27 mortes no per\u00edodo de Natal - Aconteceu no Vale<\/title>\n<meta name=\"robots\" content=\"index, follow, max-snippet:-1, max-image-preview:large, max-video-preview:-1\" \/>\n<link rel=\"canonical\" href=\"https:\/\/aconteceunovale.com.br\/portal\/?p=105282\" \/>\n<meta property=\"og:locale\" content=\"pt_BR\" \/>\n<meta property=\"og:type\" content=\"article\" \/>\n<meta property=\"og:title\" content=\"Rodovias de Minas Gerais registram 27 mortes no per\u00edodo de Natal - Aconteceu no Vale\" \/>\n<meta property=\"og:description\" content=\"As estradas mineiras foram palcos de trag\u00e9dias na sa\u00edda para o Natal. Dados das pol\u00edcias rodovi\u00e1rias Federal e Estadual mostram que 27 pessoas perderam a vida nas rodovias que cortam o Estado. Cada uma das corpora\u00e7\u00f5es fez opera\u00e7\u00f5es em dias diferentes. A PRF fez o balan\u00e7o do per\u00edodo entre 19 e 25 de dezembro nas [&hellip;]\" \/>\n<meta property=\"og:url\" content=\"https:\/\/aconteceunovale.com.br\/portal\/?p=105282\" \/>\n<meta property=\"og:site_name\" content=\"Aconteceu no Vale\" \/>\n<meta property=\"article:publisher\" content=\"https:\/\/www.facebook.com\/aconteceunovale\/\" \/>\n<meta property=\"article:published_time\" content=\"2016-12-26T16:51:01+00:00\" \/>\n<meta property=\"og:image\" content=\"https:\/\/aconteceunovale.com.br\/portal\/wp-content\/uploads\/2016\/12\/acidente_mirabela.jpg\" \/>\n\t<meta property=\"og:image:width\" content=\"643\" \/>\n\t<meta property=\"og:image:height\" content=\"450\" \/>\n\t<meta property=\"og:image:type\" content=\"image\/jpeg\" \/>\n<meta name=\"author\" content=\"Aconteceu no Vale\" \/>\n<meta name=\"twitter:card\" content=\"summary_large_image\" \/>\n<meta name=\"twitter:creator\" content=\"@noticiadosvales\" \/>\n<meta name=\"twitter:site\" content=\"@noticiadosvales\" \/>\n<meta name=\"twitter:label1\" content=\"Escrito por\" \/>\n\t<meta name=\"twitter:data1\" content=\"Aconteceu no Vale\" \/>\n\t<meta name=\"twitter:label2\" content=\"Est. tempo de leitura\" \/>\n\t<meta name=\"twitter:data2\" content=\"3 minutos\" \/>\n<script type=\"application\/ld+json\" class=\"yoast-schema-graph\">{\"@context\":\"https:\\\/\\\/schema.org\",\"@graph\":[{\"@type\":\"Article\",\"@id\":\"https:\\\/\\\/aconteceunovale.com.br\\\/portal\\\/?p=105282#article\",\"isPartOf\":{\"@id\":\"https:\\\/\\\/aconteceunovale.com.br\\\/portal\\\/?p=105282\"},\"author\":{\"name\":\"Aconteceu no Vale\",\"@id\":\"https:\\\/\\\/aconteceunovale.com.br\\\/portal\\\/#\\\/schema\\\/person\\\/633529146f2c94272bef50ac2953d589\"},\"headline\":\"Rodovias de Minas Gerais registram 27 mortes no per\u00edodo de Natal\",\"datePublished\":\"2016-12-26T16:51:01+00:00\",\"mainEntityOfPage\":{\"@id\":\"https:\\\/\\\/aconteceunovale.com.br\\\/portal\\\/?p=105282\"},\"wordCount\":600,\"commentCount\":0,\"image\":{\"@id\":\"https:\\\/\\\/aconteceunovale.com.br\\\/portal\\\/?p=105282#primaryimage\"},\"thumbnailUrl\":\"https:\\\/\\\/aconteceunovale.com.br\\\/portal\\\/wp-content\\\/uploads\\\/2016\\\/12\\\/acidente_mirabela.jpg\",\"keywords\":[\"Acidentes nas estradas mineiras no natal\",\"Acidentes nas rodovias de Minas Gerais\",\"Acidentes nas rodovias de minas gerais no Natal\",\"Acidentes rodovias mineiras\",\"br 135\",\"Corinto\",\"Ilha Bela\",\"MG-410\",\"Mirabela\",\"PMRv\",\"PRE\",\"Presidente Oleg\u00e1rio\",\"PRF\",\"Ribeir\u00e3o das Neves\",\"Rodovias de Minas Gerais registram 27 mortes no per\u00edodo de Natal\",\"Trag\u00e9dias nas estradas mineiras no natal\",\"Trag\u00e9dias nas rodovias de minas gerais no natal\"],\"articleSection\":[\"Minas Gerais\"],\"inLanguage\":\"pt-BR\",\"potentialAction\":[{\"@type\":\"CommentAction\",\"name\":\"Comment\",\"target\":[\"https:\\\/\\\/aconteceunovale.com.br\\\/portal\\\/?p=105282#respond\"]}]},{\"@type\":\"WebPage\",\"@id\":\"https:\\\/\\\/aconteceunovale.com.br\\\/portal\\\/?p=105282\",\"url\":\"https:\\\/\\\/aconteceunovale.com.br\\\/portal\\\/?p=105282\",\"name\":\"Rodovias de Minas Gerais registram 27 mortes no per\u00edodo de Natal - Aconteceu no Vale\",\"isPartOf\":{\"@id\":\"https:\\\/\\\/aconteceunovale.com.br\\\/portal\\\/#website\"},\"primaryImageOfPage\":{\"@id\":\"https:\\\/\\\/aconteceunovale.com.br\\\/portal\\\/?p=105282#primaryimage\"},\"image\":{\"@id\":\"https:\\\/\\\/aconteceunovale.com.br\\\/portal\\\/?p=105282#primaryimage\"},\"thumbnailUrl\":\"https:\\\/\\\/aconteceunovale.com.br\\\/portal\\\/wp-content\\\/uploads\\\/2016\\\/12\\\/acidente_mirabela.jpg\",\"datePublished\":\"2016-12-26T16:51:01+00:00\",\"author\":{\"@id\":\"https:\\\/\\\/aconteceunovale.com.br\\\/portal\\\/#\\\/schema\\\/person\\\/633529146f2c94272bef50ac2953d589\"},\"breadcrumb\":{\"@id\":\"https:\\\/\\\/aconteceunovale.com.br\\\/portal\\\/?p=105282#breadcrumb\"},\"inLanguage\":\"pt-BR\",\"potentialAction\":[{\"@type\":\"ReadAction\",\"target\":[\"https:\\\/\\\/aconteceunovale.com.br\\\/portal\\\/?p=105282\"]}]},{\"@type\":\"ImageObject\",\"inLanguage\":\"pt-BR\",\"@id\":\"https:\\\/\\\/aconteceunovale.com.br\\\/portal\\\/?p=105282#primaryimage\",\"url\":\"https:\\\/\\\/aconteceunovale.com.br\\\/portal\\\/wp-content\\\/uploads\\\/2016\\\/12\\\/acidente_mirabela.jpg\",\"contentUrl\":\"https:\\\/\\\/aconteceunovale.com.br\\\/portal\\\/wp-content\\\/uploads\\\/2016\\\/12\\\/acidente_mirabela.jpg\",\"width\":643,\"height\":450},{\"@type\":\"BreadcrumbList\",\"@id\":\"https:\\\/\\\/aconteceunovale.com.br\\\/portal\\\/?p=105282#breadcrumb\",\"itemListElement\":[{\"@type\":\"ListItem\",\"position\":1,\"name\":\"In\u00edcio\",\"item\":\"https:\\\/\\\/aconteceunovale.com.br\\\/portal\\\/\"},{\"@type\":\"ListItem\",\"position\":2,\"name\":\"Rodovias de Minas Gerais registram 27 mortes no per\u00edodo de Natal\"}]},{\"@type\":\"WebSite\",\"@id\":\"https:\\\/\\\/aconteceunovale.com.br\\\/portal\\\/#website\",\"url\":\"https:\\\/\\\/aconteceunovale.com.br\\\/portal\\\/\",\"name\":\"Aconteceu no Vale\",\"description\":\"Portal de Not\u00edcias\",\"potentialAction\":[{\"@type\":\"SearchAction\",\"target\":{\"@type\":\"EntryPoint\",\"urlTemplate\":\"https:\\\/\\\/aconteceunovale.com.br\\\/portal\\\/?s={search_term_string}\"},\"query-input\":{\"@type\":\"PropertyValueSpecification\",\"valueRequired\":true,\"valueName\":\"search_term_string\"}}],\"inLanguage\":\"pt-BR\"},{\"@type\":\"Person\",\"@id\":\"https:\\\/\\\/aconteceunovale.com.br\\\/portal\\\/#\\\/schema\\\/person\\\/633529146f2c94272bef50ac2953d589\",\"name\":\"Aconteceu no Vale\",\"description\":\"Equipe de reportagem do Aconteceu no Vale, portal de not\u00edcias do Vale do Jequitinhonha, em Minas Gerais. Cobrimos as 51 cidades do Vale desde 2013. Sugest\u00f5es de pauta e pedidos de corre\u00e7\u00e3o: contato@aconteceunovale.com.br\",\"sameAs\":[\"http:\\\/\\\/www.aconteceunovale.com.br\"],\"url\":\"https:\\\/\\\/aconteceunovale.com.br\\\/portal\\\/?author=1\"}]}<\/script>\n<!-- \/ Yoast SEO plugin. -->","yoast_head_json":{"title":"Rodovias de Minas Gerais registram 27 mortes no per\u00edodo de Natal - Aconteceu no Vale","robots":{"index":"index","follow":"follow","max-snippet":"max-snippet:-1","max-image-preview":"max-image-preview:large","max-video-preview":"max-video-preview:-1"},"canonical":"https:\/\/aconteceunovale.com.br\/portal\/?p=105282","og_locale":"pt_BR","og_type":"article","og_title":"Rodovias de Minas Gerais registram 27 mortes no per\u00edodo de Natal - Aconteceu no Vale","og_description":"As estradas mineiras foram palcos de trag\u00e9dias na sa\u00edda para o Natal. Dados das pol\u00edcias rodovi\u00e1rias Federal e Estadual mostram que 27 pessoas perderam a vida nas rodovias que cortam o Estado. Cada uma das corpora\u00e7\u00f5es fez opera\u00e7\u00f5es em dias diferentes. A PRF fez o balan\u00e7o do per\u00edodo entre 19 e 25 de dezembro nas [&hellip;]","og_url":"https:\/\/aconteceunovale.com.br\/portal\/?p=105282","og_site_name":"Aconteceu no Vale","article_publisher":"https:\/\/www.facebook.com\/aconteceunovale\/","article_published_time":"2016-12-26T16:51:01+00:00","og_image":[{"width":643,"height":450,"url":"https:\/\/aconteceunovale.com.br\/portal\/wp-content\/uploads\/2016\/12\/acidente_mirabela.jpg","type":"image\/jpeg"}],"author":"Aconteceu no Vale","twitter_card":"summary_large_image","twitter_creator":"@noticiadosvales","twitter_site":"@noticiadosvales","twitter_misc":{"Escrito por":"Aconteceu no Vale","Est. tempo de leitura":"3 minutos"},"schema":{"@context":"https:\/\/schema.org","@graph":[{"@type":"Article","@id":"https:\/\/aconteceunovale.com.br\/portal\/?p=105282#article","isPartOf":{"@id":"https:\/\/aconteceunovale.com.br\/portal\/?p=105282"},"author":{"name":"Aconteceu no Vale","@id":"https:\/\/aconteceunovale.com.br\/portal\/#\/schema\/person\/633529146f2c94272bef50ac2953d589"},"headline":"Rodovias de Minas Gerais registram 27 mortes no per\u00edodo de Natal","datePublished":"2016-12-26T16:51:01+00:00","mainEntityOfPage":{"@id":"https:\/\/aconteceunovale.com.br\/portal\/?p=105282"},"wordCount":600,"commentCount":0,"image":{"@id":"https:\/\/aconteceunovale.com.br\/portal\/?p=105282#primaryimage"},"thumbnailUrl":"https:\/\/aconteceunovale.com.br\/portal\/wp-content\/uploads\/2016\/12\/acidente_mirabela.jpg","keywords":["Acidentes nas estradas mineiras no natal","Acidentes nas rodovias de Minas Gerais","Acidentes nas rodovias de minas gerais no Natal","Acidentes rodovias mineiras","br 135","Corinto","Ilha Bela","MG-410","Mirabela","PMRv","PRE","Presidente Oleg\u00e1rio","PRF","Ribeir\u00e3o das Neves","Rodovias de Minas Gerais registram 27 mortes no per\u00edodo de Natal","Trag\u00e9dias nas estradas mineiras no natal","Trag\u00e9dias nas rodovias de minas gerais no natal"],"articleSection":["Minas Gerais"],"inLanguage":"pt-BR","potentialAction":[{"@type":"CommentAction","name":"Comment","target":["https:\/\/aconteceunovale.com.br\/portal\/?p=105282#respond"]}]},{"@type":"WebPage","@id":"https:\/\/aconteceunovale.com.br\/portal\/?p=105282","url":"https:\/\/aconteceunovale.com.br\/portal\/?p=105282","name":"Rodovias de Minas Gerais registram 27 mortes no per\u00edodo de Natal - Aconteceu no Vale","isPartOf":{"@id":"https:\/\/aconteceunovale.com.br\/portal\/#website"},"primaryImageOfPage":{"@id":"https:\/\/aconteceunovale.com.br\/portal\/?p=105282#primaryimage"},"image":{"@id":"https:\/\/aconteceunovale.com.br\/portal\/?p=105282#primaryimage"},"thumbnailUrl":"https:\/\/aconteceunovale.com.br\/portal\/wp-content\/uploads\/2016\/12\/acidente_mirabela.jpg","datePublished":"2016-12-26T16:51:01+00:00","author":{"@id":"https:\/\/aconteceunovale.com.br\/portal\/#\/schema\/person\/633529146f2c94272bef50ac2953d589"},"breadcrumb":{"@id":"https:\/\/aconteceunovale.com.br\/portal\/?p=105282#breadcrumb"},"inLanguage":"pt-BR","potentialAction":[{"@type":"ReadAction","target":["https:\/\/aconteceunovale.com.br\/portal\/?p=105282"]}]},{"@type":"ImageObject","inLanguage":"pt-BR","@id":"https:\/\/aconteceunovale.com.br\/portal\/?p=105282#primaryimage","url":"https:\/\/aconteceunovale.com.br\/portal\/wp-content\/uploads\/2016\/12\/acidente_mirabela.jpg","contentUrl":"https:\/\/aconteceunovale.com.br\/portal\/wp-content\/uploads\/2016\/12\/acidente_mirabela.jpg","width":643,"height":450},{"@type":"BreadcrumbList","@id":"https:\/\/aconteceunovale.com.br\/portal\/?p=105282#breadcrumb","itemListElement":[{"@type":"ListItem","position":1,"name":"In\u00edcio","item":"https:\/\/aconteceunovale.com.br\/portal\/"},{"@type":"ListItem","position":2,"name":"Rodovias de Minas Gerais registram 27 mortes no per\u00edodo de Natal"}]},{"@type":"WebSite","@id":"https:\/\/aconteceunovale.com.br\/portal\/#website","url":"https:\/\/aconteceunovale.com.br\/portal\/","name":"Aconteceu no Vale","description":"Portal de Not\u00edcias","potentialAction":[{"@type":"SearchAction","target":{"@type":"EntryPoint","urlTemplate":"https:\/\/aconteceunovale.com.br\/portal\/?s={search_term_string}"},"query-input":{"@type":"PropertyValueSpecification","valueRequired":true,"valueName":"search_term_string"}}],"inLanguage":"pt-BR"},{"@type":"Person","@id":"https:\/\/aconteceunovale.com.br\/portal\/#\/schema\/person\/633529146f2c94272bef50ac2953d589","name":"Aconteceu no Vale","description":"Equipe de reportagem do Aconteceu no Vale, portal de not\u00edcias do Vale do Jequitinhonha, em Minas Gerais. Cobrimos as 51 cidades do Vale desde 2013. Sugest\u00f5es de pauta e pedidos de corre\u00e7\u00e3o: contato@aconteceunovale.com.br","sameAs":["http:\/\/www.aconteceunovale.com.br"],"url":"https:\/\/aconteceunovale.com.br\/portal\/?author=1"}]}},"_links":{"self":[{"href":"https:\/\/aconteceunovale.com.br\/portal\/index.php?rest_route=\/wp\/v2\/posts\/105282","targetHints":{"allow":["GET"]}}],"collection":[{"href":"https:\/\/aconteceunovale.com.br\/portal\/index.php?rest_route=\/wp\/v2\/posts"}],"about":[{"href":"https:\/\/aconteceunovale.com.br\/portal\/index.php?rest_route=\/wp\/v2\/types\/post"}],"author":[{"embeddable":true,"href":"https:\/\/aconteceunovale.com.br\/portal\/index.php?rest_route=\/wp\/v2\/users\/1"}],"replies":[{"embeddable":true,"href":"https:\/\/aconteceunovale.com.br\/portal\/index.php?rest_route=%2Fwp%2Fv2%2Fcomments&post=105282"}],"version-history":[{"count":0,"href":"https:\/\/aconteceunovale.com.br\/portal\/index.php?rest_route=\/wp\/v2\/posts\/105282\/revisions"}],"wp:featuredmedia":[{"embeddable":true,"href":"https:\/\/aconteceunovale.com.br\/portal\/index.php?rest_route=\/wp\/v2\/media\/105047"}],"wp:attachment":[{"href":"https:\/\/aconteceunovale.com.br\/portal\/index.php?rest_route=%2Fwp%2Fv2%2Fmedia&parent=105282"}],"wp:term":[{"taxonomy":"category","embeddable":true,"href":"https:\/\/aconteceunovale.com.br\/portal\/index.php?rest_route=%2Fwp%2Fv2%2Fcategories&post=105282"},{"taxonomy":"post_tag","embeddable":true,"href":"https:\/\/aconteceunovale.com.br\/portal\/index.php?rest_route=%2Fwp%2Fv2%2Ftags&post=105282"}],"curies":[{"name":"wp","href":"https:\/\/api.w.org\/{rel}","templated":true}]}}