{"id":105274,"date":"2016-12-26T14:41:16","date_gmt":"2016-12-26T16:41:16","guid":{"rendered":"http:\/\/aconteceunovale.com.br\/portal\/?p=105274"},"modified":"2016-12-26T14:41:16","modified_gmt":"2016-12-26T16:41:16","slug":"dois-moradores-do-leste-de-minas-estao-entre-os-desaparecidos-nas-bahamas","status":"publish","type":"post","link":"https:\/\/aconteceunovale.com.br\/portal\/?p=105274","title":{"rendered":"Dois moradores do Leste de Minas est\u00e3o entre os desaparecidos nas Bahamas"},"content":{"rendered":"<p>O Minist\u00e9rio das Rela\u00e7\u00f5es Exteriores (MRE) est\u00e1 em busca do paradeiro de um grupo de brasileiros que tentava emigrar para os Estados Unidos de barco passando pelas Bahamas. De acordo com familiares, a embarca\u00e7\u00e3o teria 19 pessoas, 14 brasileiros, tr\u00eas dominicanos e dois timoneiros de origem norte-americana. Os desaparecidos s\u00e3o de Minas Gerais, Par\u00e1 e Rond\u00f4nia. De acordo com o MRE, as informa\u00e7\u00f5es sobre o desaparecimento foram passadas pelos familiares que est\u00e3o sem not\u00edcias dos parentes.<\/p>\n<p>O minist\u00e9rio informou que est\u00e1 em contato com os familiares e as autoridades de Bahamas e dos Estados Unidos e que v\u00e1rias buscas foram feitas no mar para ver se h\u00e1 vest\u00edgios de naufr\u00e1gio ou se o barco estava \u00e0 deriva. O Itamaraty disse que n\u00e3o pode divulgar os nomes dos desaparecidos enquanto o caso estiver em aberto, em raz\u00e3o de determina\u00e7\u00f5es legais. Tanto a embaixada brasileira em Nassau, capital das Bahamas, quanto o consulado brasileiro em Miami, nos EUA, est\u00e3o atuando no caso, de acordo com o Itamaraty. O grupo estaria sumido desde 6 de novembro.<\/p>\n<p>Entre os desaparecidos, cujos nomes foram revelados pelas fam\u00edlias em pedidos de ajuda nas redes sociais, est\u00e3o M\u00e1rcio Pinheiro de Souza e Renato Soares de Ara\u00fajo, de Sardo\u00e1, Leste Mineiro, Arlindo de Jesus Santos, do Par\u00e1, Diego Gon\u00e7alves de Ara\u00fajo, Bruno de Oliveira Souza Martins e Reginaldo Ferreira, todos tr\u00eas de Rond\u00f4nia.<\/p>\n<p>A expectativa \u00e9 de que eles estejam detidos j\u00e1 nos Estados Unidos ou nas Bahamas. M\u00e1rcio de Souza, de Sardo\u00e1, partiu no final de outubro, e fez o \u00faltimo contato com a fam\u00edlia no dia 9. Desde ent\u00e3o a fam\u00edlia n\u00e3o obteve nenhuma not\u00edcia de seu paradeiros. Segundo os familiares de M\u00e1rcio, eles foram levados por coiotes que atuam na regi\u00e3o de Governador Valadares, mas esses tamb\u00e9m n\u00e3o d\u00e3o not\u00edcias.<\/p>\n<p>Em relato feito na internet, a m\u00e3e de Diego, Marta Gon\u00e7alves, disse que j\u00e1 entrou em contato com a embaixada em Nassau, que garantiu que ele n\u00e3o est\u00e1 preso l\u00e1. \u201cMas eu n\u00e3o acredito. At\u00e9 porque n\u00e3o tem como ter acontecido um naufr\u00e1gio e n\u00e3o ter escapado nenhuma pessoa e a guarda costeira tamb\u00e9m n\u00e3o ter achado vest\u00edgio de nada\u201d. Para ela, eles est\u00e3o presos \u201cem um lugar muito dif\u00edcil e n\u00e3o t\u00eam como entrar em contato\u201d. Nas redes sociais muitos familiares criticam a atua\u00e7\u00e3o do MRE no caso.<\/p>\n<p>Cada um dos que tentavam atravessar teriam pago cerca de US$ 20 mil d\u00f3lares para um coiote que atua na regi\u00e3o de Governador Valadares, Rio Doce e Vale do A\u00e7o. Em novembro, um jovem da cidade de Sobr\u00e1lia, morreu afogado tentando fazer essa mesma travessia para entrar ilegalmente nos EUA. Jefferson Eduardo de Oliveira, de 20 anos, foi encontrado \u00e0s margens do Rio Bravo, na cidade mexicana de Novo Laredo. <\/p>\n<p><img decoding=\"async\" src=\"http:\/\/aconteceunovale.com.br\/portal\/wp-content\/uploads\/2016\/12\/desaparecidos_bahamas.jpg\" alt=\"\" \/><em>Renato Soares de Ara\u00fajo est\u00e1 entre os desaparecidos (Divulga\u00e7\u00e3o)<\/em><br \/>\n<\/br><\/p>\n<p><em>(Fonte: Estado de Minas)<\/em><\/p>\n","protected":false},"excerpt":{"rendered":"<p>O Minist\u00e9rio das Rela\u00e7\u00f5es Exteriores (MRE) est\u00e1 em busca do paradeiro de um grupo de brasileiros que tentava emigrar para os Estados Unidos de barco passando pelas Bahamas. De acordo com familiares, a embarca\u00e7\u00e3o teria 19 pessoas, 14 brasileiros, tr\u00eas dominicanos e dois timoneiros de origem norte-americana. Os desaparecidos s\u00e3o de Minas Gerais, Par\u00e1 e [&hellip;]<\/p>\n","protected":false},"author":1,"featured_media":105279,"comment_status":"open","ping_status":"closed","sticky":false,"template":"","format":"standard","meta":{"amp_status":"","footnotes":""},"categories":[121,28848],"tags":[132257,132250,132655,132259,132656,132251,132252,132248,132249,132654,132657,132253,15469,43552,126432,132255,94394,132261,132254,2252,132260,132256,132258,325,328,332],"class_list":["post-105274","post","type-post","status-publish","format-standard","has-post-thumbnail","hentry","category-leste","category-mundo","tag-arlindo-de-jesus-santos","tag-brasileiros-desaparecidos-em-bahamas","tag-bruno-de-oliveira-souza-martins","tag-bruno-oliveira-souza","tag-coiotes-que-atuam-na-regiao-de-governador-valadares","tag-desaparecidos-durante-travessia-para-os-estados-unidos","tag-desaparecimento-de-barco-durante-travessia-para-os-estados-unidos","tag-desaparecimento-de-barco-durante-travessia-para-os-estados-unidos-deixa-familias-mineiras-desesperadas","tag-desaparecimento-de-brasileiros-nas-ilhas-bahamas","tag-diego-goncalves-de-araujo","tag-dois-moradores-do-leste-de-minas-estao-entre-os-desaparecidos-nas-bahamas","tag-durante-travessia-para-os-estados-unidos","tag-estados-unidos","tag-itamaraty","tag-jefferson-eduardo-de-oliveira","tag-marcio-pinheiro-de-souza","tag-ministerio-das-relacoes-exteriores","tag-nassau","tag-naufragio-durante-travessia-para-os-estados-unidos","tag-reginaldo-ferreira","tag-reginaldo-ferreira-martins","tag-renato-soares-de-araujo","tag-rondon-do-para","tag-sardoa","tag-sobralia","tag-virginopolis"],"yoast_head":"<!-- This site is optimized with the Yoast SEO plugin v28.3 - https:\/\/yoast.com\/product\/yoast-seo-wordpress\/ -->\n<title>Dois moradores do Leste de Minas est\u00e3o entre os desaparecidos nas Bahamas - Aconteceu no Vale<\/title>\n<meta name=\"robots\" content=\"index, follow, max-snippet:-1, max-image-preview:large, max-video-preview:-1\" \/>\n<link rel=\"canonical\" href=\"https:\/\/aconteceunovale.com.br\/portal\/?p=105274\" \/>\n<meta property=\"og:locale\" content=\"pt_BR\" \/>\n<meta property=\"og:type\" content=\"article\" \/>\n<meta property=\"og:title\" content=\"Dois moradores do Leste de Minas est\u00e3o entre os desaparecidos nas Bahamas - Aconteceu no Vale\" \/>\n<meta property=\"og:description\" content=\"O Minist\u00e9rio das Rela\u00e7\u00f5es Exteriores (MRE) est\u00e1 em busca do paradeiro de um grupo de brasileiros que tentava emigrar para os Estados Unidos de barco passando pelas Bahamas. De acordo com familiares, a embarca\u00e7\u00e3o teria 19 pessoas, 14 brasileiros, tr\u00eas dominicanos e dois timoneiros de origem norte-americana. Os desaparecidos s\u00e3o de Minas Gerais, Par\u00e1 e [&hellip;]\" \/>\n<meta property=\"og:url\" content=\"https:\/\/aconteceunovale.com.br\/portal\/?p=105274\" \/>\n<meta property=\"og:site_name\" content=\"Aconteceu no Vale\" \/>\n<meta property=\"article:publisher\" content=\"https:\/\/www.facebook.com\/aconteceunovale\/\" \/>\n<meta property=\"article:published_time\" content=\"2016-12-26T16:41:16+00:00\" \/>\n<meta property=\"og:image\" content=\"https:\/\/aconteceunovale.com.br\/portal\/wp-content\/uploads\/2016\/12\/desaparecidos_bahamas.jpg\" \/>\n\t<meta property=\"og:image:width\" content=\"653\" \/>\n\t<meta property=\"og:image:height\" content=\"435\" \/>\n\t<meta property=\"og:image:type\" content=\"image\/jpeg\" \/>\n<meta name=\"author\" content=\"Aconteceu no Vale\" \/>\n<meta name=\"twitter:card\" content=\"summary_large_image\" \/>\n<meta name=\"twitter:creator\" content=\"@noticiadosvales\" \/>\n<meta name=\"twitter:site\" content=\"@noticiadosvales\" \/>\n<meta name=\"twitter:label1\" content=\"Escrito por\" \/>\n\t<meta name=\"twitter:data1\" content=\"Aconteceu no Vale\" \/>\n\t<meta name=\"twitter:label2\" content=\"Est. tempo de leitura\" \/>\n\t<meta name=\"twitter:data2\" content=\"3 minutos\" \/>\n<script type=\"application\/ld+json\" class=\"yoast-schema-graph\">{\"@context\":\"https:\\\/\\\/schema.org\",\"@graph\":[{\"@type\":\"Article\",\"@id\":\"https:\\\/\\\/aconteceunovale.com.br\\\/portal\\\/?p=105274#article\",\"isPartOf\":{\"@id\":\"https:\\\/\\\/aconteceunovale.com.br\\\/portal\\\/?p=105274\"},\"author\":{\"name\":\"Aconteceu no Vale\",\"@id\":\"https:\\\/\\\/aconteceunovale.com.br\\\/portal\\\/#\\\/schema\\\/person\\\/633529146f2c94272bef50ac2953d589\"},\"headline\":\"Dois moradores do Leste de Minas est\u00e3o entre os desaparecidos nas Bahamas\",\"datePublished\":\"2016-12-26T16:41:16+00:00\",\"mainEntityOfPage\":{\"@id\":\"https:\\\/\\\/aconteceunovale.com.br\\\/portal\\\/?p=105274\"},\"wordCount\":530,\"commentCount\":0,\"image\":{\"@id\":\"https:\\\/\\\/aconteceunovale.com.br\\\/portal\\\/?p=105274#primaryimage\"},\"thumbnailUrl\":\"https:\\\/\\\/aconteceunovale.com.br\\\/portal\\\/wp-content\\\/uploads\\\/2016\\\/12\\\/desaparecidos_bahamas.jpg\",\"keywords\":[\"Arlindo de Jesus Santos\",\"Brasileiros desaparecidos em Bahamas\",\"Bruno de Oliveira Souza Martins\",\"Bruno Oliveira Souza\",\"coiotes que atuam na regi\u00e3o de Governador Valadares\",\"Desaparecidos durante travessia para os Estados Unidos\",\"Desaparecimento de barco durante travessia para os Estados Unidos\",\"Desaparecimento de barco durante travessia para os Estados Unidos deixa fam\u00edlias mineiras desesperadas\",\"Desaparecimento de brasileiros nas ilhas bahamas\",\"Diego Gon\u00e7alves de Ara\u00fajo\",\"Dois moradores do Leste de Minas est\u00e3o entre os desaparecidos nas Bahamas\",\"durante travessia para os Estados Unidos\",\"Estados Unidos\",\"Itamaraty\",\"Jefferson Eduardo de Oliveira\",\"M\u00e1rcio Pinheiro de Souza\",\"Minist\u00e9rio das Rela\u00e7\u00f5es Exteriores\",\"Nassau\",\"Naufr\u00e1gio durante travessia para os Estados Unidos\",\"Reginaldo Ferreira\",\"Reginaldo Ferreira Martins\",\"Renato Soares de Ara\u00fajo\",\"Rondon do Par\u00e1\",\"Sardo\u00e1\",\"Sobr\u00e1lia\",\"Virgin\u00f3polis\"],\"articleSection\":[\"Leste de Minas\",\"Mundo\"],\"inLanguage\":\"pt-BR\",\"potentialAction\":[{\"@type\":\"CommentAction\",\"name\":\"Comment\",\"target\":[\"https:\\\/\\\/aconteceunovale.com.br\\\/portal\\\/?p=105274#respond\"]}]},{\"@type\":\"WebPage\",\"@id\":\"https:\\\/\\\/aconteceunovale.com.br\\\/portal\\\/?p=105274\",\"url\":\"https:\\\/\\\/aconteceunovale.com.br\\\/portal\\\/?p=105274\",\"name\":\"Dois moradores do Leste de Minas est\u00e3o entre os desaparecidos nas Bahamas - Aconteceu no Vale\",\"isPartOf\":{\"@id\":\"https:\\\/\\\/aconteceunovale.com.br\\\/portal\\\/#website\"},\"primaryImageOfPage\":{\"@id\":\"https:\\\/\\\/aconteceunovale.com.br\\\/portal\\\/?p=105274#primaryimage\"},\"image\":{\"@id\":\"https:\\\/\\\/aconteceunovale.com.br\\\/portal\\\/?p=105274#primaryimage\"},\"thumbnailUrl\":\"https:\\\/\\\/aconteceunovale.com.br\\\/portal\\\/wp-content\\\/uploads\\\/2016\\\/12\\\/desaparecidos_bahamas.jpg\",\"datePublished\":\"2016-12-26T16:41:16+00:00\",\"author\":{\"@id\":\"https:\\\/\\\/aconteceunovale.com.br\\\/portal\\\/#\\\/schema\\\/person\\\/633529146f2c94272bef50ac2953d589\"},\"breadcrumb\":{\"@id\":\"https:\\\/\\\/aconteceunovale.com.br\\\/portal\\\/?p=105274#breadcrumb\"},\"inLanguage\":\"pt-BR\",\"potentialAction\":[{\"@type\":\"ReadAction\",\"target\":[\"https:\\\/\\\/aconteceunovale.com.br\\\/portal\\\/?p=105274\"]}]},{\"@type\":\"ImageObject\",\"inLanguage\":\"pt-BR\",\"@id\":\"https:\\\/\\\/aconteceunovale.com.br\\\/portal\\\/?p=105274#primaryimage\",\"url\":\"https:\\\/\\\/aconteceunovale.com.br\\\/portal\\\/wp-content\\\/uploads\\\/2016\\\/12\\\/desaparecidos_bahamas.jpg\",\"contentUrl\":\"https:\\\/\\\/aconteceunovale.com.br\\\/portal\\\/wp-content\\\/uploads\\\/2016\\\/12\\\/desaparecidos_bahamas.jpg\",\"width\":653,\"height\":435},{\"@type\":\"BreadcrumbList\",\"@id\":\"https:\\\/\\\/aconteceunovale.com.br\\\/portal\\\/?p=105274#breadcrumb\",\"itemListElement\":[{\"@type\":\"ListItem\",\"position\":1,\"name\":\"In\u00edcio\",\"item\":\"https:\\\/\\\/aconteceunovale.com.br\\\/portal\\\/\"},{\"@type\":\"ListItem\",\"position\":2,\"name\":\"Dois moradores do Leste de Minas est\u00e3o entre os desaparecidos nas Bahamas\"}]},{\"@type\":\"WebSite\",\"@id\":\"https:\\\/\\\/aconteceunovale.com.br\\\/portal\\\/#website\",\"url\":\"https:\\\/\\\/aconteceunovale.com.br\\\/portal\\\/\",\"name\":\"Aconteceu no Vale\",\"description\":\"Portal de Not\u00edcias\",\"potentialAction\":[{\"@type\":\"SearchAction\",\"target\":{\"@type\":\"EntryPoint\",\"urlTemplate\":\"https:\\\/\\\/aconteceunovale.com.br\\\/portal\\\/?s={search_term_string}\"},\"query-input\":{\"@type\":\"PropertyValueSpecification\",\"valueRequired\":true,\"valueName\":\"search_term_string\"}}],\"inLanguage\":\"pt-BR\"},{\"@type\":\"Person\",\"@id\":\"https:\\\/\\\/aconteceunovale.com.br\\\/portal\\\/#\\\/schema\\\/person\\\/633529146f2c94272bef50ac2953d589\",\"name\":\"Aconteceu no Vale\",\"description\":\"Equipe de reportagem do Aconteceu no Vale, portal de not\u00edcias do Vale do Jequitinhonha, em Minas Gerais. Cobrimos as 51 cidades do Vale desde 2013. Sugest\u00f5es de pauta e pedidos de corre\u00e7\u00e3o: contato@aconteceunovale.com.br\",\"sameAs\":[\"http:\\\/\\\/www.aconteceunovale.com.br\"],\"url\":\"https:\\\/\\\/aconteceunovale.com.br\\\/portal\\\/?author=1\"}]}<\/script>\n<!-- \/ Yoast SEO plugin. -->","yoast_head_json":{"title":"Dois moradores do Leste de Minas est\u00e3o entre os desaparecidos nas Bahamas - Aconteceu no Vale","robots":{"index":"index","follow":"follow","max-snippet":"max-snippet:-1","max-image-preview":"max-image-preview:large","max-video-preview":"max-video-preview:-1"},"canonical":"https:\/\/aconteceunovale.com.br\/portal\/?p=105274","og_locale":"pt_BR","og_type":"article","og_title":"Dois moradores do Leste de Minas est\u00e3o entre os desaparecidos nas Bahamas - Aconteceu no Vale","og_description":"O Minist\u00e9rio das Rela\u00e7\u00f5es Exteriores (MRE) est\u00e1 em busca do paradeiro de um grupo de brasileiros que tentava emigrar para os Estados Unidos de barco passando pelas Bahamas. De acordo com familiares, a embarca\u00e7\u00e3o teria 19 pessoas, 14 brasileiros, tr\u00eas dominicanos e dois timoneiros de origem norte-americana. Os desaparecidos s\u00e3o de Minas Gerais, Par\u00e1 e [&hellip;]","og_url":"https:\/\/aconteceunovale.com.br\/portal\/?p=105274","og_site_name":"Aconteceu no Vale","article_publisher":"https:\/\/www.facebook.com\/aconteceunovale\/","article_published_time":"2016-12-26T16:41:16+00:00","og_image":[{"width":653,"height":435,"url":"https:\/\/aconteceunovale.com.br\/portal\/wp-content\/uploads\/2016\/12\/desaparecidos_bahamas.jpg","type":"image\/jpeg"}],"author":"Aconteceu no Vale","twitter_card":"summary_large_image","twitter_creator":"@noticiadosvales","twitter_site":"@noticiadosvales","twitter_misc":{"Escrito por":"Aconteceu no Vale","Est. tempo de leitura":"3 minutos"},"schema":{"@context":"https:\/\/schema.org","@graph":[{"@type":"Article","@id":"https:\/\/aconteceunovale.com.br\/portal\/?p=105274#article","isPartOf":{"@id":"https:\/\/aconteceunovale.com.br\/portal\/?p=105274"},"author":{"name":"Aconteceu no Vale","@id":"https:\/\/aconteceunovale.com.br\/portal\/#\/schema\/person\/633529146f2c94272bef50ac2953d589"},"headline":"Dois moradores do Leste de Minas est\u00e3o entre os desaparecidos nas Bahamas","datePublished":"2016-12-26T16:41:16+00:00","mainEntityOfPage":{"@id":"https:\/\/aconteceunovale.com.br\/portal\/?p=105274"},"wordCount":530,"commentCount":0,"image":{"@id":"https:\/\/aconteceunovale.com.br\/portal\/?p=105274#primaryimage"},"thumbnailUrl":"https:\/\/aconteceunovale.com.br\/portal\/wp-content\/uploads\/2016\/12\/desaparecidos_bahamas.jpg","keywords":["Arlindo de Jesus Santos","Brasileiros desaparecidos em Bahamas","Bruno de Oliveira Souza Martins","Bruno Oliveira Souza","coiotes que atuam na regi\u00e3o de Governador Valadares","Desaparecidos durante travessia para os Estados Unidos","Desaparecimento de barco durante travessia para os Estados Unidos","Desaparecimento de barco durante travessia para os Estados Unidos deixa fam\u00edlias mineiras desesperadas","Desaparecimento de brasileiros nas ilhas bahamas","Diego Gon\u00e7alves de Ara\u00fajo","Dois moradores do Leste de Minas est\u00e3o entre os desaparecidos nas Bahamas","durante travessia para os Estados Unidos","Estados Unidos","Itamaraty","Jefferson Eduardo de Oliveira","M\u00e1rcio Pinheiro de Souza","Minist\u00e9rio das Rela\u00e7\u00f5es Exteriores","Nassau","Naufr\u00e1gio durante travessia para os Estados Unidos","Reginaldo Ferreira","Reginaldo Ferreira Martins","Renato Soares de Ara\u00fajo","Rondon do Par\u00e1","Sardo\u00e1","Sobr\u00e1lia","Virgin\u00f3polis"],"articleSection":["Leste de Minas","Mundo"],"inLanguage":"pt-BR","potentialAction":[{"@type":"CommentAction","name":"Comment","target":["https:\/\/aconteceunovale.com.br\/portal\/?p=105274#respond"]}]},{"@type":"WebPage","@id":"https:\/\/aconteceunovale.com.br\/portal\/?p=105274","url":"https:\/\/aconteceunovale.com.br\/portal\/?p=105274","name":"Dois moradores do Leste de Minas est\u00e3o entre os desaparecidos nas Bahamas - Aconteceu no Vale","isPartOf":{"@id":"https:\/\/aconteceunovale.com.br\/portal\/#website"},"primaryImageOfPage":{"@id":"https:\/\/aconteceunovale.com.br\/portal\/?p=105274#primaryimage"},"image":{"@id":"https:\/\/aconteceunovale.com.br\/portal\/?p=105274#primaryimage"},"thumbnailUrl":"https:\/\/aconteceunovale.com.br\/portal\/wp-content\/uploads\/2016\/12\/desaparecidos_bahamas.jpg","datePublished":"2016-12-26T16:41:16+00:00","author":{"@id":"https:\/\/aconteceunovale.com.br\/portal\/#\/schema\/person\/633529146f2c94272bef50ac2953d589"},"breadcrumb":{"@id":"https:\/\/aconteceunovale.com.br\/portal\/?p=105274#breadcrumb"},"inLanguage":"pt-BR","potentialAction":[{"@type":"ReadAction","target":["https:\/\/aconteceunovale.com.br\/portal\/?p=105274"]}]},{"@type":"ImageObject","inLanguage":"pt-BR","@id":"https:\/\/aconteceunovale.com.br\/portal\/?p=105274#primaryimage","url":"https:\/\/aconteceunovale.com.br\/portal\/wp-content\/uploads\/2016\/12\/desaparecidos_bahamas.jpg","contentUrl":"https:\/\/aconteceunovale.com.br\/portal\/wp-content\/uploads\/2016\/12\/desaparecidos_bahamas.jpg","width":653,"height":435},{"@type":"BreadcrumbList","@id":"https:\/\/aconteceunovale.com.br\/portal\/?p=105274#breadcrumb","itemListElement":[{"@type":"ListItem","position":1,"name":"In\u00edcio","item":"https:\/\/aconteceunovale.com.br\/portal\/"},{"@type":"ListItem","position":2,"name":"Dois moradores do Leste de Minas est\u00e3o entre os desaparecidos nas Bahamas"}]},{"@type":"WebSite","@id":"https:\/\/aconteceunovale.com.br\/portal\/#website","url":"https:\/\/aconteceunovale.com.br\/portal\/","name":"Aconteceu no Vale","description":"Portal de Not\u00edcias","potentialAction":[{"@type":"SearchAction","target":{"@type":"EntryPoint","urlTemplate":"https:\/\/aconteceunovale.com.br\/portal\/?s={search_term_string}"},"query-input":{"@type":"PropertyValueSpecification","valueRequired":true,"valueName":"search_term_string"}}],"inLanguage":"pt-BR"},{"@type":"Person","@id":"https:\/\/aconteceunovale.com.br\/portal\/#\/schema\/person\/633529146f2c94272bef50ac2953d589","name":"Aconteceu no Vale","description":"Equipe de reportagem do Aconteceu no Vale, portal de not\u00edcias do Vale do Jequitinhonha, em Minas Gerais. Cobrimos as 51 cidades do Vale desde 2013. Sugest\u00f5es de pauta e pedidos de corre\u00e7\u00e3o: contato@aconteceunovale.com.br","sameAs":["http:\/\/www.aconteceunovale.com.br"],"url":"https:\/\/aconteceunovale.com.br\/portal\/?author=1"}]}},"_links":{"self":[{"href":"https:\/\/aconteceunovale.com.br\/portal\/index.php?rest_route=\/wp\/v2\/posts\/105274","targetHints":{"allow":["GET"]}}],"collection":[{"href":"https:\/\/aconteceunovale.com.br\/portal\/index.php?rest_route=\/wp\/v2\/posts"}],"about":[{"href":"https:\/\/aconteceunovale.com.br\/portal\/index.php?rest_route=\/wp\/v2\/types\/post"}],"author":[{"embeddable":true,"href":"https:\/\/aconteceunovale.com.br\/portal\/index.php?rest_route=\/wp\/v2\/users\/1"}],"replies":[{"embeddable":true,"href":"https:\/\/aconteceunovale.com.br\/portal\/index.php?rest_route=%2Fwp%2Fv2%2Fcomments&post=105274"}],"version-history":[{"count":0,"href":"https:\/\/aconteceunovale.com.br\/portal\/index.php?rest_route=\/wp\/v2\/posts\/105274\/revisions"}],"wp:featuredmedia":[{"embeddable":true,"href":"https:\/\/aconteceunovale.com.br\/portal\/index.php?rest_route=\/wp\/v2\/media\/105279"}],"wp:attachment":[{"href":"https:\/\/aconteceunovale.com.br\/portal\/index.php?rest_route=%2Fwp%2Fv2%2Fmedia&parent=105274"}],"wp:term":[{"taxonomy":"category","embeddable":true,"href":"https:\/\/aconteceunovale.com.br\/portal\/index.php?rest_route=%2Fwp%2Fv2%2Fcategories&post=105274"},{"taxonomy":"post_tag","embeddable":true,"href":"https:\/\/aconteceunovale.com.br\/portal\/index.php?rest_route=%2Fwp%2Fv2%2Ftags&post=105274"}],"curies":[{"name":"wp","href":"https:\/\/api.w.org\/{rel}","templated":true}]}}