{"id":105270,"date":"2016-12-26T14:15:05","date_gmt":"2016-12-26T16:15:05","guid":{"rendered":"http:\/\/aconteceunovale.com.br\/portal\/?p=105270"},"modified":"2026-09-02T12:51:16","modified_gmt":"2026-09-02T15:51:16","slug":"governador-sanciona-lei-que-reconhece-vesperata-de-diamantina-como-patrimonio-cultural-de-minas","status":"publish","type":"post","link":"https:\/\/aconteceunovale.com.br\/portal\/?p=105270","title":{"rendered":"Governador sanciona lei que reconhece Vesperata de Diamantina como patrim\u00f4nio cultural de Minas"},"content":{"rendered":"<p>Foi publicada no Di\u00e1rio Oficial de Minas Gerais deste s\u00e1bado (24\/12\/16) a san\u00e7\u00e3o do governador \u00e0 Lei 22.456, que reconhece a Vesperata de Diamantina (Vale do Jequitinhonha) como patrim\u00f4nio cultural do Estado. A norma tramitou na Assembleia Legislativa de Minas Gerais (ALMG) na forma do Projeto de Lei (PL) 2.038\/15, de autoria do deputado Carlos Pimenta (PDT), e foi aprovada no dia 6 de dezembro.<\/p>\n<p>A nova lei tem o objetivo de valorizar o tradicional evento da cidade hist\u00f3rica, em que os m\u00fasicos se apresentam das janelas dos casar\u00f5es e os maestros se posicionam na rua, no meio da plateia.<\/p>\n<p>Tamb\u00e9m foram aprovadas as seguintes leis de reconhecimento de patrim\u00f4nios culturais:<\/p>\n<table width=\"99%\" border=\"1\" cellspacing=\"0\" cellpadding=\"0\">\n<tbody>\n<tr>\n<td valign=\"bottom\" width=\"11%\"><b>Lei<\/b><\/td>\n<td valign=\"bottom\" width=\"44%\"><b>Autor do PL que deu origem \u00e0 norma<\/b><\/td>\n<td valign=\"bottom\" width=\"44%\"><b>Patrim\u00f4nio<\/b><\/td>\n<\/tr>\n<tr>\n<td valign=\"bottom\" width=\"11%\">22.462<\/td>\n<td valign=\"bottom\" width=\"44%\">Deputado Cabo J\u00falio (PMDB) &#8211;\u00a0PL 450\/15<\/td>\n<td valign=\"bottom\" width=\"44%\">Banda Sinf\u00f4nica do Corpo de Bombeiros<\/td>\n<\/tr>\n<tr>\n<td valign=\"bottom\" width=\"11%\">22.453<\/td>\n<td valign=\"bottom\" width=\"44%\">Deputado Cabo J\u00falio &#8211;\u00a0PL 784\/15<\/td>\n<td valign=\"bottom\" width=\"44%\">Orquestra Sinf\u00f4nica da Pol\u00edcia Militar<\/td>\n<\/tr>\n<tr>\n<td valign=\"bottom\" width=\"11%\">22.454<\/td>\n<td valign=\"bottom\" width=\"44%\">Deputado Agostinho Patrus Filho (PV) &#8211;\u00a0PL 1.615\/15<\/td>\n<td valign=\"bottom\" width=\"44%\">Of\u00edcio das quitandeiras<\/td>\n<\/tr>\n<tr>\n<td valign=\"bottom\" width=\"11%\">22.455<\/td>\n<td valign=\"bottom\" width=\"44%\">Deputado Carlos Pimenta (PDT) &#8211;\u00a0PL 2.037\/15<\/td>\n<td valign=\"bottom\" width=\"44%\">Festa Nacional do Biscoito de Japonvar (Norte de Minas)<\/td>\n<\/tr>\n<tr>\n<td valign=\"bottom\" width=\"11%\">22.457<\/td>\n<td valign=\"bottom\" width=\"44%\">Deputado Ulysses Gomes (PT) &#8211;\u00a0PL &#8211; 2.130\/15<\/td>\n<td valign=\"bottom\" width=\"44%\">Tric\u00f4 de Monte Si\u00e3o (Sul de Minas)<\/td>\n<\/tr>\n<tr>\n<td valign=\"bottom\" width=\"11%\">22.458<\/td>\n<td valign=\"bottom\" width=\"44%\">Deputado Agostinho Patrus Filho &#8211;\u00a0PL 2.761\/15<\/td>\n<td valign=\"bottom\" width=\"44%\">Gastrono<\/td>\n<\/tr>\n<\/tbody>\n<\/table>\n<p><em>(Da ALMG)<\/em><\/p>\n","protected":false},"excerpt":{"rendered":"<p>Foi publicada no Di\u00e1rio Oficial de Minas Gerais deste s\u00e1bado (24\/12\/16) a san\u00e7\u00e3o do governador \u00e0 Lei 22.456, que reconhece a Vesperata de Diamantina (Vale do Jequitinhonha) como patrim\u00f4nio cultural do Estado. A norma tramitou na Assembleia Legislativa de Minas Gerais (ALMG) na forma do Projeto de Lei (PL) 2.038\/15, de autoria do deputado Carlos [&hellip;]<\/p>\n","protected":false},"author":1,"featured_media":74882,"comment_status":"open","ping_status":"closed","sticky":false,"template":"","format":"standard","meta":{"amp_status":"","footnotes":""},"categories":[272543,123,120],"tags":[752,129277,129276,24358,17593,1018,132652,132651,132653,129274,129273,70013,129275],"class_list":["post-105270","post","type-post","status-publish","format-standard","has-post-thumbnail","hentry","category-diamantina","category-gerais","category-jequi","tag-almg","tag-almg-reconhece-vesperata-de-diamantina-e-patrimonio-cultural-de-minas-gerais","tag-almg-vesperata-de-diamantina-e-patrimonio-cultural-de-minas-gerais","tag-assembleia-legislativa-de-minas-gerais","tag-carlos-pimenta","tag-destaque","tag-governador-sanciona-lei-que-reconhece-vesperata-de-diamantina-como-patrimonio-cultural-de-minas","tag-lei-22-456","tag-lei-que-reconhece-vesperata-de-diamantina-como-patrimonio-cultural-de-minas","tag-pl-2-03815","tag-projeto-de-lei-2-03815","tag-vesperata-de-diamantina","tag-vesperata-de-diamantina-e-patrimonio-cultural-de-minas-gerais"],"yoast_head":"<!-- This site is optimized with the Yoast SEO plugin v28.3 - https:\/\/yoast.com\/product\/yoast-seo-wordpress\/ -->\n<title>Governador sanciona lei que reconhece Vesperata de Diamantina como patrim\u00f4nio cultural de Minas - Aconteceu no Vale<\/title>\n<meta name=\"robots\" content=\"index, follow, max-snippet:-1, max-image-preview:large, max-video-preview:-1\" \/>\n<link rel=\"canonical\" href=\"https:\/\/aconteceunovale.com.br\/portal\/?p=105270\" \/>\n<meta property=\"og:locale\" content=\"pt_BR\" \/>\n<meta property=\"og:type\" content=\"article\" \/>\n<meta property=\"og:title\" content=\"Governador sanciona lei que reconhece Vesperata de Diamantina como patrim\u00f4nio cultural de Minas - Aconteceu no Vale\" \/>\n<meta property=\"og:description\" content=\"Foi publicada no Di\u00e1rio Oficial de Minas Gerais deste s\u00e1bado (24\/12\/16) a san\u00e7\u00e3o do governador \u00e0 Lei 22.456, que reconhece a Vesperata de Diamantina (Vale do Jequitinhonha) como patrim\u00f4nio cultural do Estado. A norma tramitou na Assembleia Legislativa de Minas Gerais (ALMG) na forma do Projeto de Lei (PL) 2.038\/15, de autoria do deputado Carlos [&hellip;]\" \/>\n<meta property=\"og:url\" content=\"https:\/\/aconteceunovale.com.br\/portal\/?p=105270\" \/>\n<meta property=\"og:site_name\" content=\"Aconteceu no Vale\" \/>\n<meta property=\"article:publisher\" content=\"https:\/\/www.facebook.com\/aconteceunovale\/\" \/>\n<meta property=\"article:published_time\" content=\"2016-12-26T16:15:05+00:00\" \/>\n<meta property=\"article:modified_time\" content=\"2026-09-02T15:51:16+00:00\" \/>\n<meta property=\"og:image\" content=\"https:\/\/aconteceunovale.com.br\/portal\/wp-content\/uploads\/2015\/12\/vesperata_dtna_1.jpg\" \/>\n\t<meta property=\"og:image:width\" content=\"674\" \/>\n\t<meta property=\"og:image:height\" content=\"450\" \/>\n\t<meta property=\"og:image:type\" content=\"image\/jpeg\" \/>\n<meta name=\"author\" content=\"Aconteceu no Vale\" \/>\n<meta name=\"twitter:card\" content=\"summary_large_image\" \/>\n<meta name=\"twitter:creator\" content=\"@noticiadosvales\" \/>\n<meta name=\"twitter:site\" content=\"@noticiadosvales\" \/>\n<meta name=\"twitter:label1\" content=\"Escrito por\" \/>\n\t<meta name=\"twitter:data1\" content=\"Aconteceu no Vale\" \/>\n\t<meta name=\"twitter:label2\" content=\"Est. tempo de leitura\" \/>\n\t<meta name=\"twitter:data2\" content=\"1 minuto\" \/>\n<script type=\"application\/ld+json\" class=\"yoast-schema-graph\">{\"@context\":\"https:\\\/\\\/schema.org\",\"@graph\":[{\"@type\":\"Article\",\"@id\":\"https:\\\/\\\/aconteceunovale.com.br\\\/portal\\\/?p=105270#article\",\"isPartOf\":{\"@id\":\"https:\\\/\\\/aconteceunovale.com.br\\\/portal\\\/?p=105270\"},\"author\":{\"name\":\"Aconteceu no Vale\",\"@id\":\"https:\\\/\\\/aconteceunovale.com.br\\\/portal\\\/#\\\/schema\\\/person\\\/633529146f2c94272bef50ac2953d589\"},\"headline\":\"Governador sanciona lei que reconhece Vesperata de Diamantina como patrim\u00f4nio cultural de Minas\",\"datePublished\":\"2016-12-26T16:15:05+00:00\",\"dateModified\":\"2026-09-02T15:51:16+00:00\",\"mainEntityOfPage\":{\"@id\":\"https:\\\/\\\/aconteceunovale.com.br\\\/portal\\\/?p=105270\"},\"wordCount\":216,\"commentCount\":0,\"image\":{\"@id\":\"https:\\\/\\\/aconteceunovale.com.br\\\/portal\\\/?p=105270#primaryimage\"},\"thumbnailUrl\":\"https:\\\/\\\/aconteceunovale.com.br\\\/portal\\\/wp-content\\\/uploads\\\/2015\\\/12\\\/vesperata_dtna_1.jpg\",\"keywords\":[\"ALMG\",\"ALMG reconhece Vesperata de Diamantina \u00e9 patrim\u00f4nio cultural de Minas Gerais\",\"ALMG Vesperata de Diamantina \u00e9 patrim\u00f4nio cultural de Minas Gerais\",\"Assembleia Legislativa de Minas Gerais\",\"Carlos Pimenta\",\"destaque\",\"Governador sanciona lei que reconhece Vesperata de Diamantina como patrim\u00f4nio cultural de Minas\",\"Lei 22.456\",\"lei que reconhece Vesperata de Diamantina como patrim\u00f4nio cultural de Minas\",\"PL 2.038\\\/15\",\"Projeto de Lei 2.038\\\/15\",\"Vesperata de Diamantina\",\"Vesperata de Diamantina \u00e9 patrim\u00f4nio cultural de Minas Gerais\"],\"articleSection\":[\"Diamantina\",\"Minas Gerais\",\"Vale do Jequitinhonha\"],\"inLanguage\":\"pt-BR\",\"potentialAction\":[{\"@type\":\"CommentAction\",\"name\":\"Comment\",\"target\":[\"https:\\\/\\\/aconteceunovale.com.br\\\/portal\\\/?p=105270#respond\"]}]},{\"@type\":\"WebPage\",\"@id\":\"https:\\\/\\\/aconteceunovale.com.br\\\/portal\\\/?p=105270\",\"url\":\"https:\\\/\\\/aconteceunovale.com.br\\\/portal\\\/?p=105270\",\"name\":\"Governador sanciona lei que reconhece Vesperata de Diamantina como patrim\u00f4nio cultural de Minas - Aconteceu no Vale\",\"isPartOf\":{\"@id\":\"https:\\\/\\\/aconteceunovale.com.br\\\/portal\\\/#website\"},\"primaryImageOfPage\":{\"@id\":\"https:\\\/\\\/aconteceunovale.com.br\\\/portal\\\/?p=105270#primaryimage\"},\"image\":{\"@id\":\"https:\\\/\\\/aconteceunovale.com.br\\\/portal\\\/?p=105270#primaryimage\"},\"thumbnailUrl\":\"https:\\\/\\\/aconteceunovale.com.br\\\/portal\\\/wp-content\\\/uploads\\\/2015\\\/12\\\/vesperata_dtna_1.jpg\",\"datePublished\":\"2016-12-26T16:15:05+00:00\",\"dateModified\":\"2026-09-02T15:51:16+00:00\",\"author\":{\"@id\":\"https:\\\/\\\/aconteceunovale.com.br\\\/portal\\\/#\\\/schema\\\/person\\\/633529146f2c94272bef50ac2953d589\"},\"breadcrumb\":{\"@id\":\"https:\\\/\\\/aconteceunovale.com.br\\\/portal\\\/?p=105270#breadcrumb\"},\"inLanguage\":\"pt-BR\",\"potentialAction\":[{\"@type\":\"ReadAction\",\"target\":[\"https:\\\/\\\/aconteceunovale.com.br\\\/portal\\\/?p=105270\"]}]},{\"@type\":\"ImageObject\",\"inLanguage\":\"pt-BR\",\"@id\":\"https:\\\/\\\/aconteceunovale.com.br\\\/portal\\\/?p=105270#primaryimage\",\"url\":\"https:\\\/\\\/aconteceunovale.com.br\\\/portal\\\/wp-content\\\/uploads\\\/2015\\\/12\\\/vesperata_dtna_1.jpg\",\"contentUrl\":\"https:\\\/\\\/aconteceunovale.com.br\\\/portal\\\/wp-content\\\/uploads\\\/2015\\\/12\\\/vesperata_dtna_1.jpg\",\"width\":674,\"height\":450},{\"@type\":\"BreadcrumbList\",\"@id\":\"https:\\\/\\\/aconteceunovale.com.br\\\/portal\\\/?p=105270#breadcrumb\",\"itemListElement\":[{\"@type\":\"ListItem\",\"position\":1,\"name\":\"In\u00edcio\",\"item\":\"https:\\\/\\\/aconteceunovale.com.br\\\/portal\\\/\"},{\"@type\":\"ListItem\",\"position\":2,\"name\":\"Governador sanciona lei que reconhece Vesperata de Diamantina como patrim\u00f4nio cultural de Minas\"}]},{\"@type\":\"WebSite\",\"@id\":\"https:\\\/\\\/aconteceunovale.com.br\\\/portal\\\/#website\",\"url\":\"https:\\\/\\\/aconteceunovale.com.br\\\/portal\\\/\",\"name\":\"Aconteceu no Vale\",\"description\":\"Portal de Not\u00edcias\",\"potentialAction\":[{\"@type\":\"SearchAction\",\"target\":{\"@type\":\"EntryPoint\",\"urlTemplate\":\"https:\\\/\\\/aconteceunovale.com.br\\\/portal\\\/?s={search_term_string}\"},\"query-input\":{\"@type\":\"PropertyValueSpecification\",\"valueRequired\":true,\"valueName\":\"search_term_string\"}}],\"inLanguage\":\"pt-BR\"},{\"@type\":\"Person\",\"@id\":\"https:\\\/\\\/aconteceunovale.com.br\\\/portal\\\/#\\\/schema\\\/person\\\/633529146f2c94272bef50ac2953d589\",\"name\":\"Aconteceu no Vale\",\"description\":\"Equipe de reportagem do Aconteceu no Vale, portal de not\u00edcias do Vale do Jequitinhonha, em Minas Gerais. Cobrimos as 51 cidades do Vale desde 2013. Sugest\u00f5es de pauta e pedidos de corre\u00e7\u00e3o: contato@aconteceunovale.com.br\",\"sameAs\":[\"http:\\\/\\\/www.aconteceunovale.com.br\"],\"url\":\"https:\\\/\\\/aconteceunovale.com.br\\\/portal\\\/?author=1\"}]}<\/script>\n<!-- \/ Yoast SEO plugin. -->","yoast_head_json":{"title":"Governador sanciona lei que reconhece Vesperata de Diamantina como patrim\u00f4nio cultural de Minas - Aconteceu no Vale","robots":{"index":"index","follow":"follow","max-snippet":"max-snippet:-1","max-image-preview":"max-image-preview:large","max-video-preview":"max-video-preview:-1"},"canonical":"https:\/\/aconteceunovale.com.br\/portal\/?p=105270","og_locale":"pt_BR","og_type":"article","og_title":"Governador sanciona lei que reconhece Vesperata de Diamantina como patrim\u00f4nio cultural de Minas - Aconteceu no Vale","og_description":"Foi publicada no Di\u00e1rio Oficial de Minas Gerais deste s\u00e1bado (24\/12\/16) a san\u00e7\u00e3o do governador \u00e0 Lei 22.456, que reconhece a Vesperata de Diamantina (Vale do Jequitinhonha) como patrim\u00f4nio cultural do Estado. A norma tramitou na Assembleia Legislativa de Minas Gerais (ALMG) na forma do Projeto de Lei (PL) 2.038\/15, de autoria do deputado Carlos [&hellip;]","og_url":"https:\/\/aconteceunovale.com.br\/portal\/?p=105270","og_site_name":"Aconteceu no Vale","article_publisher":"https:\/\/www.facebook.com\/aconteceunovale\/","article_published_time":"2016-12-26T16:15:05+00:00","article_modified_time":"2026-09-02T15:51:16+00:00","og_image":[{"width":674,"height":450,"url":"https:\/\/aconteceunovale.com.br\/portal\/wp-content\/uploads\/2015\/12\/vesperata_dtna_1.jpg","type":"image\/jpeg"}],"author":"Aconteceu no Vale","twitter_card":"summary_large_image","twitter_creator":"@noticiadosvales","twitter_site":"@noticiadosvales","twitter_misc":{"Escrito por":"Aconteceu no Vale","Est. tempo de leitura":"1 minuto"},"schema":{"@context":"https:\/\/schema.org","@graph":[{"@type":"Article","@id":"https:\/\/aconteceunovale.com.br\/portal\/?p=105270#article","isPartOf":{"@id":"https:\/\/aconteceunovale.com.br\/portal\/?p=105270"},"author":{"name":"Aconteceu no Vale","@id":"https:\/\/aconteceunovale.com.br\/portal\/#\/schema\/person\/633529146f2c94272bef50ac2953d589"},"headline":"Governador sanciona lei que reconhece Vesperata de Diamantina como patrim\u00f4nio cultural de Minas","datePublished":"2016-12-26T16:15:05+00:00","dateModified":"2026-09-02T15:51:16+00:00","mainEntityOfPage":{"@id":"https:\/\/aconteceunovale.com.br\/portal\/?p=105270"},"wordCount":216,"commentCount":0,"image":{"@id":"https:\/\/aconteceunovale.com.br\/portal\/?p=105270#primaryimage"},"thumbnailUrl":"https:\/\/aconteceunovale.com.br\/portal\/wp-content\/uploads\/2015\/12\/vesperata_dtna_1.jpg","keywords":["ALMG","ALMG reconhece Vesperata de Diamantina \u00e9 patrim\u00f4nio cultural de Minas Gerais","ALMG Vesperata de Diamantina \u00e9 patrim\u00f4nio cultural de Minas Gerais","Assembleia Legislativa de Minas Gerais","Carlos Pimenta","destaque","Governador sanciona lei que reconhece Vesperata de Diamantina como patrim\u00f4nio cultural de Minas","Lei 22.456","lei que reconhece Vesperata de Diamantina como patrim\u00f4nio cultural de Minas","PL 2.038\/15","Projeto de Lei 2.038\/15","Vesperata de Diamantina","Vesperata de Diamantina \u00e9 patrim\u00f4nio cultural de Minas Gerais"],"articleSection":["Diamantina","Minas Gerais","Vale do Jequitinhonha"],"inLanguage":"pt-BR","potentialAction":[{"@type":"CommentAction","name":"Comment","target":["https:\/\/aconteceunovale.com.br\/portal\/?p=105270#respond"]}]},{"@type":"WebPage","@id":"https:\/\/aconteceunovale.com.br\/portal\/?p=105270","url":"https:\/\/aconteceunovale.com.br\/portal\/?p=105270","name":"Governador sanciona lei que reconhece Vesperata de Diamantina como patrim\u00f4nio cultural de Minas - Aconteceu no Vale","isPartOf":{"@id":"https:\/\/aconteceunovale.com.br\/portal\/#website"},"primaryImageOfPage":{"@id":"https:\/\/aconteceunovale.com.br\/portal\/?p=105270#primaryimage"},"image":{"@id":"https:\/\/aconteceunovale.com.br\/portal\/?p=105270#primaryimage"},"thumbnailUrl":"https:\/\/aconteceunovale.com.br\/portal\/wp-content\/uploads\/2015\/12\/vesperata_dtna_1.jpg","datePublished":"2016-12-26T16:15:05+00:00","dateModified":"2026-09-02T15:51:16+00:00","author":{"@id":"https:\/\/aconteceunovale.com.br\/portal\/#\/schema\/person\/633529146f2c94272bef50ac2953d589"},"breadcrumb":{"@id":"https:\/\/aconteceunovale.com.br\/portal\/?p=105270#breadcrumb"},"inLanguage":"pt-BR","potentialAction":[{"@type":"ReadAction","target":["https:\/\/aconteceunovale.com.br\/portal\/?p=105270"]}]},{"@type":"ImageObject","inLanguage":"pt-BR","@id":"https:\/\/aconteceunovale.com.br\/portal\/?p=105270#primaryimage","url":"https:\/\/aconteceunovale.com.br\/portal\/wp-content\/uploads\/2015\/12\/vesperata_dtna_1.jpg","contentUrl":"https:\/\/aconteceunovale.com.br\/portal\/wp-content\/uploads\/2015\/12\/vesperata_dtna_1.jpg","width":674,"height":450},{"@type":"BreadcrumbList","@id":"https:\/\/aconteceunovale.com.br\/portal\/?p=105270#breadcrumb","itemListElement":[{"@type":"ListItem","position":1,"name":"In\u00edcio","item":"https:\/\/aconteceunovale.com.br\/portal\/"},{"@type":"ListItem","position":2,"name":"Governador sanciona lei que reconhece Vesperata de Diamantina como patrim\u00f4nio cultural de Minas"}]},{"@type":"WebSite","@id":"https:\/\/aconteceunovale.com.br\/portal\/#website","url":"https:\/\/aconteceunovale.com.br\/portal\/","name":"Aconteceu no Vale","description":"Portal de Not\u00edcias","potentialAction":[{"@type":"SearchAction","target":{"@type":"EntryPoint","urlTemplate":"https:\/\/aconteceunovale.com.br\/portal\/?s={search_term_string}"},"query-input":{"@type":"PropertyValueSpecification","valueRequired":true,"valueName":"search_term_string"}}],"inLanguage":"pt-BR"},{"@type":"Person","@id":"https:\/\/aconteceunovale.com.br\/portal\/#\/schema\/person\/633529146f2c94272bef50ac2953d589","name":"Aconteceu no Vale","description":"Equipe de reportagem do Aconteceu no Vale, portal de not\u00edcias do Vale do Jequitinhonha, em Minas Gerais. Cobrimos as 51 cidades do Vale desde 2013. Sugest\u00f5es de pauta e pedidos de corre\u00e7\u00e3o: contato@aconteceunovale.com.br","sameAs":["http:\/\/www.aconteceunovale.com.br"],"url":"https:\/\/aconteceunovale.com.br\/portal\/?author=1"}]}},"_links":{"self":[{"href":"https:\/\/aconteceunovale.com.br\/portal\/index.php?rest_route=\/wp\/v2\/posts\/105270","targetHints":{"allow":["GET"]}}],"collection":[{"href":"https:\/\/aconteceunovale.com.br\/portal\/index.php?rest_route=\/wp\/v2\/posts"}],"about":[{"href":"https:\/\/aconteceunovale.com.br\/portal\/index.php?rest_route=\/wp\/v2\/types\/post"}],"author":[{"embeddable":true,"href":"https:\/\/aconteceunovale.com.br\/portal\/index.php?rest_route=\/wp\/v2\/users\/1"}],"replies":[{"embeddable":true,"href":"https:\/\/aconteceunovale.com.br\/portal\/index.php?rest_route=%2Fwp%2Fv2%2Fcomments&post=105270"}],"version-history":[{"count":1,"href":"https:\/\/aconteceunovale.com.br\/portal\/index.php?rest_route=\/wp\/v2\/posts\/105270\/revisions"}],"predecessor-version":[{"id":200379,"href":"https:\/\/aconteceunovale.com.br\/portal\/index.php?rest_route=\/wp\/v2\/posts\/105270\/revisions\/200379"}],"wp:featuredmedia":[{"embeddable":true,"href":"https:\/\/aconteceunovale.com.br\/portal\/index.php?rest_route=\/wp\/v2\/media\/74882"}],"wp:attachment":[{"href":"https:\/\/aconteceunovale.com.br\/portal\/index.php?rest_route=%2Fwp%2Fv2%2Fmedia&parent=105270"}],"wp:term":[{"taxonomy":"category","embeddable":true,"href":"https:\/\/aconteceunovale.com.br\/portal\/index.php?rest_route=%2Fwp%2Fv2%2Fcategories&post=105270"},{"taxonomy":"post_tag","embeddable":true,"href":"https:\/\/aconteceunovale.com.br\/portal\/index.php?rest_route=%2Fwp%2Fv2%2Ftags&post=105270"}],"curies":[{"name":"wp","href":"https:\/\/api.w.org\/{rel}","templated":true}]}}