{"id":105267,"date":"2016-12-26T14:03:59","date_gmt":"2016-12-26T16:03:59","guid":{"rendered":"http:\/\/aconteceunovale.com.br\/portal\/?p=105267"},"modified":"2016-12-26T14:03:59","modified_gmt":"2016-12-26T16:03:59","slug":"anac-reajusta-tarifa-de-embarque-em-confins-e-mais-cinco-aeroportos","status":"publish","type":"post","link":"https:\/\/aconteceunovale.com.br\/portal\/?p=105267","title":{"rendered":"Anac reajusta tarifa de embarque em Confins e mais cinco aeroportos"},"content":{"rendered":"<p>A Ag\u00eancia Nacional de Avia\u00e7\u00e3o Civil (Anac) publicou nesta segunda-feira (26\/12\/2016) no Di\u00e1rio Oficial da Uni\u00e3o decis\u00e3o de altera\u00e7\u00e3o unilateral no contrato de concess\u00e3o de seis aeroportos do pa\u00eds. As altera\u00e7\u00f5es modificam, entre outros pontos, valores de taxas de embarque de voos dom\u00e9sticos e internacionais.<\/p>\n<p>As taxas ser\u00e3o alteradas nos aeroportos internacionais do Gale\u00e3o, no Rio de Janeiro; de Cumbica, em Guarulhos (SP); Juscelino Kubitschek, em Bras\u00edlia; Tancredo Neves\/Confins, em Belo Horizonte; Viracopos, em Campinas (SP); e de S\u00e3o Gon\u00e7alo do Amarante, no Rio Grande do Norte.<\/p>\n<p>De acordo com a Anac, independentemente da tarifa praticada e dos reajustes decorrentes do contrato de concess\u00e3o de cada aeroporto, para voos internacionais ser\u00e1 aplicado valor adicional do Fundo Nacional de Avia\u00e7\u00e3o Civil (FNAC) que corresponder\u00e1 sempre a US$ 18. As altera\u00e7\u00f5es come\u00e7am a valer a partir de 1\u00ba de janeiro de 2017. (Ag\u00eancia Brasil)<\/p>\n","protected":false},"excerpt":{"rendered":"<p>A Ag\u00eancia Nacional de Avia\u00e7\u00e3o Civil (Anac) publicou nesta segunda-feira (26\/12\/2016) no Di\u00e1rio Oficial da Uni\u00e3o decis\u00e3o de altera\u00e7\u00e3o unilateral no contrato de concess\u00e3o de seis aeroportos do pa\u00eds. As altera\u00e7\u00f5es modificam, entre outros pontos, valores de taxas de embarque de voos dom\u00e9sticos e internacionais. As taxas ser\u00e3o alteradas nos aeroportos internacionais do Gale\u00e3o, no [&hellip;]<\/p>\n","protected":false},"author":1,"featured_media":105268,"comment_status":"open","ping_status":"closed","sticky":false,"template":"","format":"standard","meta":{"amp_status":"","footnotes":""},"categories":[6,123],"tags":[18971,2581,132643,132644,132646,132650,132649,132645,132648,194,4606,4607,132647,1104,91030],"class_list":["post-105267","post","type-post","status-publish","format-standard","has-post-thumbnail","hentry","category-br","category-gerais","tag-agencia-nacional-de-aviacao-civil","tag-anac","tag-anac-reajusta-tarifa-de-embarque-em-confins-e-mais-cinco-aeroportos","tag-anac-reajusta-tarifa-de-embarque-no-aeroporto-de-confins","tag-anac-reajusta-tarifa-de-embarque-no-aeroporto-de-cumbica","tag-anac-reajusta-tarifa-de-embarque-no-aeroporto-de-sao-goncalo-do-amarante","tag-anac-reajusta-tarifa-de-embarque-no-aeroporto-de-viracopos","tag-anac-reajusta-tarifa-de-embarque-no-aeroporto-do-galeao","tag-anac-reajusta-tarifa-de-embarque-no-aeroporto-juscelino-kubitschek","tag-belo-horizonte","tag-brasilia","tag-campinas","tag-garulhos","tag-rio-de-janeiro","tag-sao-goncalo-do-amarante"],"yoast_head":"<!-- This site is optimized with the Yoast SEO plugin v28.3 - https:\/\/yoast.com\/product\/yoast-seo-wordpress\/ -->\n<title>Anac reajusta tarifa de embarque em Confins e mais cinco aeroportos - Aconteceu no Vale<\/title>\n<meta name=\"robots\" content=\"index, follow, max-snippet:-1, max-image-preview:large, max-video-preview:-1\" \/>\n<link rel=\"canonical\" href=\"https:\/\/aconteceunovale.com.br\/portal\/?p=105267\" \/>\n<meta property=\"og:locale\" content=\"pt_BR\" \/>\n<meta property=\"og:type\" content=\"article\" \/>\n<meta property=\"og:title\" content=\"Anac reajusta tarifa de embarque em Confins e mais cinco aeroportos - Aconteceu no Vale\" \/>\n<meta property=\"og:description\" content=\"A Ag\u00eancia Nacional de Avia\u00e7\u00e3o Civil (Anac) publicou nesta segunda-feira (26\/12\/2016) no Di\u00e1rio Oficial da Uni\u00e3o decis\u00e3o de altera\u00e7\u00e3o unilateral no contrato de concess\u00e3o de seis aeroportos do pa\u00eds. As altera\u00e7\u00f5es modificam, entre outros pontos, valores de taxas de embarque de voos dom\u00e9sticos e internacionais. As taxas ser\u00e3o alteradas nos aeroportos internacionais do Gale\u00e3o, no [&hellip;]\" \/>\n<meta property=\"og:url\" content=\"https:\/\/aconteceunovale.com.br\/portal\/?p=105267\" \/>\n<meta property=\"og:site_name\" content=\"Aconteceu no Vale\" \/>\n<meta property=\"article:publisher\" content=\"https:\/\/www.facebook.com\/aconteceunovale\/\" \/>\n<meta property=\"article:published_time\" content=\"2016-12-26T16:03:59+00:00\" \/>\n<meta property=\"og:image\" content=\"https:\/\/aconteceunovale.com.br\/portal\/wp-content\/uploads\/2016\/12\/confins.png\" \/>\n\t<meta property=\"og:image:width\" content=\"638\" \/>\n\t<meta property=\"og:image:height\" content=\"358\" \/>\n\t<meta property=\"og:image:type\" content=\"image\/png\" \/>\n<meta name=\"author\" content=\"Aconteceu no Vale\" \/>\n<meta name=\"twitter:card\" content=\"summary_large_image\" \/>\n<meta name=\"twitter:creator\" content=\"@noticiadosvales\" \/>\n<meta name=\"twitter:site\" content=\"@noticiadosvales\" \/>\n<meta name=\"twitter:label1\" content=\"Escrito por\" \/>\n\t<meta name=\"twitter:data1\" content=\"Aconteceu no Vale\" \/>\n\t<meta name=\"twitter:label2\" content=\"Est. tempo de leitura\" \/>\n\t<meta name=\"twitter:data2\" content=\"1 minuto\" \/>\n<script type=\"application\/ld+json\" class=\"yoast-schema-graph\">{\"@context\":\"https:\\\/\\\/schema.org\",\"@graph\":[{\"@type\":\"Article\",\"@id\":\"https:\\\/\\\/aconteceunovale.com.br\\\/portal\\\/?p=105267#article\",\"isPartOf\":{\"@id\":\"https:\\\/\\\/aconteceunovale.com.br\\\/portal\\\/?p=105267\"},\"author\":{\"name\":\"Aconteceu no Vale\",\"@id\":\"https:\\\/\\\/aconteceunovale.com.br\\\/portal\\\/#\\\/schema\\\/person\\\/633529146f2c94272bef50ac2953d589\"},\"headline\":\"Anac reajusta tarifa de embarque em Confins e mais cinco aeroportos\",\"datePublished\":\"2016-12-26T16:03:59+00:00\",\"mainEntityOfPage\":{\"@id\":\"https:\\\/\\\/aconteceunovale.com.br\\\/portal\\\/?p=105267\"},\"wordCount\":170,\"commentCount\":0,\"image\":{\"@id\":\"https:\\\/\\\/aconteceunovale.com.br\\\/portal\\\/?p=105267#primaryimage\"},\"thumbnailUrl\":\"https:\\\/\\\/aconteceunovale.com.br\\\/portal\\\/wp-content\\\/uploads\\\/2016\\\/12\\\/confins.png\",\"keywords\":[\"Ag\u00eancia Nacional de Avia\u00e7\u00e3o Civil\",\"Anac\",\"Anac reajusta tarifa de embarque em Confins e mais cinco aeroportos\",\"Anac reajusta tarifa de embarque no Aeroporto de Confins\",\"Anac reajusta tarifa de embarque no Aeroporto de Cumbica\",\"Anac reajusta tarifa de embarque no Aeroporto de S\u00e3o Gon\u00e7alo do Amarante\",\"Anac reajusta tarifa de embarque no Aeroporto de Viracopos\",\"Anac reajusta tarifa de embarque no Aeroporto do Gale\u00e3o\",\"Anac reajusta tarifa de embarque no Aeroporto Juscelino Kubitschek\",\"Belo Horizonte\",\"Bras\u00edlia\",\"Campinas\",\"Garulhos\",\"Rio de Janeiro\",\"S\u00e3o Gon\u00e7alo do Amarante\"],\"articleSection\":[\"Brasil\",\"Minas Gerais\"],\"inLanguage\":\"pt-BR\",\"potentialAction\":[{\"@type\":\"CommentAction\",\"name\":\"Comment\",\"target\":[\"https:\\\/\\\/aconteceunovale.com.br\\\/portal\\\/?p=105267#respond\"]}]},{\"@type\":\"WebPage\",\"@id\":\"https:\\\/\\\/aconteceunovale.com.br\\\/portal\\\/?p=105267\",\"url\":\"https:\\\/\\\/aconteceunovale.com.br\\\/portal\\\/?p=105267\",\"name\":\"Anac reajusta tarifa de embarque em Confins e mais cinco aeroportos - Aconteceu no Vale\",\"isPartOf\":{\"@id\":\"https:\\\/\\\/aconteceunovale.com.br\\\/portal\\\/#website\"},\"primaryImageOfPage\":{\"@id\":\"https:\\\/\\\/aconteceunovale.com.br\\\/portal\\\/?p=105267#primaryimage\"},\"image\":{\"@id\":\"https:\\\/\\\/aconteceunovale.com.br\\\/portal\\\/?p=105267#primaryimage\"},\"thumbnailUrl\":\"https:\\\/\\\/aconteceunovale.com.br\\\/portal\\\/wp-content\\\/uploads\\\/2016\\\/12\\\/confins.png\",\"datePublished\":\"2016-12-26T16:03:59+00:00\",\"author\":{\"@id\":\"https:\\\/\\\/aconteceunovale.com.br\\\/portal\\\/#\\\/schema\\\/person\\\/633529146f2c94272bef50ac2953d589\"},\"breadcrumb\":{\"@id\":\"https:\\\/\\\/aconteceunovale.com.br\\\/portal\\\/?p=105267#breadcrumb\"},\"inLanguage\":\"pt-BR\",\"potentialAction\":[{\"@type\":\"ReadAction\",\"target\":[\"https:\\\/\\\/aconteceunovale.com.br\\\/portal\\\/?p=105267\"]}]},{\"@type\":\"ImageObject\",\"inLanguage\":\"pt-BR\",\"@id\":\"https:\\\/\\\/aconteceunovale.com.br\\\/portal\\\/?p=105267#primaryimage\",\"url\":\"https:\\\/\\\/aconteceunovale.com.br\\\/portal\\\/wp-content\\\/uploads\\\/2016\\\/12\\\/confins.png\",\"contentUrl\":\"https:\\\/\\\/aconteceunovale.com.br\\\/portal\\\/wp-content\\\/uploads\\\/2016\\\/12\\\/confins.png\",\"width\":638,\"height\":358},{\"@type\":\"BreadcrumbList\",\"@id\":\"https:\\\/\\\/aconteceunovale.com.br\\\/portal\\\/?p=105267#breadcrumb\",\"itemListElement\":[{\"@type\":\"ListItem\",\"position\":1,\"name\":\"In\u00edcio\",\"item\":\"https:\\\/\\\/aconteceunovale.com.br\\\/portal\\\/\"},{\"@type\":\"ListItem\",\"position\":2,\"name\":\"Anac reajusta tarifa de embarque em Confins e mais cinco aeroportos\"}]},{\"@type\":\"WebSite\",\"@id\":\"https:\\\/\\\/aconteceunovale.com.br\\\/portal\\\/#website\",\"url\":\"https:\\\/\\\/aconteceunovale.com.br\\\/portal\\\/\",\"name\":\"Aconteceu no Vale\",\"description\":\"Portal de Not\u00edcias\",\"potentialAction\":[{\"@type\":\"SearchAction\",\"target\":{\"@type\":\"EntryPoint\",\"urlTemplate\":\"https:\\\/\\\/aconteceunovale.com.br\\\/portal\\\/?s={search_term_string}\"},\"query-input\":{\"@type\":\"PropertyValueSpecification\",\"valueRequired\":true,\"valueName\":\"search_term_string\"}}],\"inLanguage\":\"pt-BR\"},{\"@type\":\"Person\",\"@id\":\"https:\\\/\\\/aconteceunovale.com.br\\\/portal\\\/#\\\/schema\\\/person\\\/633529146f2c94272bef50ac2953d589\",\"name\":\"Aconteceu no Vale\",\"description\":\"Equipe de reportagem do Aconteceu no Vale, portal de not\u00edcias do Vale do Jequitinhonha, em Minas Gerais. Cobrimos as 51 cidades do Vale desde 2013. Sugest\u00f5es de pauta e pedidos de corre\u00e7\u00e3o: contato@aconteceunovale.com.br\",\"sameAs\":[\"http:\\\/\\\/www.aconteceunovale.com.br\"],\"url\":\"https:\\\/\\\/aconteceunovale.com.br\\\/portal\\\/?author=1\"}]}<\/script>\n<!-- \/ Yoast SEO plugin. -->","yoast_head_json":{"title":"Anac reajusta tarifa de embarque em Confins e mais cinco aeroportos - Aconteceu no Vale","robots":{"index":"index","follow":"follow","max-snippet":"max-snippet:-1","max-image-preview":"max-image-preview:large","max-video-preview":"max-video-preview:-1"},"canonical":"https:\/\/aconteceunovale.com.br\/portal\/?p=105267","og_locale":"pt_BR","og_type":"article","og_title":"Anac reajusta tarifa de embarque em Confins e mais cinco aeroportos - Aconteceu no Vale","og_description":"A Ag\u00eancia Nacional de Avia\u00e7\u00e3o Civil (Anac) publicou nesta segunda-feira (26\/12\/2016) no Di\u00e1rio Oficial da Uni\u00e3o decis\u00e3o de altera\u00e7\u00e3o unilateral no contrato de concess\u00e3o de seis aeroportos do pa\u00eds. As altera\u00e7\u00f5es modificam, entre outros pontos, valores de taxas de embarque de voos dom\u00e9sticos e internacionais. As taxas ser\u00e3o alteradas nos aeroportos internacionais do Gale\u00e3o, no [&hellip;]","og_url":"https:\/\/aconteceunovale.com.br\/portal\/?p=105267","og_site_name":"Aconteceu no Vale","article_publisher":"https:\/\/www.facebook.com\/aconteceunovale\/","article_published_time":"2016-12-26T16:03:59+00:00","og_image":[{"width":638,"height":358,"url":"https:\/\/aconteceunovale.com.br\/portal\/wp-content\/uploads\/2016\/12\/confins.png","type":"image\/png"}],"author":"Aconteceu no Vale","twitter_card":"summary_large_image","twitter_creator":"@noticiadosvales","twitter_site":"@noticiadosvales","twitter_misc":{"Escrito por":"Aconteceu no Vale","Est. tempo de leitura":"1 minuto"},"schema":{"@context":"https:\/\/schema.org","@graph":[{"@type":"Article","@id":"https:\/\/aconteceunovale.com.br\/portal\/?p=105267#article","isPartOf":{"@id":"https:\/\/aconteceunovale.com.br\/portal\/?p=105267"},"author":{"name":"Aconteceu no Vale","@id":"https:\/\/aconteceunovale.com.br\/portal\/#\/schema\/person\/633529146f2c94272bef50ac2953d589"},"headline":"Anac reajusta tarifa de embarque em Confins e mais cinco aeroportos","datePublished":"2016-12-26T16:03:59+00:00","mainEntityOfPage":{"@id":"https:\/\/aconteceunovale.com.br\/portal\/?p=105267"},"wordCount":170,"commentCount":0,"image":{"@id":"https:\/\/aconteceunovale.com.br\/portal\/?p=105267#primaryimage"},"thumbnailUrl":"https:\/\/aconteceunovale.com.br\/portal\/wp-content\/uploads\/2016\/12\/confins.png","keywords":["Ag\u00eancia Nacional de Avia\u00e7\u00e3o Civil","Anac","Anac reajusta tarifa de embarque em Confins e mais cinco aeroportos","Anac reajusta tarifa de embarque no Aeroporto de Confins","Anac reajusta tarifa de embarque no Aeroporto de Cumbica","Anac reajusta tarifa de embarque no Aeroporto de S\u00e3o Gon\u00e7alo do Amarante","Anac reajusta tarifa de embarque no Aeroporto de Viracopos","Anac reajusta tarifa de embarque no Aeroporto do Gale\u00e3o","Anac reajusta tarifa de embarque no Aeroporto Juscelino Kubitschek","Belo Horizonte","Bras\u00edlia","Campinas","Garulhos","Rio de Janeiro","S\u00e3o Gon\u00e7alo do Amarante"],"articleSection":["Brasil","Minas Gerais"],"inLanguage":"pt-BR","potentialAction":[{"@type":"CommentAction","name":"Comment","target":["https:\/\/aconteceunovale.com.br\/portal\/?p=105267#respond"]}]},{"@type":"WebPage","@id":"https:\/\/aconteceunovale.com.br\/portal\/?p=105267","url":"https:\/\/aconteceunovale.com.br\/portal\/?p=105267","name":"Anac reajusta tarifa de embarque em Confins e mais cinco aeroportos - Aconteceu no Vale","isPartOf":{"@id":"https:\/\/aconteceunovale.com.br\/portal\/#website"},"primaryImageOfPage":{"@id":"https:\/\/aconteceunovale.com.br\/portal\/?p=105267#primaryimage"},"image":{"@id":"https:\/\/aconteceunovale.com.br\/portal\/?p=105267#primaryimage"},"thumbnailUrl":"https:\/\/aconteceunovale.com.br\/portal\/wp-content\/uploads\/2016\/12\/confins.png","datePublished":"2016-12-26T16:03:59+00:00","author":{"@id":"https:\/\/aconteceunovale.com.br\/portal\/#\/schema\/person\/633529146f2c94272bef50ac2953d589"},"breadcrumb":{"@id":"https:\/\/aconteceunovale.com.br\/portal\/?p=105267#breadcrumb"},"inLanguage":"pt-BR","potentialAction":[{"@type":"ReadAction","target":["https:\/\/aconteceunovale.com.br\/portal\/?p=105267"]}]},{"@type":"ImageObject","inLanguage":"pt-BR","@id":"https:\/\/aconteceunovale.com.br\/portal\/?p=105267#primaryimage","url":"https:\/\/aconteceunovale.com.br\/portal\/wp-content\/uploads\/2016\/12\/confins.png","contentUrl":"https:\/\/aconteceunovale.com.br\/portal\/wp-content\/uploads\/2016\/12\/confins.png","width":638,"height":358},{"@type":"BreadcrumbList","@id":"https:\/\/aconteceunovale.com.br\/portal\/?p=105267#breadcrumb","itemListElement":[{"@type":"ListItem","position":1,"name":"In\u00edcio","item":"https:\/\/aconteceunovale.com.br\/portal\/"},{"@type":"ListItem","position":2,"name":"Anac reajusta tarifa de embarque em Confins e mais cinco aeroportos"}]},{"@type":"WebSite","@id":"https:\/\/aconteceunovale.com.br\/portal\/#website","url":"https:\/\/aconteceunovale.com.br\/portal\/","name":"Aconteceu no Vale","description":"Portal de Not\u00edcias","potentialAction":[{"@type":"SearchAction","target":{"@type":"EntryPoint","urlTemplate":"https:\/\/aconteceunovale.com.br\/portal\/?s={search_term_string}"},"query-input":{"@type":"PropertyValueSpecification","valueRequired":true,"valueName":"search_term_string"}}],"inLanguage":"pt-BR"},{"@type":"Person","@id":"https:\/\/aconteceunovale.com.br\/portal\/#\/schema\/person\/633529146f2c94272bef50ac2953d589","name":"Aconteceu no Vale","description":"Equipe de reportagem do Aconteceu no Vale, portal de not\u00edcias do Vale do Jequitinhonha, em Minas Gerais. Cobrimos as 51 cidades do Vale desde 2013. Sugest\u00f5es de pauta e pedidos de corre\u00e7\u00e3o: contato@aconteceunovale.com.br","sameAs":["http:\/\/www.aconteceunovale.com.br"],"url":"https:\/\/aconteceunovale.com.br\/portal\/?author=1"}]}},"_links":{"self":[{"href":"https:\/\/aconteceunovale.com.br\/portal\/index.php?rest_route=\/wp\/v2\/posts\/105267","targetHints":{"allow":["GET"]}}],"collection":[{"href":"https:\/\/aconteceunovale.com.br\/portal\/index.php?rest_route=\/wp\/v2\/posts"}],"about":[{"href":"https:\/\/aconteceunovale.com.br\/portal\/index.php?rest_route=\/wp\/v2\/types\/post"}],"author":[{"embeddable":true,"href":"https:\/\/aconteceunovale.com.br\/portal\/index.php?rest_route=\/wp\/v2\/users\/1"}],"replies":[{"embeddable":true,"href":"https:\/\/aconteceunovale.com.br\/portal\/index.php?rest_route=%2Fwp%2Fv2%2Fcomments&post=105267"}],"version-history":[{"count":0,"href":"https:\/\/aconteceunovale.com.br\/portal\/index.php?rest_route=\/wp\/v2\/posts\/105267\/revisions"}],"wp:featuredmedia":[{"embeddable":true,"href":"https:\/\/aconteceunovale.com.br\/portal\/index.php?rest_route=\/wp\/v2\/media\/105268"}],"wp:attachment":[{"href":"https:\/\/aconteceunovale.com.br\/portal\/index.php?rest_route=%2Fwp%2Fv2%2Fmedia&parent=105267"}],"wp:term":[{"taxonomy":"category","embeddable":true,"href":"https:\/\/aconteceunovale.com.br\/portal\/index.php?rest_route=%2Fwp%2Fv2%2Fcategories&post=105267"},{"taxonomy":"post_tag","embeddable":true,"href":"https:\/\/aconteceunovale.com.br\/portal\/index.php?rest_route=%2Fwp%2Fv2%2Ftags&post=105267"}],"curies":[{"name":"wp","href":"https:\/\/api.w.org\/{rel}","templated":true}]}}