{"id":105262,"date":"2016-12-26T13:45:02","date_gmt":"2016-12-26T15:45:02","guid":{"rendered":"http:\/\/aconteceunovale.com.br\/portal\/?p=105262"},"modified":"2016-12-26T13:46:15","modified_gmt":"2016-12-26T15:46:15","slug":"prefeitura-de-teofilo-otoni-autoriza-reajuste-de-10-nas-passagens-de-onibus","status":"publish","type":"post","link":"https:\/\/aconteceunovale.com.br\/portal\/?p=105262","title":{"rendered":"Prefeitura de Te\u00f3filo Otoni autoriza reajuste de 10% nas passagens de \u00f4nibus"},"content":{"rendered":"<p>O prefeito interino de Te\u00f3filo Otoni, Ilter Volmer Martins (PSDB), decretou o reajuste no valor da tarifa para utiliza\u00e7\u00e3o do transporte coletivo urbano. O aumento de 10% entre em vigor a partir desta ter\u00e7a-feira (27\/12\/2016) para as linhas e percursos da \u00e1rea urbana e rural do munic\u00edpio. <\/p>\n<p>Entre as justificativas para autorizar o reajuste nas passagens, est\u00e1 os consecutivos aumentos no pre\u00e7o dos combust\u00edveis e demais insumos que refletem diretamente no pre\u00e7o de custo do servi\u00e7o, conforme o decreto n\u00ba. 7.615, de 16 de dezembro de 2016.<\/p>\n<p>Leia a \u00edntegra do documento:<\/p>\n<p><img decoding=\"async\" src=\"http:\/\/aconteceunovale.com.br\/portal\/wp-content\/uploads\/2016\/12\/aumento_passagem_teo_1.jpg\" alt=\"\" \/><img decoding=\"async\" src=\"http:\/\/aconteceunovale.com.br\/portal\/wp-content\/uploads\/2016\/12\/aumento_passagem_teo_2.jpg\" alt=\"\" \/><img decoding=\"async\" src=\"http:\/\/aconteceunovale.com.br\/portal\/wp-content\/uploads\/2016\/12\/aumento_passagem_teo_3.jpg\" alt=\"\" \/><\/p>\n","protected":false},"excerpt":{"rendered":"<p>O prefeito interino de Te\u00f3filo Otoni, Ilter Volmer Martins (PSDB), decretou o reajuste no valor da tarifa para utiliza\u00e7\u00e3o do transporte coletivo urbano. O aumento de 10% entre em vigor a partir desta ter\u00e7a-feira (27\/12\/2016) para as linhas e percursos da \u00e1rea urbana e rural do munic\u00edpio. Entre as justificativas para autorizar o reajuste nas [&hellip;]<\/p>\n","protected":false},"author":1,"featured_media":52548,"comment_status":"open","ping_status":"closed","sticky":false,"template":"","format":"standard","meta":{"amp_status":"","footnotes":""},"categories":[122],"tags":[132642,132639,1018,128487,132641,132636,132637,132640,132638],"class_list":["post-105262","post","type-post","status-publish","format-standard","has-post-thumbnail","hentry","category-mucuri","tag-aumento-das-passagens-em-teofilo-otoni","tag-aumento-passagens-viacao-vale-do-mucury","tag-destaque","tag-ilter-volmer-martins","tag-prefeito-interino-de-teofilo-otoni","tag-prefeitura-de-teofilo-otoni-autoriza-reajuste-de-10-na-passagem-de-onibus","tag-prefeitura-de-teofilo-otoni-autoriza-reajuste-de-10-nas-passagens-de-onibus","tag-reajuste-passagens-viacao-vale-do-mucury","tag-viacao-vale-do-mucury"],"yoast_head":"<!-- This site is optimized with the Yoast SEO plugin v28.3 - https:\/\/yoast.com\/product\/yoast-seo-wordpress\/ -->\n<title>Prefeitura de Te\u00f3filo Otoni autoriza reajuste de 10% nas passagens de \u00f4nibus - Aconteceu no Vale<\/title>\n<meta name=\"robots\" content=\"index, follow, max-snippet:-1, max-image-preview:large, max-video-preview:-1\" \/>\n<link rel=\"canonical\" href=\"https:\/\/aconteceunovale.com.br\/portal\/?p=105262\" \/>\n<meta property=\"og:locale\" content=\"pt_BR\" \/>\n<meta property=\"og:type\" content=\"article\" \/>\n<meta property=\"og:title\" content=\"Prefeitura de Te\u00f3filo Otoni autoriza reajuste de 10% nas passagens de \u00f4nibus - Aconteceu no Vale\" \/>\n<meta property=\"og:description\" content=\"O prefeito interino de Te\u00f3filo Otoni, Ilter Volmer Martins (PSDB), decretou o reajuste no valor da tarifa para utiliza\u00e7\u00e3o do transporte coletivo urbano. O aumento de 10% entre em vigor a partir desta ter\u00e7a-feira (27\/12\/2016) para as linhas e percursos da \u00e1rea urbana e rural do munic\u00edpio. Entre as justificativas para autorizar o reajuste nas [&hellip;]\" \/>\n<meta property=\"og:url\" content=\"https:\/\/aconteceunovale.com.br\/portal\/?p=105262\" \/>\n<meta property=\"og:site_name\" content=\"Aconteceu no Vale\" \/>\n<meta property=\"article:publisher\" content=\"https:\/\/www.facebook.com\/aconteceunovale\/\" \/>\n<meta property=\"article:published_time\" content=\"2016-12-26T15:45:02+00:00\" \/>\n<meta property=\"article:modified_time\" content=\"2016-12-26T15:46:15+00:00\" \/>\n<meta property=\"og:image\" content=\"https:\/\/aconteceunovale.com.br\/portal\/wp-content\/uploads\/2015\/02\/passagem_onibus_teo.jpg\" \/>\n\t<meta property=\"og:image:width\" content=\"678\" \/>\n\t<meta property=\"og:image:height\" content=\"322\" \/>\n\t<meta property=\"og:image:type\" content=\"image\/jpeg\" \/>\n<meta name=\"author\" content=\"Aconteceu no Vale\" \/>\n<meta name=\"twitter:card\" content=\"summary_large_image\" \/>\n<meta name=\"twitter:creator\" content=\"@noticiadosvales\" \/>\n<meta name=\"twitter:site\" content=\"@noticiadosvales\" \/>\n<meta name=\"twitter:label1\" content=\"Escrito por\" \/>\n\t<meta name=\"twitter:data1\" content=\"Aconteceu no Vale\" \/>\n<script type=\"application\/ld+json\" class=\"yoast-schema-graph\">{\"@context\":\"https:\\\/\\\/schema.org\",\"@graph\":[{\"@type\":\"Article\",\"@id\":\"https:\\\/\\\/aconteceunovale.com.br\\\/portal\\\/?p=105262#article\",\"isPartOf\":{\"@id\":\"https:\\\/\\\/aconteceunovale.com.br\\\/portal\\\/?p=105262\"},\"author\":{\"name\":\"Aconteceu no Vale\",\"@id\":\"https:\\\/\\\/aconteceunovale.com.br\\\/portal\\\/#\\\/schema\\\/person\\\/633529146f2c94272bef50ac2953d589\"},\"headline\":\"Prefeitura de Te\u00f3filo Otoni autoriza reajuste de 10% nas passagens de \u00f4nibus\",\"datePublished\":\"2016-12-26T15:45:02+00:00\",\"dateModified\":\"2016-12-26T15:46:15+00:00\",\"mainEntityOfPage\":{\"@id\":\"https:\\\/\\\/aconteceunovale.com.br\\\/portal\\\/?p=105262\"},\"wordCount\":107,\"commentCount\":0,\"image\":{\"@id\":\"https:\\\/\\\/aconteceunovale.com.br\\\/portal\\\/?p=105262#primaryimage\"},\"thumbnailUrl\":\"https:\\\/\\\/aconteceunovale.com.br\\\/portal\\\/wp-content\\\/uploads\\\/2015\\\/02\\\/passagem_onibus_teo.jpg\",\"keywords\":[\"Aumento das passagens em Te\u00f3filo Otoni\",\"Aumento passagens Via\u00e7\u00e3o Vale do Mucury\",\"destaque\",\"Ilter Volmer Martins\",\"prefeito interino de Te\u00f3filo Otoni\",\"Prefeitura de Te\u00f3filo Otoni autoriza reajuste de 10% na passagem de \u00f4nibus\",\"Prefeitura de Te\u00f3filo Otoni autoriza reajuste de 10% nas passagens de \u00f4nibus\",\"Reajuste passagens Via\u00e7\u00e3o Vale do Mucury\",\"Via\u00e7\u00e3o Vale do Mucury\"],\"articleSection\":[\"Vale do Mucuri\"],\"inLanguage\":\"pt-BR\",\"potentialAction\":[{\"@type\":\"CommentAction\",\"name\":\"Comment\",\"target\":[\"https:\\\/\\\/aconteceunovale.com.br\\\/portal\\\/?p=105262#respond\"]}]},{\"@type\":\"WebPage\",\"@id\":\"https:\\\/\\\/aconteceunovale.com.br\\\/portal\\\/?p=105262\",\"url\":\"https:\\\/\\\/aconteceunovale.com.br\\\/portal\\\/?p=105262\",\"name\":\"Prefeitura de Te\u00f3filo Otoni autoriza reajuste de 10% nas passagens de \u00f4nibus - Aconteceu no Vale\",\"isPartOf\":{\"@id\":\"https:\\\/\\\/aconteceunovale.com.br\\\/portal\\\/#website\"},\"primaryImageOfPage\":{\"@id\":\"https:\\\/\\\/aconteceunovale.com.br\\\/portal\\\/?p=105262#primaryimage\"},\"image\":{\"@id\":\"https:\\\/\\\/aconteceunovale.com.br\\\/portal\\\/?p=105262#primaryimage\"},\"thumbnailUrl\":\"https:\\\/\\\/aconteceunovale.com.br\\\/portal\\\/wp-content\\\/uploads\\\/2015\\\/02\\\/passagem_onibus_teo.jpg\",\"datePublished\":\"2016-12-26T15:45:02+00:00\",\"dateModified\":\"2016-12-26T15:46:15+00:00\",\"author\":{\"@id\":\"https:\\\/\\\/aconteceunovale.com.br\\\/portal\\\/#\\\/schema\\\/person\\\/633529146f2c94272bef50ac2953d589\"},\"breadcrumb\":{\"@id\":\"https:\\\/\\\/aconteceunovale.com.br\\\/portal\\\/?p=105262#breadcrumb\"},\"inLanguage\":\"pt-BR\",\"potentialAction\":[{\"@type\":\"ReadAction\",\"target\":[\"https:\\\/\\\/aconteceunovale.com.br\\\/portal\\\/?p=105262\"]}]},{\"@type\":\"ImageObject\",\"inLanguage\":\"pt-BR\",\"@id\":\"https:\\\/\\\/aconteceunovale.com.br\\\/portal\\\/?p=105262#primaryimage\",\"url\":\"https:\\\/\\\/aconteceunovale.com.br\\\/portal\\\/wp-content\\\/uploads\\\/2015\\\/02\\\/passagem_onibus_teo.jpg\",\"contentUrl\":\"https:\\\/\\\/aconteceunovale.com.br\\\/portal\\\/wp-content\\\/uploads\\\/2015\\\/02\\\/passagem_onibus_teo.jpg\",\"width\":678,\"height\":322},{\"@type\":\"BreadcrumbList\",\"@id\":\"https:\\\/\\\/aconteceunovale.com.br\\\/portal\\\/?p=105262#breadcrumb\",\"itemListElement\":[{\"@type\":\"ListItem\",\"position\":1,\"name\":\"In\u00edcio\",\"item\":\"https:\\\/\\\/aconteceunovale.com.br\\\/portal\\\/\"},{\"@type\":\"ListItem\",\"position\":2,\"name\":\"Prefeitura de Te\u00f3filo Otoni autoriza reajuste de 10% nas passagens de \u00f4nibus\"}]},{\"@type\":\"WebSite\",\"@id\":\"https:\\\/\\\/aconteceunovale.com.br\\\/portal\\\/#website\",\"url\":\"https:\\\/\\\/aconteceunovale.com.br\\\/portal\\\/\",\"name\":\"Aconteceu no Vale\",\"description\":\"Portal de Not\u00edcias\",\"potentialAction\":[{\"@type\":\"SearchAction\",\"target\":{\"@type\":\"EntryPoint\",\"urlTemplate\":\"https:\\\/\\\/aconteceunovale.com.br\\\/portal\\\/?s={search_term_string}\"},\"query-input\":{\"@type\":\"PropertyValueSpecification\",\"valueRequired\":true,\"valueName\":\"search_term_string\"}}],\"inLanguage\":\"pt-BR\"},{\"@type\":\"Person\",\"@id\":\"https:\\\/\\\/aconteceunovale.com.br\\\/portal\\\/#\\\/schema\\\/person\\\/633529146f2c94272bef50ac2953d589\",\"name\":\"Aconteceu no Vale\",\"description\":\"Equipe de reportagem do Aconteceu no Vale, portal de not\u00edcias do Vale do Jequitinhonha, em Minas Gerais. Cobrimos as 51 cidades do Vale desde 2013. Sugest\u00f5es de pauta e pedidos de corre\u00e7\u00e3o: contato@aconteceunovale.com.br\",\"sameAs\":[\"http:\\\/\\\/www.aconteceunovale.com.br\"],\"url\":\"https:\\\/\\\/aconteceunovale.com.br\\\/portal\\\/?author=1\"}]}<\/script>\n<!-- \/ Yoast SEO plugin. -->","yoast_head_json":{"title":"Prefeitura de Te\u00f3filo Otoni autoriza reajuste de 10% nas passagens de \u00f4nibus - Aconteceu no Vale","robots":{"index":"index","follow":"follow","max-snippet":"max-snippet:-1","max-image-preview":"max-image-preview:large","max-video-preview":"max-video-preview:-1"},"canonical":"https:\/\/aconteceunovale.com.br\/portal\/?p=105262","og_locale":"pt_BR","og_type":"article","og_title":"Prefeitura de Te\u00f3filo Otoni autoriza reajuste de 10% nas passagens de \u00f4nibus - Aconteceu no Vale","og_description":"O prefeito interino de Te\u00f3filo Otoni, Ilter Volmer Martins (PSDB), decretou o reajuste no valor da tarifa para utiliza\u00e7\u00e3o do transporte coletivo urbano. O aumento de 10% entre em vigor a partir desta ter\u00e7a-feira (27\/12\/2016) para as linhas e percursos da \u00e1rea urbana e rural do munic\u00edpio. Entre as justificativas para autorizar o reajuste nas [&hellip;]","og_url":"https:\/\/aconteceunovale.com.br\/portal\/?p=105262","og_site_name":"Aconteceu no Vale","article_publisher":"https:\/\/www.facebook.com\/aconteceunovale\/","article_published_time":"2016-12-26T15:45:02+00:00","article_modified_time":"2016-12-26T15:46:15+00:00","og_image":[{"width":678,"height":322,"url":"https:\/\/aconteceunovale.com.br\/portal\/wp-content\/uploads\/2015\/02\/passagem_onibus_teo.jpg","type":"image\/jpeg"}],"author":"Aconteceu no Vale","twitter_card":"summary_large_image","twitter_creator":"@noticiadosvales","twitter_site":"@noticiadosvales","twitter_misc":{"Escrito por":"Aconteceu no Vale"},"schema":{"@context":"https:\/\/schema.org","@graph":[{"@type":"Article","@id":"https:\/\/aconteceunovale.com.br\/portal\/?p=105262#article","isPartOf":{"@id":"https:\/\/aconteceunovale.com.br\/portal\/?p=105262"},"author":{"name":"Aconteceu no Vale","@id":"https:\/\/aconteceunovale.com.br\/portal\/#\/schema\/person\/633529146f2c94272bef50ac2953d589"},"headline":"Prefeitura de Te\u00f3filo Otoni autoriza reajuste de 10% nas passagens de \u00f4nibus","datePublished":"2016-12-26T15:45:02+00:00","dateModified":"2016-12-26T15:46:15+00:00","mainEntityOfPage":{"@id":"https:\/\/aconteceunovale.com.br\/portal\/?p=105262"},"wordCount":107,"commentCount":0,"image":{"@id":"https:\/\/aconteceunovale.com.br\/portal\/?p=105262#primaryimage"},"thumbnailUrl":"https:\/\/aconteceunovale.com.br\/portal\/wp-content\/uploads\/2015\/02\/passagem_onibus_teo.jpg","keywords":["Aumento das passagens em Te\u00f3filo Otoni","Aumento passagens Via\u00e7\u00e3o Vale do Mucury","destaque","Ilter Volmer Martins","prefeito interino de Te\u00f3filo Otoni","Prefeitura de Te\u00f3filo Otoni autoriza reajuste de 10% na passagem de \u00f4nibus","Prefeitura de Te\u00f3filo Otoni autoriza reajuste de 10% nas passagens de \u00f4nibus","Reajuste passagens Via\u00e7\u00e3o Vale do Mucury","Via\u00e7\u00e3o Vale do Mucury"],"articleSection":["Vale do Mucuri"],"inLanguage":"pt-BR","potentialAction":[{"@type":"CommentAction","name":"Comment","target":["https:\/\/aconteceunovale.com.br\/portal\/?p=105262#respond"]}]},{"@type":"WebPage","@id":"https:\/\/aconteceunovale.com.br\/portal\/?p=105262","url":"https:\/\/aconteceunovale.com.br\/portal\/?p=105262","name":"Prefeitura de Te\u00f3filo Otoni autoriza reajuste de 10% nas passagens de \u00f4nibus - Aconteceu no Vale","isPartOf":{"@id":"https:\/\/aconteceunovale.com.br\/portal\/#website"},"primaryImageOfPage":{"@id":"https:\/\/aconteceunovale.com.br\/portal\/?p=105262#primaryimage"},"image":{"@id":"https:\/\/aconteceunovale.com.br\/portal\/?p=105262#primaryimage"},"thumbnailUrl":"https:\/\/aconteceunovale.com.br\/portal\/wp-content\/uploads\/2015\/02\/passagem_onibus_teo.jpg","datePublished":"2016-12-26T15:45:02+00:00","dateModified":"2016-12-26T15:46:15+00:00","author":{"@id":"https:\/\/aconteceunovale.com.br\/portal\/#\/schema\/person\/633529146f2c94272bef50ac2953d589"},"breadcrumb":{"@id":"https:\/\/aconteceunovale.com.br\/portal\/?p=105262#breadcrumb"},"inLanguage":"pt-BR","potentialAction":[{"@type":"ReadAction","target":["https:\/\/aconteceunovale.com.br\/portal\/?p=105262"]}]},{"@type":"ImageObject","inLanguage":"pt-BR","@id":"https:\/\/aconteceunovale.com.br\/portal\/?p=105262#primaryimage","url":"https:\/\/aconteceunovale.com.br\/portal\/wp-content\/uploads\/2015\/02\/passagem_onibus_teo.jpg","contentUrl":"https:\/\/aconteceunovale.com.br\/portal\/wp-content\/uploads\/2015\/02\/passagem_onibus_teo.jpg","width":678,"height":322},{"@type":"BreadcrumbList","@id":"https:\/\/aconteceunovale.com.br\/portal\/?p=105262#breadcrumb","itemListElement":[{"@type":"ListItem","position":1,"name":"In\u00edcio","item":"https:\/\/aconteceunovale.com.br\/portal\/"},{"@type":"ListItem","position":2,"name":"Prefeitura de Te\u00f3filo Otoni autoriza reajuste de 10% nas passagens de \u00f4nibus"}]},{"@type":"WebSite","@id":"https:\/\/aconteceunovale.com.br\/portal\/#website","url":"https:\/\/aconteceunovale.com.br\/portal\/","name":"Aconteceu no Vale","description":"Portal de Not\u00edcias","potentialAction":[{"@type":"SearchAction","target":{"@type":"EntryPoint","urlTemplate":"https:\/\/aconteceunovale.com.br\/portal\/?s={search_term_string}"},"query-input":{"@type":"PropertyValueSpecification","valueRequired":true,"valueName":"search_term_string"}}],"inLanguage":"pt-BR"},{"@type":"Person","@id":"https:\/\/aconteceunovale.com.br\/portal\/#\/schema\/person\/633529146f2c94272bef50ac2953d589","name":"Aconteceu no Vale","description":"Equipe de reportagem do Aconteceu no Vale, portal de not\u00edcias do Vale do Jequitinhonha, em Minas Gerais. Cobrimos as 51 cidades do Vale desde 2013. Sugest\u00f5es de pauta e pedidos de corre\u00e7\u00e3o: contato@aconteceunovale.com.br","sameAs":["http:\/\/www.aconteceunovale.com.br"],"url":"https:\/\/aconteceunovale.com.br\/portal\/?author=1"}]}},"_links":{"self":[{"href":"https:\/\/aconteceunovale.com.br\/portal\/index.php?rest_route=\/wp\/v2\/posts\/105262","targetHints":{"allow":["GET"]}}],"collection":[{"href":"https:\/\/aconteceunovale.com.br\/portal\/index.php?rest_route=\/wp\/v2\/posts"}],"about":[{"href":"https:\/\/aconteceunovale.com.br\/portal\/index.php?rest_route=\/wp\/v2\/types\/post"}],"author":[{"embeddable":true,"href":"https:\/\/aconteceunovale.com.br\/portal\/index.php?rest_route=\/wp\/v2\/users\/1"}],"replies":[{"embeddable":true,"href":"https:\/\/aconteceunovale.com.br\/portal\/index.php?rest_route=%2Fwp%2Fv2%2Fcomments&post=105262"}],"version-history":[{"count":0,"href":"https:\/\/aconteceunovale.com.br\/portal\/index.php?rest_route=\/wp\/v2\/posts\/105262\/revisions"}],"wp:featuredmedia":[{"embeddable":true,"href":"https:\/\/aconteceunovale.com.br\/portal\/index.php?rest_route=\/wp\/v2\/media\/52548"}],"wp:attachment":[{"href":"https:\/\/aconteceunovale.com.br\/portal\/index.php?rest_route=%2Fwp%2Fv2%2Fmedia&parent=105262"}],"wp:term":[{"taxonomy":"category","embeddable":true,"href":"https:\/\/aconteceunovale.com.br\/portal\/index.php?rest_route=%2Fwp%2Fv2%2Fcategories&post=105262"},{"taxonomy":"post_tag","embeddable":true,"href":"https:\/\/aconteceunovale.com.br\/portal\/index.php?rest_route=%2Fwp%2Fv2%2Ftags&post=105262"}],"curies":[{"name":"wp","href":"https:\/\/api.w.org\/{rel}","templated":true}]}}