{"id":105227,"date":"2016-12-26T08:02:04","date_gmt":"2016-12-26T10:02:04","guid":{"rendered":"http:\/\/aconteceunovale.com.br\/portal\/?p=105227"},"modified":"2016-12-26T08:02:04","modified_gmt":"2016-12-26T10:02:04","slug":"previsao-do-tempo-para-minas-gerais-nesta-segunda-feira-26-de-dezembro","status":"publish","type":"post","link":"https:\/\/aconteceunovale.com.br\/portal\/?p=105227","title":{"rendered":"Previs\u00e3o do tempo para Minas Gerais, nesta segunda-feira, 26 de dezembro"},"content":{"rendered":"<h4><em><strong>Altas temperaturas na maior parte do estado<\/strong><\/em><\/h4>\n<p>Clima est\u00e1vel na maior parte do estado. Chuva isolada pode ocorrer \u00e0 tarde no Sul, Campo das Vertentes e Zona da Mata. E o calor continua. Na Regi\u00e3o Metropolitana de Belo Horizonte, o tempo seguir\u00e1 est\u00e1vel com predom\u00ednio de sol e n\u00e3o h\u00e1 previs\u00e3o de chuva. As temperaturas oscilar\u00e3o entre 20\u00b0C e 32\u00b0C, com umidade relativa do ar m\u00ednima \u00e0 tarde de 35% em Belo Horizonte.<\/p>\n","protected":false},"excerpt":{"rendered":"<p>Altas temperaturas na maior parte do estado Clima est\u00e1vel na maior parte do estado. Chuva isolada pode ocorrer \u00e0 tarde no Sul, Campo das Vertentes e Zona da Mata. E o calor continua. Na Regi\u00e3o Metropolitana de Belo Horizonte, o tempo seguir\u00e1 est\u00e1vel com predom\u00ednio de sol e n\u00e3o h\u00e1 previs\u00e3o de chuva. As temperaturas [&hellip;]<\/p>\n","protected":false},"author":1,"featured_media":105059,"comment_status":"open","ping_status":"closed","sticky":false,"template":"","format":"standard","meta":{"amp_status":"","footnotes":""},"categories":[123],"tags":[132512,194,131,44471,1956,27340,132517,86833,132516,1839,132514,28170,132513,132515],"class_list":["post-105227","post","type-post","status-publish","format-standard","has-post-thumbnail","hentry","category-gerais","tag-26-de-dezembro","tag-belo-horizonte","tag-minas-gerais","tag-nesta-segunda-feira","tag-previsao-do-tempo","tag-previsao-do-tempo-para-belo-horizonte","tag-previsao-do-tempo-para-belo-horizonte-26-de-dezembro","tag-previsao-do-tempo-para-belo-horizonte-nesta-segunda-feira","tag-previsao-do-tempo-para-belo-horizonte-nesta-segunda-feira-26-de-dezembro","tag-previsao-do-tempo-para-minas-gerais","tag-previsao-do-tempo-para-minas-gerais-26-de-dezembro","tag-previsao-do-tempo-para-minas-gerais-nesta-segunda-feira","tag-previsao-do-tempo-para-minas-gerais-nesta-segunda-feira-26-de-dezembro","tag-segunda-feira-26-de-dezembro"],"yoast_head":"<!-- This site is optimized with the Yoast SEO plugin v28.3 - https:\/\/yoast.com\/product\/yoast-seo-wordpress\/ -->\n<title>Previs\u00e3o do tempo para Minas Gerais, nesta segunda-feira, 26 de dezembro - Aconteceu no Vale<\/title>\n<meta name=\"robots\" content=\"index, follow, max-snippet:-1, max-image-preview:large, max-video-preview:-1\" \/>\n<link rel=\"canonical\" href=\"https:\/\/aconteceunovale.com.br\/portal\/?p=105227\" \/>\n<meta property=\"og:locale\" content=\"pt_BR\" \/>\n<meta property=\"og:type\" content=\"article\" \/>\n<meta property=\"og:title\" content=\"Previs\u00e3o do tempo para Minas Gerais, nesta segunda-feira, 26 de dezembro - Aconteceu no Vale\" \/>\n<meta property=\"og:description\" content=\"Altas temperaturas na maior parte do estado Clima est\u00e1vel na maior parte do estado. Chuva isolada pode ocorrer \u00e0 tarde no Sul, Campo das Vertentes e Zona da Mata. E o calor continua. Na Regi\u00e3o Metropolitana de Belo Horizonte, o tempo seguir\u00e1 est\u00e1vel com predom\u00ednio de sol e n\u00e3o h\u00e1 previs\u00e3o de chuva. As temperaturas [&hellip;]\" \/>\n<meta property=\"og:url\" content=\"https:\/\/aconteceunovale.com.br\/portal\/?p=105227\" \/>\n<meta property=\"og:site_name\" content=\"Aconteceu no Vale\" \/>\n<meta property=\"article:publisher\" content=\"https:\/\/www.facebook.com\/aconteceunovale\/\" \/>\n<meta property=\"article:published_time\" content=\"2016-12-26T10:02:04+00:00\" \/>\n<meta property=\"og:image\" content=\"https:\/\/aconteceunovale.com.br\/portal\/wp-content\/uploads\/2016\/12\/previsao_do_tempo.jpg\" \/>\n\t<meta property=\"og:image:width\" content=\"678\" \/>\n\t<meta property=\"og:image:height\" content=\"367\" \/>\n\t<meta property=\"og:image:type\" content=\"image\/jpeg\" \/>\n<meta name=\"author\" content=\"Aconteceu no Vale\" \/>\n<meta name=\"twitter:card\" content=\"summary_large_image\" \/>\n<meta name=\"twitter:creator\" content=\"@noticiadosvales\" \/>\n<meta name=\"twitter:site\" content=\"@noticiadosvales\" \/>\n<meta name=\"twitter:label1\" content=\"Escrito por\" \/>\n\t<meta name=\"twitter:data1\" content=\"Aconteceu no Vale\" \/>\n<script type=\"application\/ld+json\" class=\"yoast-schema-graph\">{\"@context\":\"https:\\\/\\\/schema.org\",\"@graph\":[{\"@type\":\"Article\",\"@id\":\"https:\\\/\\\/aconteceunovale.com.br\\\/portal\\\/?p=105227#article\",\"isPartOf\":{\"@id\":\"https:\\\/\\\/aconteceunovale.com.br\\\/portal\\\/?p=105227\"},\"author\":{\"name\":\"Aconteceu no Vale\",\"@id\":\"https:\\\/\\\/aconteceunovale.com.br\\\/portal\\\/#\\\/schema\\\/person\\\/633529146f2c94272bef50ac2953d589\"},\"headline\":\"Previs\u00e3o do tempo para Minas Gerais, nesta segunda-feira, 26 de dezembro\",\"datePublished\":\"2016-12-26T10:02:04+00:00\",\"mainEntityOfPage\":{\"@id\":\"https:\\\/\\\/aconteceunovale.com.br\\\/portal\\\/?p=105227\"},\"wordCount\":89,\"commentCount\":0,\"image\":{\"@id\":\"https:\\\/\\\/aconteceunovale.com.br\\\/portal\\\/?p=105227#primaryimage\"},\"thumbnailUrl\":\"https:\\\/\\\/aconteceunovale.com.br\\\/portal\\\/wp-content\\\/uploads\\\/2016\\\/12\\\/previsao_do_tempo.jpg\",\"keywords\":[\"26 de dezembro\",\"Belo Horizonte\",\"Minas Gerais\",\"nesta segunda-feira\",\"previs\u00e3o do tempo\",\"Previs\u00e3o do tempo para belo horizonte\",\"Previs\u00e3o do tempo para Belo Horizonte 26 de dezembro\",\"Previs\u00e3o do tempo para Belo Horizonte nesta segunda-feira\",\"Previs\u00e3o do tempo para Belo Horizonte nesta segunda-feira 26 de dezembro\",\"previs\u00e3o do tempo para minas gerais\",\"Previs\u00e3o do tempo para Minas Gerais 26 de dezembro\",\"Previs\u00e3o do tempo para Minas Gerais nesta segunda-feira\",\"Previs\u00e3o do tempo para Minas Gerais nesta segunda-feira 26 de dezembro\",\"segunda-feira 26 de dezembro\"],\"articleSection\":[\"Minas Gerais\"],\"inLanguage\":\"pt-BR\",\"potentialAction\":[{\"@type\":\"CommentAction\",\"name\":\"Comment\",\"target\":[\"https:\\\/\\\/aconteceunovale.com.br\\\/portal\\\/?p=105227#respond\"]}]},{\"@type\":\"WebPage\",\"@id\":\"https:\\\/\\\/aconteceunovale.com.br\\\/portal\\\/?p=105227\",\"url\":\"https:\\\/\\\/aconteceunovale.com.br\\\/portal\\\/?p=105227\",\"name\":\"Previs\u00e3o do tempo para Minas Gerais, nesta segunda-feira, 26 de dezembro - Aconteceu no Vale\",\"isPartOf\":{\"@id\":\"https:\\\/\\\/aconteceunovale.com.br\\\/portal\\\/#website\"},\"primaryImageOfPage\":{\"@id\":\"https:\\\/\\\/aconteceunovale.com.br\\\/portal\\\/?p=105227#primaryimage\"},\"image\":{\"@id\":\"https:\\\/\\\/aconteceunovale.com.br\\\/portal\\\/?p=105227#primaryimage\"},\"thumbnailUrl\":\"https:\\\/\\\/aconteceunovale.com.br\\\/portal\\\/wp-content\\\/uploads\\\/2016\\\/12\\\/previsao_do_tempo.jpg\",\"datePublished\":\"2016-12-26T10:02:04+00:00\",\"author\":{\"@id\":\"https:\\\/\\\/aconteceunovale.com.br\\\/portal\\\/#\\\/schema\\\/person\\\/633529146f2c94272bef50ac2953d589\"},\"breadcrumb\":{\"@id\":\"https:\\\/\\\/aconteceunovale.com.br\\\/portal\\\/?p=105227#breadcrumb\"},\"inLanguage\":\"pt-BR\",\"potentialAction\":[{\"@type\":\"ReadAction\",\"target\":[\"https:\\\/\\\/aconteceunovale.com.br\\\/portal\\\/?p=105227\"]}]},{\"@type\":\"ImageObject\",\"inLanguage\":\"pt-BR\",\"@id\":\"https:\\\/\\\/aconteceunovale.com.br\\\/portal\\\/?p=105227#primaryimage\",\"url\":\"https:\\\/\\\/aconteceunovale.com.br\\\/portal\\\/wp-content\\\/uploads\\\/2016\\\/12\\\/previsao_do_tempo.jpg\",\"contentUrl\":\"https:\\\/\\\/aconteceunovale.com.br\\\/portal\\\/wp-content\\\/uploads\\\/2016\\\/12\\\/previsao_do_tempo.jpg\",\"width\":678,\"height\":367},{\"@type\":\"BreadcrumbList\",\"@id\":\"https:\\\/\\\/aconteceunovale.com.br\\\/portal\\\/?p=105227#breadcrumb\",\"itemListElement\":[{\"@type\":\"ListItem\",\"position\":1,\"name\":\"In\u00edcio\",\"item\":\"https:\\\/\\\/aconteceunovale.com.br\\\/portal\\\/\"},{\"@type\":\"ListItem\",\"position\":2,\"name\":\"Previs\u00e3o do tempo para Minas Gerais, nesta segunda-feira, 26 de dezembro\"}]},{\"@type\":\"WebSite\",\"@id\":\"https:\\\/\\\/aconteceunovale.com.br\\\/portal\\\/#website\",\"url\":\"https:\\\/\\\/aconteceunovale.com.br\\\/portal\\\/\",\"name\":\"Aconteceu no Vale\",\"description\":\"Portal de Not\u00edcias\",\"potentialAction\":[{\"@type\":\"SearchAction\",\"target\":{\"@type\":\"EntryPoint\",\"urlTemplate\":\"https:\\\/\\\/aconteceunovale.com.br\\\/portal\\\/?s={search_term_string}\"},\"query-input\":{\"@type\":\"PropertyValueSpecification\",\"valueRequired\":true,\"valueName\":\"search_term_string\"}}],\"inLanguage\":\"pt-BR\"},{\"@type\":\"Person\",\"@id\":\"https:\\\/\\\/aconteceunovale.com.br\\\/portal\\\/#\\\/schema\\\/person\\\/633529146f2c94272bef50ac2953d589\",\"name\":\"Aconteceu no Vale\",\"description\":\"Equipe de reportagem do Aconteceu no Vale, portal de not\u00edcias do Vale do Jequitinhonha, em Minas Gerais. Cobrimos as 51 cidades do Vale desde 2013. Sugest\u00f5es de pauta e pedidos de corre\u00e7\u00e3o: contato@aconteceunovale.com.br\",\"sameAs\":[\"http:\\\/\\\/www.aconteceunovale.com.br\"],\"url\":\"https:\\\/\\\/aconteceunovale.com.br\\\/portal\\\/?author=1\"}]}<\/script>\n<!-- \/ Yoast SEO plugin. -->","yoast_head_json":{"title":"Previs\u00e3o do tempo para Minas Gerais, nesta segunda-feira, 26 de dezembro - Aconteceu no Vale","robots":{"index":"index","follow":"follow","max-snippet":"max-snippet:-1","max-image-preview":"max-image-preview:large","max-video-preview":"max-video-preview:-1"},"canonical":"https:\/\/aconteceunovale.com.br\/portal\/?p=105227","og_locale":"pt_BR","og_type":"article","og_title":"Previs\u00e3o do tempo para Minas Gerais, nesta segunda-feira, 26 de dezembro - Aconteceu no Vale","og_description":"Altas temperaturas na maior parte do estado Clima est\u00e1vel na maior parte do estado. Chuva isolada pode ocorrer \u00e0 tarde no Sul, Campo das Vertentes e Zona da Mata. E o calor continua. Na Regi\u00e3o Metropolitana de Belo Horizonte, o tempo seguir\u00e1 est\u00e1vel com predom\u00ednio de sol e n\u00e3o h\u00e1 previs\u00e3o de chuva. As temperaturas [&hellip;]","og_url":"https:\/\/aconteceunovale.com.br\/portal\/?p=105227","og_site_name":"Aconteceu no Vale","article_publisher":"https:\/\/www.facebook.com\/aconteceunovale\/","article_published_time":"2016-12-26T10:02:04+00:00","og_image":[{"width":678,"height":367,"url":"https:\/\/aconteceunovale.com.br\/portal\/wp-content\/uploads\/2016\/12\/previsao_do_tempo.jpg","type":"image\/jpeg"}],"author":"Aconteceu no Vale","twitter_card":"summary_large_image","twitter_creator":"@noticiadosvales","twitter_site":"@noticiadosvales","twitter_misc":{"Escrito por":"Aconteceu no Vale"},"schema":{"@context":"https:\/\/schema.org","@graph":[{"@type":"Article","@id":"https:\/\/aconteceunovale.com.br\/portal\/?p=105227#article","isPartOf":{"@id":"https:\/\/aconteceunovale.com.br\/portal\/?p=105227"},"author":{"name":"Aconteceu no Vale","@id":"https:\/\/aconteceunovale.com.br\/portal\/#\/schema\/person\/633529146f2c94272bef50ac2953d589"},"headline":"Previs\u00e3o do tempo para Minas Gerais, nesta segunda-feira, 26 de dezembro","datePublished":"2016-12-26T10:02:04+00:00","mainEntityOfPage":{"@id":"https:\/\/aconteceunovale.com.br\/portal\/?p=105227"},"wordCount":89,"commentCount":0,"image":{"@id":"https:\/\/aconteceunovale.com.br\/portal\/?p=105227#primaryimage"},"thumbnailUrl":"https:\/\/aconteceunovale.com.br\/portal\/wp-content\/uploads\/2016\/12\/previsao_do_tempo.jpg","keywords":["26 de dezembro","Belo Horizonte","Minas Gerais","nesta segunda-feira","previs\u00e3o do tempo","Previs\u00e3o do tempo para belo horizonte","Previs\u00e3o do tempo para Belo Horizonte 26 de dezembro","Previs\u00e3o do tempo para Belo Horizonte nesta segunda-feira","Previs\u00e3o do tempo para Belo Horizonte nesta segunda-feira 26 de dezembro","previs\u00e3o do tempo para minas gerais","Previs\u00e3o do tempo para Minas Gerais 26 de dezembro","Previs\u00e3o do tempo para Minas Gerais nesta segunda-feira","Previs\u00e3o do tempo para Minas Gerais nesta segunda-feira 26 de dezembro","segunda-feira 26 de dezembro"],"articleSection":["Minas Gerais"],"inLanguage":"pt-BR","potentialAction":[{"@type":"CommentAction","name":"Comment","target":["https:\/\/aconteceunovale.com.br\/portal\/?p=105227#respond"]}]},{"@type":"WebPage","@id":"https:\/\/aconteceunovale.com.br\/portal\/?p=105227","url":"https:\/\/aconteceunovale.com.br\/portal\/?p=105227","name":"Previs\u00e3o do tempo para Minas Gerais, nesta segunda-feira, 26 de dezembro - Aconteceu no Vale","isPartOf":{"@id":"https:\/\/aconteceunovale.com.br\/portal\/#website"},"primaryImageOfPage":{"@id":"https:\/\/aconteceunovale.com.br\/portal\/?p=105227#primaryimage"},"image":{"@id":"https:\/\/aconteceunovale.com.br\/portal\/?p=105227#primaryimage"},"thumbnailUrl":"https:\/\/aconteceunovale.com.br\/portal\/wp-content\/uploads\/2016\/12\/previsao_do_tempo.jpg","datePublished":"2016-12-26T10:02:04+00:00","author":{"@id":"https:\/\/aconteceunovale.com.br\/portal\/#\/schema\/person\/633529146f2c94272bef50ac2953d589"},"breadcrumb":{"@id":"https:\/\/aconteceunovale.com.br\/portal\/?p=105227#breadcrumb"},"inLanguage":"pt-BR","potentialAction":[{"@type":"ReadAction","target":["https:\/\/aconteceunovale.com.br\/portal\/?p=105227"]}]},{"@type":"ImageObject","inLanguage":"pt-BR","@id":"https:\/\/aconteceunovale.com.br\/portal\/?p=105227#primaryimage","url":"https:\/\/aconteceunovale.com.br\/portal\/wp-content\/uploads\/2016\/12\/previsao_do_tempo.jpg","contentUrl":"https:\/\/aconteceunovale.com.br\/portal\/wp-content\/uploads\/2016\/12\/previsao_do_tempo.jpg","width":678,"height":367},{"@type":"BreadcrumbList","@id":"https:\/\/aconteceunovale.com.br\/portal\/?p=105227#breadcrumb","itemListElement":[{"@type":"ListItem","position":1,"name":"In\u00edcio","item":"https:\/\/aconteceunovale.com.br\/portal\/"},{"@type":"ListItem","position":2,"name":"Previs\u00e3o do tempo para Minas Gerais, nesta segunda-feira, 26 de dezembro"}]},{"@type":"WebSite","@id":"https:\/\/aconteceunovale.com.br\/portal\/#website","url":"https:\/\/aconteceunovale.com.br\/portal\/","name":"Aconteceu no Vale","description":"Portal de Not\u00edcias","potentialAction":[{"@type":"SearchAction","target":{"@type":"EntryPoint","urlTemplate":"https:\/\/aconteceunovale.com.br\/portal\/?s={search_term_string}"},"query-input":{"@type":"PropertyValueSpecification","valueRequired":true,"valueName":"search_term_string"}}],"inLanguage":"pt-BR"},{"@type":"Person","@id":"https:\/\/aconteceunovale.com.br\/portal\/#\/schema\/person\/633529146f2c94272bef50ac2953d589","name":"Aconteceu no Vale","description":"Equipe de reportagem do Aconteceu no Vale, portal de not\u00edcias do Vale do Jequitinhonha, em Minas Gerais. Cobrimos as 51 cidades do Vale desde 2013. Sugest\u00f5es de pauta e pedidos de corre\u00e7\u00e3o: contato@aconteceunovale.com.br","sameAs":["http:\/\/www.aconteceunovale.com.br"],"url":"https:\/\/aconteceunovale.com.br\/portal\/?author=1"}]}},"_links":{"self":[{"href":"https:\/\/aconteceunovale.com.br\/portal\/index.php?rest_route=\/wp\/v2\/posts\/105227","targetHints":{"allow":["GET"]}}],"collection":[{"href":"https:\/\/aconteceunovale.com.br\/portal\/index.php?rest_route=\/wp\/v2\/posts"}],"about":[{"href":"https:\/\/aconteceunovale.com.br\/portal\/index.php?rest_route=\/wp\/v2\/types\/post"}],"author":[{"embeddable":true,"href":"https:\/\/aconteceunovale.com.br\/portal\/index.php?rest_route=\/wp\/v2\/users\/1"}],"replies":[{"embeddable":true,"href":"https:\/\/aconteceunovale.com.br\/portal\/index.php?rest_route=%2Fwp%2Fv2%2Fcomments&post=105227"}],"version-history":[{"count":0,"href":"https:\/\/aconteceunovale.com.br\/portal\/index.php?rest_route=\/wp\/v2\/posts\/105227\/revisions"}],"wp:featuredmedia":[{"embeddable":true,"href":"https:\/\/aconteceunovale.com.br\/portal\/index.php?rest_route=\/wp\/v2\/media\/105059"}],"wp:attachment":[{"href":"https:\/\/aconteceunovale.com.br\/portal\/index.php?rest_route=%2Fwp%2Fv2%2Fmedia&parent=105227"}],"wp:term":[{"taxonomy":"category","embeddable":true,"href":"https:\/\/aconteceunovale.com.br\/portal\/index.php?rest_route=%2Fwp%2Fv2%2Fcategories&post=105227"},{"taxonomy":"post_tag","embeddable":true,"href":"https:\/\/aconteceunovale.com.br\/portal\/index.php?rest_route=%2Fwp%2Fv2%2Ftags&post=105227"}],"curies":[{"name":"wp","href":"https:\/\/api.w.org\/{rel}","templated":true}]}}