{"id":105217,"date":"2016-12-25T21:47:52","date_gmt":"2016-12-25T23:47:52","guid":{"rendered":"http:\/\/aconteceunovale.com.br\/portal\/?p=105217"},"modified":"2016-12-25T21:47:52","modified_gmt":"2016-12-25T23:47:52","slug":"policiais-civis-de-montes-claros-realizam-acao-solidaria-em-bairros-carentes","status":"publish","type":"post","link":"https:\/\/aconteceunovale.com.br\/portal\/?p=105217","title":{"rendered":"Policiais civis de Montes Claros realizam a\u00e7\u00e3o solid\u00e1ria em bairros carentes"},"content":{"rendered":"<p>O esp\u00edrito solid\u00e1rio invadiu \u00e0 delegacia de plant\u00e3o de Montes Claros. Policiais civis se mobilizaram h\u00e1 um m\u00eas e proporcionaram, neste s\u00e1bado (24\/12\/2016), um Natal bem mais feliz para fam\u00edlias carentes dos bairros S\u00e3o Geraldo II e Dr. Jo\u00e3o Alves. A a\u00e7\u00e3o contou com caf\u00e9 da manh\u00e3, distribui\u00e7\u00e3o de 300 brinquedos, cestas b\u00e1sicas, frango, panetone e roupas.<\/p>\n<p>\u201cMuitas fam\u00edlias relataram que n\u00e3o iria ter nem o que comer hoje. O maior presente de Natal nosso foi ver a alegria deles\u201d, conta Michelly Nunes Ferreira, escriv\u00e3 da Pol\u00edcia Civil.<\/p>\n<p>De acordo com ela, 15 policiais trabalharam para fazer a a\u00e7\u00e3o deste s\u00e1bado. Eles arrecadaram as doa\u00e7\u00f5es com empres\u00e1rios, advogados e familiares. No Bairro S\u00e3o Geraldo II, as 20 fam\u00edlias, que moram ao lado do lix\u00e3o, foram cadastradas com anteced\u00eancia e 53 crian\u00e7as receberam presentes.<\/p>\n<p>Esta foi a primeira a\u00e7\u00e3o solid\u00e1ria realizada pelo grupo de policiais no Natal e que deve gerar bons frutos futuramente. \u201cNos pr\u00f3ximos anos pretendemos nos organizar melhor e com anteced\u00eancia para atender mais fam\u00edlias\u201d, informou a escriv\u00e3.<\/p>\n<p><img decoding=\"async\" src=\"http:\/\/aconteceunovale.com.br\/portal\/wp-content\/uploads\/2016\/12\/acao_solidaria_pc_moc_1.jpg\" alt=\"\" \/><em>Fam\u00edlias dos Bairros Dr. Jo\u00e3o Alves e S\u00e3o Geraldo II foram beneficiadas (Foto: PC\/Divulga\u00e7\u00e3o)<\/em><br \/>\n<\/br><\/p>\n<p><img decoding=\"async\" src=\"http:\/\/aconteceunovale.com.br\/portal\/wp-content\/uploads\/2016\/12\/acao_solidaria_pc_moc_2.jpg\" alt=\"\" \/><em>Fam\u00edlias dos Bairros Dr. Jo\u00e3o Alves e S\u00e3o Geraldo II foram beneficiadas (Foto: PC\/Divulga\u00e7\u00e3o)<\/em><br \/>\n<\/br><\/p>\n","protected":false},"excerpt":{"rendered":"<p>O esp\u00edrito solid\u00e1rio invadiu \u00e0 delegacia de plant\u00e3o de Montes Claros. Policiais civis se mobilizaram h\u00e1 um m\u00eas e proporcionaram, neste s\u00e1bado (24\/12\/2016), um Natal bem mais feliz para fam\u00edlias carentes dos bairros S\u00e3o Geraldo II e Dr. Jo\u00e3o Alves. A a\u00e7\u00e3o contou com caf\u00e9 da manh\u00e3, distribui\u00e7\u00e3o de 300 brinquedos, cestas b\u00e1sicas, frango, panetone [&hellip;]<\/p>\n","protected":false},"author":1,"featured_media":105218,"comment_status":"open","ping_status":"closed","sticky":false,"template":"","format":"standard","meta":{"amp_status":"","footnotes":""},"categories":[1236],"tags":[132499,132498,132497,1018,132501,210,132500,30798,132503,132502],"class_list":["post-105217","post","type-post","status-publish","format-standard","has-post-thumbnail","hentry","category-norte_de_minas","tag-campanha-solidaria-pc-de-montes-claros","tag-campanha-solidaria-policia-civil-de-montes-claros","tag-delegacia-de-plantao-de-montes-claros","tag-destaque","tag-michelly-nunes-ferreira","tag-montes-claros","tag-pc-de-montes-claros","tag-policia-civil-de-montes-claros","tag-policiais-civis-de-montes-claros-realizam-acao-solidaria-em-bairros-carentes","tag-policiais-civis-realizam-acao-solidaria-em-bairros-carentes-de-montes-claros"],"yoast_head":"<!-- This site is optimized with the Yoast SEO plugin v28.3 - https:\/\/yoast.com\/product\/yoast-seo-wordpress\/ -->\n<title>Policiais civis de Montes Claros realizam a\u00e7\u00e3o solid\u00e1ria em bairros carentes  - Aconteceu no Vale<\/title>\n<meta name=\"robots\" content=\"index, follow, max-snippet:-1, max-image-preview:large, max-video-preview:-1\" \/>\n<link rel=\"canonical\" href=\"https:\/\/aconteceunovale.com.br\/portal\/?p=105217\" \/>\n<meta property=\"og:locale\" content=\"pt_BR\" \/>\n<meta property=\"og:type\" content=\"article\" \/>\n<meta property=\"og:title\" content=\"Policiais civis de Montes Claros realizam a\u00e7\u00e3o solid\u00e1ria em bairros carentes  - Aconteceu no Vale\" \/>\n<meta property=\"og:description\" content=\"O esp\u00edrito solid\u00e1rio invadiu \u00e0 delegacia de plant\u00e3o de Montes Claros. Policiais civis se mobilizaram h\u00e1 um m\u00eas e proporcionaram, neste s\u00e1bado (24\/12\/2016), um Natal bem mais feliz para fam\u00edlias carentes dos bairros S\u00e3o Geraldo II e Dr. Jo\u00e3o Alves. A a\u00e7\u00e3o contou com caf\u00e9 da manh\u00e3, distribui\u00e7\u00e3o de 300 brinquedos, cestas b\u00e1sicas, frango, panetone [&hellip;]\" \/>\n<meta property=\"og:url\" content=\"https:\/\/aconteceunovale.com.br\/portal\/?p=105217\" \/>\n<meta property=\"og:site_name\" content=\"Aconteceu no Vale\" \/>\n<meta property=\"article:publisher\" content=\"https:\/\/www.facebook.com\/aconteceunovale\/\" \/>\n<meta property=\"article:published_time\" content=\"2016-12-25T23:47:52+00:00\" \/>\n<meta property=\"og:image\" content=\"https:\/\/aconteceunovale.com.br\/portal\/wp-content\/uploads\/2016\/12\/acao_solidaria_pc_moc_1.jpg\" \/>\n\t<meta property=\"og:image:width\" content=\"600\" \/>\n\t<meta property=\"og:image:height\" content=\"450\" \/>\n\t<meta property=\"og:image:type\" content=\"image\/jpeg\" \/>\n<meta name=\"author\" content=\"Aconteceu no Vale\" \/>\n<meta name=\"twitter:card\" content=\"summary_large_image\" \/>\n<meta name=\"twitter:creator\" content=\"@noticiadosvales\" \/>\n<meta name=\"twitter:site\" content=\"@noticiadosvales\" \/>\n<meta name=\"twitter:label1\" content=\"Escrito por\" \/>\n\t<meta name=\"twitter:data1\" content=\"Aconteceu no Vale\" \/>\n\t<meta name=\"twitter:label2\" content=\"Est. tempo de leitura\" \/>\n\t<meta name=\"twitter:data2\" content=\"1 minuto\" \/>\n<script type=\"application\/ld+json\" class=\"yoast-schema-graph\">{\"@context\":\"https:\\\/\\\/schema.org\",\"@graph\":[{\"@type\":\"Article\",\"@id\":\"https:\\\/\\\/aconteceunovale.com.br\\\/portal\\\/?p=105217#article\",\"isPartOf\":{\"@id\":\"https:\\\/\\\/aconteceunovale.com.br\\\/portal\\\/?p=105217\"},\"author\":{\"name\":\"Aconteceu no Vale\",\"@id\":\"https:\\\/\\\/aconteceunovale.com.br\\\/portal\\\/#\\\/schema\\\/person\\\/633529146f2c94272bef50ac2953d589\"},\"headline\":\"Policiais civis de Montes Claros realizam a\u00e7\u00e3o solid\u00e1ria em bairros carentes\",\"datePublished\":\"2016-12-25T23:47:52+00:00\",\"mainEntityOfPage\":{\"@id\":\"https:\\\/\\\/aconteceunovale.com.br\\\/portal\\\/?p=105217\"},\"wordCount\":243,\"commentCount\":0,\"image\":{\"@id\":\"https:\\\/\\\/aconteceunovale.com.br\\\/portal\\\/?p=105217#primaryimage\"},\"thumbnailUrl\":\"https:\\\/\\\/aconteceunovale.com.br\\\/portal\\\/wp-content\\\/uploads\\\/2016\\\/12\\\/acao_solidaria_pc_moc_1.jpg\",\"keywords\":[\"Campanha solid\u00e1ria pc de Montes Claros\",\"Campanha solid\u00e1ria pol\u00edcia civil de Montes Claros\",\"delegacia de plant\u00e3o de Montes Claros\",\"destaque\",\"Michelly Nunes Ferreira\",\"Montes Claros\",\"PC de Montes Claros\",\"Pol\u00edcia Civil de Montes Claros\",\"Policiais civis de Montes Claros realizam a\u00e7\u00e3o solid\u00e1ria em bairros carentes\",\"Policiais civis realizam a\u00e7\u00e3o solid\u00e1ria em bairros carentes de Montes Claros\"],\"articleSection\":[\"Norte de Minas\"],\"inLanguage\":\"pt-BR\",\"potentialAction\":[{\"@type\":\"CommentAction\",\"name\":\"Comment\",\"target\":[\"https:\\\/\\\/aconteceunovale.com.br\\\/portal\\\/?p=105217#respond\"]}]},{\"@type\":\"WebPage\",\"@id\":\"https:\\\/\\\/aconteceunovale.com.br\\\/portal\\\/?p=105217\",\"url\":\"https:\\\/\\\/aconteceunovale.com.br\\\/portal\\\/?p=105217\",\"name\":\"Policiais civis de Montes Claros realizam a\u00e7\u00e3o solid\u00e1ria em bairros carentes - Aconteceu no Vale\",\"isPartOf\":{\"@id\":\"https:\\\/\\\/aconteceunovale.com.br\\\/portal\\\/#website\"},\"primaryImageOfPage\":{\"@id\":\"https:\\\/\\\/aconteceunovale.com.br\\\/portal\\\/?p=105217#primaryimage\"},\"image\":{\"@id\":\"https:\\\/\\\/aconteceunovale.com.br\\\/portal\\\/?p=105217#primaryimage\"},\"thumbnailUrl\":\"https:\\\/\\\/aconteceunovale.com.br\\\/portal\\\/wp-content\\\/uploads\\\/2016\\\/12\\\/acao_solidaria_pc_moc_1.jpg\",\"datePublished\":\"2016-12-25T23:47:52+00:00\",\"author\":{\"@id\":\"https:\\\/\\\/aconteceunovale.com.br\\\/portal\\\/#\\\/schema\\\/person\\\/633529146f2c94272bef50ac2953d589\"},\"breadcrumb\":{\"@id\":\"https:\\\/\\\/aconteceunovale.com.br\\\/portal\\\/?p=105217#breadcrumb\"},\"inLanguage\":\"pt-BR\",\"potentialAction\":[{\"@type\":\"ReadAction\",\"target\":[\"https:\\\/\\\/aconteceunovale.com.br\\\/portal\\\/?p=105217\"]}]},{\"@type\":\"ImageObject\",\"inLanguage\":\"pt-BR\",\"@id\":\"https:\\\/\\\/aconteceunovale.com.br\\\/portal\\\/?p=105217#primaryimage\",\"url\":\"https:\\\/\\\/aconteceunovale.com.br\\\/portal\\\/wp-content\\\/uploads\\\/2016\\\/12\\\/acao_solidaria_pc_moc_1.jpg\",\"contentUrl\":\"https:\\\/\\\/aconteceunovale.com.br\\\/portal\\\/wp-content\\\/uploads\\\/2016\\\/12\\\/acao_solidaria_pc_moc_1.jpg\",\"width\":600,\"height\":450},{\"@type\":\"BreadcrumbList\",\"@id\":\"https:\\\/\\\/aconteceunovale.com.br\\\/portal\\\/?p=105217#breadcrumb\",\"itemListElement\":[{\"@type\":\"ListItem\",\"position\":1,\"name\":\"In\u00edcio\",\"item\":\"https:\\\/\\\/aconteceunovale.com.br\\\/portal\\\/\"},{\"@type\":\"ListItem\",\"position\":2,\"name\":\"Policiais civis de Montes Claros realizam a\u00e7\u00e3o solid\u00e1ria em bairros carentes\"}]},{\"@type\":\"WebSite\",\"@id\":\"https:\\\/\\\/aconteceunovale.com.br\\\/portal\\\/#website\",\"url\":\"https:\\\/\\\/aconteceunovale.com.br\\\/portal\\\/\",\"name\":\"Aconteceu no Vale\",\"description\":\"Portal de Not\u00edcias\",\"potentialAction\":[{\"@type\":\"SearchAction\",\"target\":{\"@type\":\"EntryPoint\",\"urlTemplate\":\"https:\\\/\\\/aconteceunovale.com.br\\\/portal\\\/?s={search_term_string}\"},\"query-input\":{\"@type\":\"PropertyValueSpecification\",\"valueRequired\":true,\"valueName\":\"search_term_string\"}}],\"inLanguage\":\"pt-BR\"},{\"@type\":\"Person\",\"@id\":\"https:\\\/\\\/aconteceunovale.com.br\\\/portal\\\/#\\\/schema\\\/person\\\/633529146f2c94272bef50ac2953d589\",\"name\":\"Aconteceu no Vale\",\"description\":\"Equipe de reportagem do Aconteceu no Vale, portal de not\u00edcias do Vale do Jequitinhonha, em Minas Gerais. Cobrimos as 51 cidades do Vale desde 2013. Sugest\u00f5es de pauta e pedidos de corre\u00e7\u00e3o: contato@aconteceunovale.com.br\",\"sameAs\":[\"http:\\\/\\\/www.aconteceunovale.com.br\"],\"url\":\"https:\\\/\\\/aconteceunovale.com.br\\\/portal\\\/?author=1\"}]}<\/script>\n<!-- \/ Yoast SEO plugin. -->","yoast_head_json":{"title":"Policiais civis de Montes Claros realizam a\u00e7\u00e3o solid\u00e1ria em bairros carentes  - Aconteceu no Vale","robots":{"index":"index","follow":"follow","max-snippet":"max-snippet:-1","max-image-preview":"max-image-preview:large","max-video-preview":"max-video-preview:-1"},"canonical":"https:\/\/aconteceunovale.com.br\/portal\/?p=105217","og_locale":"pt_BR","og_type":"article","og_title":"Policiais civis de Montes Claros realizam a\u00e7\u00e3o solid\u00e1ria em bairros carentes  - Aconteceu no Vale","og_description":"O esp\u00edrito solid\u00e1rio invadiu \u00e0 delegacia de plant\u00e3o de Montes Claros. Policiais civis se mobilizaram h\u00e1 um m\u00eas e proporcionaram, neste s\u00e1bado (24\/12\/2016), um Natal bem mais feliz para fam\u00edlias carentes dos bairros S\u00e3o Geraldo II e Dr. Jo\u00e3o Alves. A a\u00e7\u00e3o contou com caf\u00e9 da manh\u00e3, distribui\u00e7\u00e3o de 300 brinquedos, cestas b\u00e1sicas, frango, panetone [&hellip;]","og_url":"https:\/\/aconteceunovale.com.br\/portal\/?p=105217","og_site_name":"Aconteceu no Vale","article_publisher":"https:\/\/www.facebook.com\/aconteceunovale\/","article_published_time":"2016-12-25T23:47:52+00:00","og_image":[{"width":600,"height":450,"url":"https:\/\/aconteceunovale.com.br\/portal\/wp-content\/uploads\/2016\/12\/acao_solidaria_pc_moc_1.jpg","type":"image\/jpeg"}],"author":"Aconteceu no Vale","twitter_card":"summary_large_image","twitter_creator":"@noticiadosvales","twitter_site":"@noticiadosvales","twitter_misc":{"Escrito por":"Aconteceu no Vale","Est. tempo de leitura":"1 minuto"},"schema":{"@context":"https:\/\/schema.org","@graph":[{"@type":"Article","@id":"https:\/\/aconteceunovale.com.br\/portal\/?p=105217#article","isPartOf":{"@id":"https:\/\/aconteceunovale.com.br\/portal\/?p=105217"},"author":{"name":"Aconteceu no Vale","@id":"https:\/\/aconteceunovale.com.br\/portal\/#\/schema\/person\/633529146f2c94272bef50ac2953d589"},"headline":"Policiais civis de Montes Claros realizam a\u00e7\u00e3o solid\u00e1ria em bairros carentes","datePublished":"2016-12-25T23:47:52+00:00","mainEntityOfPage":{"@id":"https:\/\/aconteceunovale.com.br\/portal\/?p=105217"},"wordCount":243,"commentCount":0,"image":{"@id":"https:\/\/aconteceunovale.com.br\/portal\/?p=105217#primaryimage"},"thumbnailUrl":"https:\/\/aconteceunovale.com.br\/portal\/wp-content\/uploads\/2016\/12\/acao_solidaria_pc_moc_1.jpg","keywords":["Campanha solid\u00e1ria pc de Montes Claros","Campanha solid\u00e1ria pol\u00edcia civil de Montes Claros","delegacia de plant\u00e3o de Montes Claros","destaque","Michelly Nunes Ferreira","Montes Claros","PC de Montes Claros","Pol\u00edcia Civil de Montes Claros","Policiais civis de Montes Claros realizam a\u00e7\u00e3o solid\u00e1ria em bairros carentes","Policiais civis realizam a\u00e7\u00e3o solid\u00e1ria em bairros carentes de Montes Claros"],"articleSection":["Norte de Minas"],"inLanguage":"pt-BR","potentialAction":[{"@type":"CommentAction","name":"Comment","target":["https:\/\/aconteceunovale.com.br\/portal\/?p=105217#respond"]}]},{"@type":"WebPage","@id":"https:\/\/aconteceunovale.com.br\/portal\/?p=105217","url":"https:\/\/aconteceunovale.com.br\/portal\/?p=105217","name":"Policiais civis de Montes Claros realizam a\u00e7\u00e3o solid\u00e1ria em bairros carentes - Aconteceu no Vale","isPartOf":{"@id":"https:\/\/aconteceunovale.com.br\/portal\/#website"},"primaryImageOfPage":{"@id":"https:\/\/aconteceunovale.com.br\/portal\/?p=105217#primaryimage"},"image":{"@id":"https:\/\/aconteceunovale.com.br\/portal\/?p=105217#primaryimage"},"thumbnailUrl":"https:\/\/aconteceunovale.com.br\/portal\/wp-content\/uploads\/2016\/12\/acao_solidaria_pc_moc_1.jpg","datePublished":"2016-12-25T23:47:52+00:00","author":{"@id":"https:\/\/aconteceunovale.com.br\/portal\/#\/schema\/person\/633529146f2c94272bef50ac2953d589"},"breadcrumb":{"@id":"https:\/\/aconteceunovale.com.br\/portal\/?p=105217#breadcrumb"},"inLanguage":"pt-BR","potentialAction":[{"@type":"ReadAction","target":["https:\/\/aconteceunovale.com.br\/portal\/?p=105217"]}]},{"@type":"ImageObject","inLanguage":"pt-BR","@id":"https:\/\/aconteceunovale.com.br\/portal\/?p=105217#primaryimage","url":"https:\/\/aconteceunovale.com.br\/portal\/wp-content\/uploads\/2016\/12\/acao_solidaria_pc_moc_1.jpg","contentUrl":"https:\/\/aconteceunovale.com.br\/portal\/wp-content\/uploads\/2016\/12\/acao_solidaria_pc_moc_1.jpg","width":600,"height":450},{"@type":"BreadcrumbList","@id":"https:\/\/aconteceunovale.com.br\/portal\/?p=105217#breadcrumb","itemListElement":[{"@type":"ListItem","position":1,"name":"In\u00edcio","item":"https:\/\/aconteceunovale.com.br\/portal\/"},{"@type":"ListItem","position":2,"name":"Policiais civis de Montes Claros realizam a\u00e7\u00e3o solid\u00e1ria em bairros carentes"}]},{"@type":"WebSite","@id":"https:\/\/aconteceunovale.com.br\/portal\/#website","url":"https:\/\/aconteceunovale.com.br\/portal\/","name":"Aconteceu no Vale","description":"Portal de Not\u00edcias","potentialAction":[{"@type":"SearchAction","target":{"@type":"EntryPoint","urlTemplate":"https:\/\/aconteceunovale.com.br\/portal\/?s={search_term_string}"},"query-input":{"@type":"PropertyValueSpecification","valueRequired":true,"valueName":"search_term_string"}}],"inLanguage":"pt-BR"},{"@type":"Person","@id":"https:\/\/aconteceunovale.com.br\/portal\/#\/schema\/person\/633529146f2c94272bef50ac2953d589","name":"Aconteceu no Vale","description":"Equipe de reportagem do Aconteceu no Vale, portal de not\u00edcias do Vale do Jequitinhonha, em Minas Gerais. Cobrimos as 51 cidades do Vale desde 2013. Sugest\u00f5es de pauta e pedidos de corre\u00e7\u00e3o: contato@aconteceunovale.com.br","sameAs":["http:\/\/www.aconteceunovale.com.br"],"url":"https:\/\/aconteceunovale.com.br\/portal\/?author=1"}]}},"_links":{"self":[{"href":"https:\/\/aconteceunovale.com.br\/portal\/index.php?rest_route=\/wp\/v2\/posts\/105217","targetHints":{"allow":["GET"]}}],"collection":[{"href":"https:\/\/aconteceunovale.com.br\/portal\/index.php?rest_route=\/wp\/v2\/posts"}],"about":[{"href":"https:\/\/aconteceunovale.com.br\/portal\/index.php?rest_route=\/wp\/v2\/types\/post"}],"author":[{"embeddable":true,"href":"https:\/\/aconteceunovale.com.br\/portal\/index.php?rest_route=\/wp\/v2\/users\/1"}],"replies":[{"embeddable":true,"href":"https:\/\/aconteceunovale.com.br\/portal\/index.php?rest_route=%2Fwp%2Fv2%2Fcomments&post=105217"}],"version-history":[{"count":0,"href":"https:\/\/aconteceunovale.com.br\/portal\/index.php?rest_route=\/wp\/v2\/posts\/105217\/revisions"}],"wp:featuredmedia":[{"embeddable":true,"href":"https:\/\/aconteceunovale.com.br\/portal\/index.php?rest_route=\/wp\/v2\/media\/105218"}],"wp:attachment":[{"href":"https:\/\/aconteceunovale.com.br\/portal\/index.php?rest_route=%2Fwp%2Fv2%2Fmedia&parent=105217"}],"wp:term":[{"taxonomy":"category","embeddable":true,"href":"https:\/\/aconteceunovale.com.br\/portal\/index.php?rest_route=%2Fwp%2Fv2%2Fcategories&post=105217"},{"taxonomy":"post_tag","embeddable":true,"href":"https:\/\/aconteceunovale.com.br\/portal\/index.php?rest_route=%2Fwp%2Fv2%2Ftags&post=105217"}],"curies":[{"name":"wp","href":"https:\/\/api.w.org\/{rel}","templated":true}]}}