{"id":105207,"date":"2016-12-25T21:25:09","date_gmt":"2016-12-25T23:25:09","guid":{"rendered":"http:\/\/aconteceunovale.com.br\/portal\/?p=105207"},"modified":"2016-12-25T21:25:09","modified_gmt":"2016-12-25T23:25:09","slug":"falta-de-atencao-de-moradores-causa-tres-incendios-em-montes-claros","status":"publish","type":"post","link":"https:\/\/aconteceunovale.com.br\/portal\/?p=105207","title":{"rendered":"Falta de aten\u00e7\u00e3o de moradores causa tr\u00eas inc\u00eandios em Montes Claros"},"content":{"rendered":"<p>Militares do Corpo de Bombeiros de Montes Claros trabalharam em tr\u00eas ocorr\u00eancias de inc\u00eandio em resid\u00eancias, neste s\u00e1bado (24\/12\/2016) e in\u00edcio de domingo (25). Nas tr\u00eas ocorr\u00eancias, o fogo come\u00e7ou devido \u00e0 distra\u00e7\u00e3o dos moradores.<\/p>\n<p>Um quarto foi totalmente destru\u00eddo depois que um homem n\u00e3o viu que um bituca de cigarro acesa caiu na cama e come\u00e7ou o fogo. Cama, colch\u00e3o e arm\u00e1rio ficaram danificados. O inc\u00eandio aconteceu na manh\u00e3 deste domingo, em uma casa no Residencial Vit\u00f3ria. Quando os Bombeiros chegaram, os vizinhos j\u00e1 tinham controlado a situa\u00e7\u00e3o, conforme explica a aspirante Ellen Carvalho.<\/p>\n<p>\u201cO morador nos contou que j\u00e1 acordou com uma fuma\u00e7a forte. Ele estava sozinho em casa e conseguiu sair para pedir ajuda. Quando chegamos, os vizinhos j\u00e1 tinham conseguido apagar o fogo no quarto. Este tipo de ocorr\u00eancia \u00e9 muito perigosa porque pode causar asfixia. Se uma crian\u00e7a estivesse l\u00e1, a situa\u00e7\u00e3o poderia ser mais grave\u201d.<\/p>\n<p><img decoding=\"async\" src=\"http:\/\/aconteceunovale.com.br\/portal\/wp-content\/uploads\/2016\/12\/incendios_moc_4.jpg\" alt=\"\" \/><em>Quarto pegou fogo depois que morador esqueceu um cigarro aceso (Foto: Bombeiros\/Divulga\u00e7\u00e3o)<\/em><br \/>\n<\/br><\/p>\n<p>Em outra casa, no Bairro Santa L\u00facia, bombeiros foram chamados depois que o morador esqueceu uma frigideira no fog\u00e3o aceso. Telhado, paredes, geladeira, cama, sof\u00e1 e o fog\u00e3o foram atingidos pelas chamas.<\/p>\n<p>\u201cO morador come\u00e7ou a fritar um ovo e esqueceu a frigideira no fog\u00e3o. Nestes casos, de superaquecimento, qualquer fa\u00edsca em contato com algum pano, m\u00f3vel de madeira, pode come\u00e7ar o fogo. Um vizinho, que \u00e9 bombeiro militar, come\u00e7ou o atendimento retirando os materiais e checando a parte el\u00e9trica. Quando chegamos, as chamas ainda estavam ativa. Gastamos 40 minutos para todo o trabalho, inclusive de rescaldo, com 3 mil litros de \u00e1gua\u201d, conta a aspirante Ellen Carvalho.<\/p>\n<p><img decoding=\"async\" src=\"http:\/\/aconteceunovale.com.br\/portal\/wp-content\/uploads\/2016\/12\/incendios_moc_3.jpg\" alt=\"\" \/><em>Morador esquece panela no fog\u00e3o no Bairro Santa L\u00facia (Foto: Bombeiros\/Divulga\u00e7\u00e3o)<\/em><br \/>\n<\/br><\/p>\n<p>No Bairro Vargem  Grande II, a cozinha de um restaurante pegou fogo depois que a mangueira do botij\u00e3o de g\u00e1s se aqueceu pr\u00f3ximo a dois fornos. As chamas atingiram o teto e os m\u00f3veis. Os Bombeiros devem fazer uma vistoria no local.<\/p>\n<p><img decoding=\"async\" src=\"http:\/\/aconteceunovale.com.br\/portal\/wp-content\/uploads\/2016\/12\/incendios_moc_1.jpg\" alt=\"\" \/><em>Mangueira de botij\u00e3o superaqueceu entre dois fornos (Foto: Bombeiros\/Divulga\u00e7\u00e3o)<\/em><br \/>\n<\/br><\/p>\n<p><img decoding=\"async\" src=\"http:\/\/aconteceunovale.com.br\/portal\/wp-content\/uploads\/2016\/12\/incendios_moc_2.jpg\" alt=\"\" \/><em>Mangueira de botij\u00e3o superaqueceu entre dois fornos (Foto: Bombeiros\/Divulga\u00e7\u00e3o)<\/em><br \/>\n<\/br><\/p>\n<p><em>(Fonte: G1 Grande Minas \/ Juliana Peixoto)<\/em><\/p>\n","protected":false},"excerpt":{"rendered":"<p>Militares do Corpo de Bombeiros de Montes Claros trabalharam em tr\u00eas ocorr\u00eancias de inc\u00eandio em resid\u00eancias, neste s\u00e1bado (24\/12\/2016) e in\u00edcio de domingo (25). Nas tr\u00eas ocorr\u00eancias, o fogo come\u00e7ou devido \u00e0 distra\u00e7\u00e3o dos moradores. Um quarto foi totalmente destru\u00eddo depois que um homem n\u00e3o viu que um bituca de cigarro acesa caiu na cama [&hellip;]<\/p>\n","protected":false},"author":1,"featured_media":105210,"comment_status":"open","ping_status":"closed","sticky":false,"template":"","format":"standard","meta":{"amp_status":"","footnotes":""},"categories":[1236],"tags":[132486,132488,132489,71005,132487,210],"class_list":["post-105207","post","type-post","status-publish","format-standard","has-post-thumbnail","hentry","category-norte_de_minas","tag-bombeiros-combatem-tres-incendios-em-montes-claros","tag-bombeiros-de-montes-claros-combatem-incendios","tag-falta-de-atencao-de-moradores-causa-tres-incendios-em-montes-claros","tag-incendio-restaurante-montes-claros","tag-incendios-montes-claros","tag-montes-claros"],"yoast_head":"<!-- This site is optimized with the Yoast SEO plugin v28.3 - https:\/\/yoast.com\/product\/yoast-seo-wordpress\/ -->\n<title>Falta de aten\u00e7\u00e3o de moradores causa tr\u00eas inc\u00eandios em Montes Claros - Aconteceu no Vale<\/title>\n<meta name=\"robots\" content=\"index, follow, max-snippet:-1, max-image-preview:large, max-video-preview:-1\" \/>\n<link rel=\"canonical\" href=\"https:\/\/aconteceunovale.com.br\/portal\/?p=105207\" \/>\n<meta property=\"og:locale\" content=\"pt_BR\" \/>\n<meta property=\"og:type\" content=\"article\" \/>\n<meta property=\"og:title\" content=\"Falta de aten\u00e7\u00e3o de moradores causa tr\u00eas inc\u00eandios em Montes Claros - Aconteceu no Vale\" \/>\n<meta property=\"og:description\" content=\"Militares do Corpo de Bombeiros de Montes Claros trabalharam em tr\u00eas ocorr\u00eancias de inc\u00eandio em resid\u00eancias, neste s\u00e1bado (24\/12\/2016) e in\u00edcio de domingo (25). Nas tr\u00eas ocorr\u00eancias, o fogo come\u00e7ou devido \u00e0 distra\u00e7\u00e3o dos moradores. Um quarto foi totalmente destru\u00eddo depois que um homem n\u00e3o viu que um bituca de cigarro acesa caiu na cama [&hellip;]\" \/>\n<meta property=\"og:url\" content=\"https:\/\/aconteceunovale.com.br\/portal\/?p=105207\" \/>\n<meta property=\"og:site_name\" content=\"Aconteceu no Vale\" \/>\n<meta property=\"article:publisher\" content=\"https:\/\/www.facebook.com\/aconteceunovale\/\" \/>\n<meta property=\"article:published_time\" content=\"2016-12-25T23:25:09+00:00\" \/>\n<meta property=\"og:image\" content=\"https:\/\/aconteceunovale.com.br\/portal\/wp-content\/uploads\/2016\/12\/incendios_moc_3.jpg\" \/>\n\t<meta property=\"og:image:width\" content=\"678\" \/>\n\t<meta property=\"og:image:height\" content=\"419\" \/>\n\t<meta property=\"og:image:type\" content=\"image\/jpeg\" \/>\n<meta name=\"author\" content=\"Aconteceu no Vale\" \/>\n<meta name=\"twitter:card\" content=\"summary_large_image\" \/>\n<meta name=\"twitter:creator\" content=\"@noticiadosvales\" \/>\n<meta name=\"twitter:site\" content=\"@noticiadosvales\" \/>\n<meta name=\"twitter:label1\" content=\"Escrito por\" \/>\n\t<meta name=\"twitter:data1\" content=\"Aconteceu no Vale\" \/>\n\t<meta name=\"twitter:label2\" content=\"Est. tempo de leitura\" \/>\n\t<meta name=\"twitter:data2\" content=\"2 minutos\" \/>\n<script type=\"application\/ld+json\" class=\"yoast-schema-graph\">{\"@context\":\"https:\\\/\\\/schema.org\",\"@graph\":[{\"@type\":\"Article\",\"@id\":\"https:\\\/\\\/aconteceunovale.com.br\\\/portal\\\/?p=105207#article\",\"isPartOf\":{\"@id\":\"https:\\\/\\\/aconteceunovale.com.br\\\/portal\\\/?p=105207\"},\"author\":{\"name\":\"Aconteceu no Vale\",\"@id\":\"https:\\\/\\\/aconteceunovale.com.br\\\/portal\\\/#\\\/schema\\\/person\\\/633529146f2c94272bef50ac2953d589\"},\"headline\":\"Falta de aten\u00e7\u00e3o de moradores causa tr\u00eas inc\u00eandios em Montes Claros\",\"datePublished\":\"2016-12-25T23:25:09+00:00\",\"mainEntityOfPage\":{\"@id\":\"https:\\\/\\\/aconteceunovale.com.br\\\/portal\\\/?p=105207\"},\"wordCount\":403,\"commentCount\":0,\"image\":{\"@id\":\"https:\\\/\\\/aconteceunovale.com.br\\\/portal\\\/?p=105207#primaryimage\"},\"thumbnailUrl\":\"https:\\\/\\\/aconteceunovale.com.br\\\/portal\\\/wp-content\\\/uploads\\\/2016\\\/12\\\/incendios_moc_3.jpg\",\"keywords\":[\"Bombeiros combatem tr\u00eas inc\u00eandios em Montes Claros\",\"Bombeiros de montes claros combatem inc\u00eandios\",\"Falta de aten\u00e7\u00e3o de moradores causa tr\u00eas inc\u00eandios em Montes Claros\",\"inc\u00eandio restaurante Montes Claros\",\"Inc\u00eandios Montes Claros\",\"Montes Claros\"],\"articleSection\":[\"Norte de Minas\"],\"inLanguage\":\"pt-BR\",\"potentialAction\":[{\"@type\":\"CommentAction\",\"name\":\"Comment\",\"target\":[\"https:\\\/\\\/aconteceunovale.com.br\\\/portal\\\/?p=105207#respond\"]}]},{\"@type\":\"WebPage\",\"@id\":\"https:\\\/\\\/aconteceunovale.com.br\\\/portal\\\/?p=105207\",\"url\":\"https:\\\/\\\/aconteceunovale.com.br\\\/portal\\\/?p=105207\",\"name\":\"Falta de aten\u00e7\u00e3o de moradores causa tr\u00eas inc\u00eandios em Montes Claros - Aconteceu no Vale\",\"isPartOf\":{\"@id\":\"https:\\\/\\\/aconteceunovale.com.br\\\/portal\\\/#website\"},\"primaryImageOfPage\":{\"@id\":\"https:\\\/\\\/aconteceunovale.com.br\\\/portal\\\/?p=105207#primaryimage\"},\"image\":{\"@id\":\"https:\\\/\\\/aconteceunovale.com.br\\\/portal\\\/?p=105207#primaryimage\"},\"thumbnailUrl\":\"https:\\\/\\\/aconteceunovale.com.br\\\/portal\\\/wp-content\\\/uploads\\\/2016\\\/12\\\/incendios_moc_3.jpg\",\"datePublished\":\"2016-12-25T23:25:09+00:00\",\"author\":{\"@id\":\"https:\\\/\\\/aconteceunovale.com.br\\\/portal\\\/#\\\/schema\\\/person\\\/633529146f2c94272bef50ac2953d589\"},\"breadcrumb\":{\"@id\":\"https:\\\/\\\/aconteceunovale.com.br\\\/portal\\\/?p=105207#breadcrumb\"},\"inLanguage\":\"pt-BR\",\"potentialAction\":[{\"@type\":\"ReadAction\",\"target\":[\"https:\\\/\\\/aconteceunovale.com.br\\\/portal\\\/?p=105207\"]}]},{\"@type\":\"ImageObject\",\"inLanguage\":\"pt-BR\",\"@id\":\"https:\\\/\\\/aconteceunovale.com.br\\\/portal\\\/?p=105207#primaryimage\",\"url\":\"https:\\\/\\\/aconteceunovale.com.br\\\/portal\\\/wp-content\\\/uploads\\\/2016\\\/12\\\/incendios_moc_3.jpg\",\"contentUrl\":\"https:\\\/\\\/aconteceunovale.com.br\\\/portal\\\/wp-content\\\/uploads\\\/2016\\\/12\\\/incendios_moc_3.jpg\",\"width\":678,\"height\":419},{\"@type\":\"BreadcrumbList\",\"@id\":\"https:\\\/\\\/aconteceunovale.com.br\\\/portal\\\/?p=105207#breadcrumb\",\"itemListElement\":[{\"@type\":\"ListItem\",\"position\":1,\"name\":\"In\u00edcio\",\"item\":\"https:\\\/\\\/aconteceunovale.com.br\\\/portal\\\/\"},{\"@type\":\"ListItem\",\"position\":2,\"name\":\"Falta de aten\u00e7\u00e3o de moradores causa tr\u00eas inc\u00eandios em Montes Claros\"}]},{\"@type\":\"WebSite\",\"@id\":\"https:\\\/\\\/aconteceunovale.com.br\\\/portal\\\/#website\",\"url\":\"https:\\\/\\\/aconteceunovale.com.br\\\/portal\\\/\",\"name\":\"Aconteceu no Vale\",\"description\":\"Portal de Not\u00edcias\",\"potentialAction\":[{\"@type\":\"SearchAction\",\"target\":{\"@type\":\"EntryPoint\",\"urlTemplate\":\"https:\\\/\\\/aconteceunovale.com.br\\\/portal\\\/?s={search_term_string}\"},\"query-input\":{\"@type\":\"PropertyValueSpecification\",\"valueRequired\":true,\"valueName\":\"search_term_string\"}}],\"inLanguage\":\"pt-BR\"},{\"@type\":\"Person\",\"@id\":\"https:\\\/\\\/aconteceunovale.com.br\\\/portal\\\/#\\\/schema\\\/person\\\/633529146f2c94272bef50ac2953d589\",\"name\":\"Aconteceu no Vale\",\"description\":\"Equipe de reportagem do Aconteceu no Vale, portal de not\u00edcias do Vale do Jequitinhonha, em Minas Gerais. Cobrimos as 51 cidades do Vale desde 2013. Sugest\u00f5es de pauta e pedidos de corre\u00e7\u00e3o: contato@aconteceunovale.com.br\",\"sameAs\":[\"http:\\\/\\\/www.aconteceunovale.com.br\"],\"url\":\"https:\\\/\\\/aconteceunovale.com.br\\\/portal\\\/?author=1\"}]}<\/script>\n<!-- \/ Yoast SEO plugin. -->","yoast_head_json":{"title":"Falta de aten\u00e7\u00e3o de moradores causa tr\u00eas inc\u00eandios em Montes Claros - Aconteceu no Vale","robots":{"index":"index","follow":"follow","max-snippet":"max-snippet:-1","max-image-preview":"max-image-preview:large","max-video-preview":"max-video-preview:-1"},"canonical":"https:\/\/aconteceunovale.com.br\/portal\/?p=105207","og_locale":"pt_BR","og_type":"article","og_title":"Falta de aten\u00e7\u00e3o de moradores causa tr\u00eas inc\u00eandios em Montes Claros - Aconteceu no Vale","og_description":"Militares do Corpo de Bombeiros de Montes Claros trabalharam em tr\u00eas ocorr\u00eancias de inc\u00eandio em resid\u00eancias, neste s\u00e1bado (24\/12\/2016) e in\u00edcio de domingo (25). Nas tr\u00eas ocorr\u00eancias, o fogo come\u00e7ou devido \u00e0 distra\u00e7\u00e3o dos moradores. Um quarto foi totalmente destru\u00eddo depois que um homem n\u00e3o viu que um bituca de cigarro acesa caiu na cama [&hellip;]","og_url":"https:\/\/aconteceunovale.com.br\/portal\/?p=105207","og_site_name":"Aconteceu no Vale","article_publisher":"https:\/\/www.facebook.com\/aconteceunovale\/","article_published_time":"2016-12-25T23:25:09+00:00","og_image":[{"width":678,"height":419,"url":"https:\/\/aconteceunovale.com.br\/portal\/wp-content\/uploads\/2016\/12\/incendios_moc_3.jpg","type":"image\/jpeg"}],"author":"Aconteceu no Vale","twitter_card":"summary_large_image","twitter_creator":"@noticiadosvales","twitter_site":"@noticiadosvales","twitter_misc":{"Escrito por":"Aconteceu no Vale","Est. tempo de leitura":"2 minutos"},"schema":{"@context":"https:\/\/schema.org","@graph":[{"@type":"Article","@id":"https:\/\/aconteceunovale.com.br\/portal\/?p=105207#article","isPartOf":{"@id":"https:\/\/aconteceunovale.com.br\/portal\/?p=105207"},"author":{"name":"Aconteceu no Vale","@id":"https:\/\/aconteceunovale.com.br\/portal\/#\/schema\/person\/633529146f2c94272bef50ac2953d589"},"headline":"Falta de aten\u00e7\u00e3o de moradores causa tr\u00eas inc\u00eandios em Montes Claros","datePublished":"2016-12-25T23:25:09+00:00","mainEntityOfPage":{"@id":"https:\/\/aconteceunovale.com.br\/portal\/?p=105207"},"wordCount":403,"commentCount":0,"image":{"@id":"https:\/\/aconteceunovale.com.br\/portal\/?p=105207#primaryimage"},"thumbnailUrl":"https:\/\/aconteceunovale.com.br\/portal\/wp-content\/uploads\/2016\/12\/incendios_moc_3.jpg","keywords":["Bombeiros combatem tr\u00eas inc\u00eandios em Montes Claros","Bombeiros de montes claros combatem inc\u00eandios","Falta de aten\u00e7\u00e3o de moradores causa tr\u00eas inc\u00eandios em Montes Claros","inc\u00eandio restaurante Montes Claros","Inc\u00eandios Montes Claros","Montes Claros"],"articleSection":["Norte de Minas"],"inLanguage":"pt-BR","potentialAction":[{"@type":"CommentAction","name":"Comment","target":["https:\/\/aconteceunovale.com.br\/portal\/?p=105207#respond"]}]},{"@type":"WebPage","@id":"https:\/\/aconteceunovale.com.br\/portal\/?p=105207","url":"https:\/\/aconteceunovale.com.br\/portal\/?p=105207","name":"Falta de aten\u00e7\u00e3o de moradores causa tr\u00eas inc\u00eandios em Montes Claros - Aconteceu no Vale","isPartOf":{"@id":"https:\/\/aconteceunovale.com.br\/portal\/#website"},"primaryImageOfPage":{"@id":"https:\/\/aconteceunovale.com.br\/portal\/?p=105207#primaryimage"},"image":{"@id":"https:\/\/aconteceunovale.com.br\/portal\/?p=105207#primaryimage"},"thumbnailUrl":"https:\/\/aconteceunovale.com.br\/portal\/wp-content\/uploads\/2016\/12\/incendios_moc_3.jpg","datePublished":"2016-12-25T23:25:09+00:00","author":{"@id":"https:\/\/aconteceunovale.com.br\/portal\/#\/schema\/person\/633529146f2c94272bef50ac2953d589"},"breadcrumb":{"@id":"https:\/\/aconteceunovale.com.br\/portal\/?p=105207#breadcrumb"},"inLanguage":"pt-BR","potentialAction":[{"@type":"ReadAction","target":["https:\/\/aconteceunovale.com.br\/portal\/?p=105207"]}]},{"@type":"ImageObject","inLanguage":"pt-BR","@id":"https:\/\/aconteceunovale.com.br\/portal\/?p=105207#primaryimage","url":"https:\/\/aconteceunovale.com.br\/portal\/wp-content\/uploads\/2016\/12\/incendios_moc_3.jpg","contentUrl":"https:\/\/aconteceunovale.com.br\/portal\/wp-content\/uploads\/2016\/12\/incendios_moc_3.jpg","width":678,"height":419},{"@type":"BreadcrumbList","@id":"https:\/\/aconteceunovale.com.br\/portal\/?p=105207#breadcrumb","itemListElement":[{"@type":"ListItem","position":1,"name":"In\u00edcio","item":"https:\/\/aconteceunovale.com.br\/portal\/"},{"@type":"ListItem","position":2,"name":"Falta de aten\u00e7\u00e3o de moradores causa tr\u00eas inc\u00eandios em Montes Claros"}]},{"@type":"WebSite","@id":"https:\/\/aconteceunovale.com.br\/portal\/#website","url":"https:\/\/aconteceunovale.com.br\/portal\/","name":"Aconteceu no Vale","description":"Portal de Not\u00edcias","potentialAction":[{"@type":"SearchAction","target":{"@type":"EntryPoint","urlTemplate":"https:\/\/aconteceunovale.com.br\/portal\/?s={search_term_string}"},"query-input":{"@type":"PropertyValueSpecification","valueRequired":true,"valueName":"search_term_string"}}],"inLanguage":"pt-BR"},{"@type":"Person","@id":"https:\/\/aconteceunovale.com.br\/portal\/#\/schema\/person\/633529146f2c94272bef50ac2953d589","name":"Aconteceu no Vale","description":"Equipe de reportagem do Aconteceu no Vale, portal de not\u00edcias do Vale do Jequitinhonha, em Minas Gerais. Cobrimos as 51 cidades do Vale desde 2013. Sugest\u00f5es de pauta e pedidos de corre\u00e7\u00e3o: contato@aconteceunovale.com.br","sameAs":["http:\/\/www.aconteceunovale.com.br"],"url":"https:\/\/aconteceunovale.com.br\/portal\/?author=1"}]}},"_links":{"self":[{"href":"https:\/\/aconteceunovale.com.br\/portal\/index.php?rest_route=\/wp\/v2\/posts\/105207","targetHints":{"allow":["GET"]}}],"collection":[{"href":"https:\/\/aconteceunovale.com.br\/portal\/index.php?rest_route=\/wp\/v2\/posts"}],"about":[{"href":"https:\/\/aconteceunovale.com.br\/portal\/index.php?rest_route=\/wp\/v2\/types\/post"}],"author":[{"embeddable":true,"href":"https:\/\/aconteceunovale.com.br\/portal\/index.php?rest_route=\/wp\/v2\/users\/1"}],"replies":[{"embeddable":true,"href":"https:\/\/aconteceunovale.com.br\/portal\/index.php?rest_route=%2Fwp%2Fv2%2Fcomments&post=105207"}],"version-history":[{"count":0,"href":"https:\/\/aconteceunovale.com.br\/portal\/index.php?rest_route=\/wp\/v2\/posts\/105207\/revisions"}],"wp:featuredmedia":[{"embeddable":true,"href":"https:\/\/aconteceunovale.com.br\/portal\/index.php?rest_route=\/wp\/v2\/media\/105210"}],"wp:attachment":[{"href":"https:\/\/aconteceunovale.com.br\/portal\/index.php?rest_route=%2Fwp%2Fv2%2Fmedia&parent=105207"}],"wp:term":[{"taxonomy":"category","embeddable":true,"href":"https:\/\/aconteceunovale.com.br\/portal\/index.php?rest_route=%2Fwp%2Fv2%2Fcategories&post=105207"},{"taxonomy":"post_tag","embeddable":true,"href":"https:\/\/aconteceunovale.com.br\/portal\/index.php?rest_route=%2Fwp%2Fv2%2Ftags&post=105207"}],"curies":[{"name":"wp","href":"https:\/\/api.w.org\/{rel}","templated":true}]}}