{"id":104969,"date":"2016-12-22T23:50:15","date_gmt":"2016-12-23T01:50:15","guid":{"rendered":"http:\/\/aconteceunovale.com.br\/portal\/?p=104969"},"modified":"2016-12-22T23:57:06","modified_gmt":"2016-12-23T01:57:06","slug":"incendio-destroi-viatura-do-sistema-prisional-em-montes-claros","status":"publish","type":"post","link":"https:\/\/aconteceunovale.com.br\/portal\/?p=104969","title":{"rendered":"Inc\u00eandio destr\u00f3i viatura do sistema prisional em Montes Claros"},"content":{"rendered":"<p>Uma viatura da Penitenci\u00e1ria de Francisco S\u00e1, no Norte de Minas, foi completamente destru\u00edda por um inc\u00eandio na manh\u00e3 desta quinta-feira (22\/12\/2016), no bairro Jaragu\u00e1, em Montes Claros. <\/p>\n<p>De acordo com o Corpo de Bombeiros, um agente penitenci\u00e1rio transitava pela via p\u00fablica, quando escutou um estouro no motor e percebeu que o carro estava pegando fogo. Bombeiros do 7\u00ba Batalh\u00e3o usaram dois mil litros de \u00e1gua para controlar as chamas.<\/p>\n<p>Ningu\u00e9m ficou ferido. As causas do inc\u00eandio ser\u00e3o apuradas.<\/p>\n<p><img decoding=\"async\" src=\"http:\/\/aconteceunovale.com.br\/portal\/wp-content\/uploads\/2016\/12\/incendio_viatura_1.jpg\" alt=\"\" \/><em>Ve\u00edculo foi destru\u00eddo por inc\u00eandio (Foto: Divulga\u00e7\u00e3o\/Bombeiros)<\/em><br \/>\n<\/br><\/p>\n<p><img decoding=\"async\" src=\"http:\/\/aconteceunovale.com.br\/portal\/wp-content\/uploads\/2016\/12\/incendio_viatura_2.jpg\" alt=\"\" \/><em>Ve\u00edculo foi destru\u00eddo por inc\u00eandio (Foto: Reprodu\u00e7\u00e3o\/WhatsApp)<\/em><br \/>\n<\/br><\/p>\n<p><em>(Com informa\u00e7\u00f5es do Webterra)<\/em><\/p>\n","protected":false},"excerpt":{"rendered":"<p>Uma viatura da Penitenci\u00e1ria de Francisco S\u00e1, no Norte de Minas, foi completamente destru\u00edda por um inc\u00eandio na manh\u00e3 desta quinta-feira (22\/12\/2016), no bairro Jaragu\u00e1, em Montes Claros. De acordo com o Corpo de Bombeiros, um agente penitenci\u00e1rio transitava pela via p\u00fablica, quando escutou um estouro no motor e percebeu que o carro estava pegando [&hellip;]<\/p>\n","protected":false},"author":1,"featured_media":104970,"comment_status":"open","ping_status":"closed","sticky":false,"template":"","format":"standard","meta":{"amp_status":"","footnotes":""},"categories":[1236],"tags":[1395,131964,71004,131967,131965,210,10550,131966],"class_list":["post-104969","post","type-post","status-publish","format-standard","has-post-thumbnail","hentry","category-norte_de_minas","tag-francisco-sa","tag-incendio-destroi-viatura-do-sistema-prisional-em-montes-claros","tag-incendio-montes-claros","tag-incendio-viatura-da-penitenciaria-de-francisco-sa","tag-incendio-viatura-montes-claros","tag-montes-claros","tag-penitenciaria-de-francisco-sa","tag-viatura-da-penitenciaria-de-francisco-sa"],"_links":{"self":[{"href":"https:\/\/aconteceunovale.com.br\/portal\/index.php?rest_route=\/wp\/v2\/posts\/104969","targetHints":{"allow":["GET"]}}],"collection":[{"href":"https:\/\/aconteceunovale.com.br\/portal\/index.php?rest_route=\/wp\/v2\/posts"}],"about":[{"href":"https:\/\/aconteceunovale.com.br\/portal\/index.php?rest_route=\/wp\/v2\/types\/post"}],"author":[{"embeddable":true,"href":"https:\/\/aconteceunovale.com.br\/portal\/index.php?rest_route=\/wp\/v2\/users\/1"}],"replies":[{"embeddable":true,"href":"https:\/\/aconteceunovale.com.br\/portal\/index.php?rest_route=%2Fwp%2Fv2%2Fcomments&post=104969"}],"version-history":[{"count":0,"href":"https:\/\/aconteceunovale.com.br\/portal\/index.php?rest_route=\/wp\/v2\/posts\/104969\/revisions"}],"wp:featuredmedia":[{"embeddable":true,"href":"https:\/\/aconteceunovale.com.br\/portal\/index.php?rest_route=\/wp\/v2\/media\/104970"}],"wp:attachment":[{"href":"https:\/\/aconteceunovale.com.br\/portal\/index.php?rest_route=%2Fwp%2Fv2%2Fmedia&parent=104969"}],"wp:term":[{"taxonomy":"category","embeddable":true,"href":"https:\/\/aconteceunovale.com.br\/portal\/index.php?rest_route=%2Fwp%2Fv2%2Fcategories&post=104969"},{"taxonomy":"post_tag","embeddable":true,"href":"https:\/\/aconteceunovale.com.br\/portal\/index.php?rest_route=%2Fwp%2Fv2%2Ftags&post=104969"}],"curies":[{"name":"wp","href":"https:\/\/api.w.org\/{rel}","templated":true}]}}