{"id":104961,"date":"2016-12-22T23:28:52","date_gmt":"2016-12-23T01:28:52","guid":{"rendered":"http:\/\/aconteceunovale.com.br\/portal\/?p=104961"},"modified":"2016-12-22T23:28:52","modified_gmt":"2016-12-23T01:28:52","slug":"acidente-entre-carro-e-carreta-deixa-motorista-preso-as-ferragens-na-br-135-no-norte-de-minas","status":"publish","type":"post","link":"https:\/\/aconteceunovale.com.br\/portal\/?p=104961","title":{"rendered":"Acidente entre carro e carreta deixa motorista preso \u00e0s ferragens na BR-135, no Norte de Minas"},"content":{"rendered":"<p>Um homem de 41 anos ficou preso \u00e0s ferragens ap\u00f3s um acidente na tarde desta quinta-feira, 22 de dezembro de 2016, na altura do quil\u00f4metro 414 da BR-135, pr\u00f3ximo ao clube AABB, em Bocaiuva, na regi\u00e3o Norte de Minas Gerais. De acordo com o Corpo de Bombeiros, a v\u00edtima conduzia um Palio\/Weekend, placa de S\u00e3o Paulo, no sentido BH\/Montes Claros, quando colidiu frontalmente contra uma carreta carregada de quartzo que seguia na pista contr\u00e1ria. <\/p>\n<p>Com o impacto do acidente, o condutor do autom\u00f3vel ficou com as pernas e a regi\u00e3o do tronco presas nas ferragens. De acordo com o Tenente Franklin, do 7\u00ba Batalh\u00e3o de Bombeiros Militar (BBM) de Montes Claros, foi necess\u00e1rio utilizar t\u00e9cnicas de salvamento veicular e aparelho desencarcerador hidr\u00e1ulico para resgatar a v\u00edtima, que apresentava suspeita de fratura no f\u00eamur e corte contuso na parte frontal do cr\u00e2nio. Ele foi levado para a Santa Casa de Montes Claros.<\/p>\n<p>A esposa do condutor e dois filhos do casal, de 5 e 7 anos, foram socorridos pelo Servi\u00e7o de Atendimento M\u00f3vel de Urg\u00eancia (SAMU). O condutor do caminh\u00e3o nada sofreu. Um Vectra, licenciado em S\u00e3o Paulo, tamb\u00e9m se envolveu no acidente, mas os ocupantes do carro n\u00e3o se feriram. <\/p>\n<p>Agentes da Pol\u00edcia Rodovi\u00e1ria Federal (PRF) compareceram ao local. As causas do acidente ser\u00e3o apuradas.<\/p>\n<p><img decoding=\"async\" src=\"http:\/\/aconteceunovale.com.br\/portal\/wp-content\/uploads\/2016\/12\/acidente_bocaiuva_1.jpg\" alt=\"\" \/><em>Acidente no km 414 da BR-135 (Foto: Divulga\u00e7\u00e3o\/Corpo de Bombeiros)<\/em><br \/>\n<\/br><\/p>\n<p><img decoding=\"async\" src=\"http:\/\/aconteceunovale.com.br\/portal\/wp-content\/uploads\/2016\/12\/acidente_bocaiuva_2.jpg\" alt=\"\" \/><em>Acidente no km 414 da BR-135 (Foto: Divulga\u00e7\u00e3o\/Corpo de Bombeiros)<\/em><br \/>\n<\/br><\/p>\n<p><img decoding=\"async\" src=\"http:\/\/aconteceunovale.com.br\/portal\/wp-content\/uploads\/2016\/12\/acidente_bocaiuva_3.jpg\" alt=\"\" \/><em>Acidente no km 414 da BR-135 (Foto: Jo\u00e3o L\u00e3\/R\u00e1dio Clube de Bocaiuva)<\/em><br \/>\n<\/br><\/p>\n<p><img decoding=\"async\" src=\"http:\/\/aconteceunovale.com.br\/portal\/wp-content\/uploads\/2016\/12\/acidente_bocaiuva_4.jpg\" alt=\"\" \/><em>Acidente no km 414 da BR-135 (Foto: Jo\u00e3o L\u00e3\/R\u00e1dio Clube de Bocaiuva)<\/em><br \/>\n<\/br><\/p>\n<p><img decoding=\"async\" src=\"http:\/\/aconteceunovale.com.br\/portal\/wp-content\/uploads\/2016\/12\/acidente_bocaiuva_5.jpg\" alt=\"\" \/><em>Acidente no km 414 da BR-135 (Foto: Jo\u00e3o L\u00e3\/R\u00e1dio Clube de Bocaiuva)<\/em><br \/>\n<\/br><\/p>\n<p><img decoding=\"async\" src=\"http:\/\/aconteceunovale.com.br\/portal\/wp-content\/uploads\/2016\/12\/acidente_bocaiuva_6.jpg\" alt=\"\" \/><em>Acidente no km 414 da BR-135 (Foto: Jo\u00e3o L\u00e3\/R\u00e1dio Clube de Bocaiuva)<\/em><\/p>\n","protected":false},"excerpt":{"rendered":"<p>Um homem de 41 anos ficou preso \u00e0s ferragens ap\u00f3s um acidente na tarde desta quinta-feira, 22 de dezembro de 2016, na altura do quil\u00f4metro 414 da BR-135, pr\u00f3ximo ao clube AABB, em Bocaiuva, na regi\u00e3o Norte de Minas Gerais. De acordo com o Corpo de Bombeiros, a v\u00edtima conduzia um Palio\/Weekend, placa de S\u00e3o [&hellip;]<\/p>\n","protected":false},"author":1,"featured_media":104962,"comment_status":"open","ping_status":"closed","sticky":false,"template":"","format":"standard","meta":{"amp_status":"","footnotes":""},"categories":[1236],"tags":[60516,131958,131959,131962,131963,131955,101650,19374,131961,131960,645,1247,131956,131957,210,2382],"class_list":["post-104961","post","type-post","status-publish","format-standard","has-post-thumbnail","hentry","category-norte_de_minas","tag-acidente-bocaiuva","tag-acidente-carreta-de-bocaiuva","tag-acidente-carreta-de-quartzo-de-bocaiuva","tag-acidente-entre-carro-e-carreta-deixa-motorista-preso-as-ferragens-na-br-135","tag-acidente-entre-carro-e-carreta-deixa-motorista-preso-as-ferragens-na-br-135-em-bocaiuva","tag-acidente-entre-carro-e-carreta-em-bocaiuva","tag-acidente-entre-carro-e-carreta-na-br-135","tag-acidente-na-br-135","tag-acidente-palio-weekend-sao-paulo","tag-acidente-vectra-de-sao-paulo","tag-bocaiuva","tag-br-135","tag-colisao-entre-carro-e-carreta-em-bocaiuva","tag-colisao-entre-carro-e-carreta-na-br-135","tag-montes-claros","tag-sao-paulo"],"_links":{"self":[{"href":"https:\/\/aconteceunovale.com.br\/portal\/index.php?rest_route=\/wp\/v2\/posts\/104961","targetHints":{"allow":["GET"]}}],"collection":[{"href":"https:\/\/aconteceunovale.com.br\/portal\/index.php?rest_route=\/wp\/v2\/posts"}],"about":[{"href":"https:\/\/aconteceunovale.com.br\/portal\/index.php?rest_route=\/wp\/v2\/types\/post"}],"author":[{"embeddable":true,"href":"https:\/\/aconteceunovale.com.br\/portal\/index.php?rest_route=\/wp\/v2\/users\/1"}],"replies":[{"embeddable":true,"href":"https:\/\/aconteceunovale.com.br\/portal\/index.php?rest_route=%2Fwp%2Fv2%2Fcomments&post=104961"}],"version-history":[{"count":0,"href":"https:\/\/aconteceunovale.com.br\/portal\/index.php?rest_route=\/wp\/v2\/posts\/104961\/revisions"}],"wp:featuredmedia":[{"embeddable":true,"href":"https:\/\/aconteceunovale.com.br\/portal\/index.php?rest_route=\/wp\/v2\/media\/104962"}],"wp:attachment":[{"href":"https:\/\/aconteceunovale.com.br\/portal\/index.php?rest_route=%2Fwp%2Fv2%2Fmedia&parent=104961"}],"wp:term":[{"taxonomy":"category","embeddable":true,"href":"https:\/\/aconteceunovale.com.br\/portal\/index.php?rest_route=%2Fwp%2Fv2%2Fcategories&post=104961"},{"taxonomy":"post_tag","embeddable":true,"href":"https:\/\/aconteceunovale.com.br\/portal\/index.php?rest_route=%2Fwp%2Fv2%2Ftags&post=104961"}],"curies":[{"name":"wp","href":"https:\/\/api.w.org\/{rel}","templated":true}]}}