{"id":104864,"date":"2016-12-21T23:25:12","date_gmt":"2016-12-22T01:25:12","guid":{"rendered":"http:\/\/aconteceunovale.com.br\/portal\/?p=104864"},"modified":"2016-12-21T23:25:12","modified_gmt":"2016-12-22T01:25:12","slug":"gerente-do-senai-turmalina-recebe-titulo-de-cidada-honoraria-de-itamarandiba","status":"publish","type":"post","link":"https:\/\/aconteceunovale.com.br\/portal\/?p=104864","title":{"rendered":"Gerente do SENAI Turmalina recebe t\u00edtulo de cidad\u00e3 honor\u00e1ria de Itamarandiba"},"content":{"rendered":"<p>A gerente do Centro de Forma\u00e7\u00e3o Profissional SENAI Turmalina, Maria Etelvina Andrade C\u00e2mara, foi agraciada com o t\u00edtulo de cidad\u00e3 honor\u00e1ria de Itamarandiba no dia 16\/12\/2016, em sess\u00e3o solene na C\u00e2mara Municipal. A honraria foi concedida em fun\u00e7\u00e3o das a\u00e7\u00f5es de desenvolvimento e qualifica\u00e7\u00e3o profissional prestadas pelo SENAI no munic\u00edpio.<\/p>\n<p>Al\u00e9m da gerente da unidade, o t\u00edtulo de Cidadania Honor\u00e1ria de Itamarandiba foi entregue a outros 19 homenageados. O evento foi acompanhado por cerca de 200 pessoas, incluindo figuras pol\u00edticas locais e populares.<\/p>\n<p><strong>Atua\u00e7\u00e3o do SENAI Turmalina<\/strong><\/p>\n<p>O SENAI Turmalina oferece cursos de aprendizagem industrial nas \u00e1reas de marcenaria, processos administrativos, confec\u00e7\u00e3o industrial do vestu\u00e1rio, instala\u00e7\u00e3o el\u00e9trica industrial e manuten\u00e7\u00e3o de m\u00e1quinas florestais. Tamb\u00e9m s\u00e3o oferecidos cursos t\u00e9cnicos em administra\u00e7\u00e3o e seguran\u00e7a do trabalho.<\/p>\n<p>O trabalho feito pela unidade tem surtido efeitos e apresenta relevantes resultados no que se refere ao desenvolvimento local. Em 2014, a escola se destacou na Olimp\u00edada do Conhecimento ap\u00f3s a conquista da medalha de prata pelo ent\u00e3o aluno Cl\u00eanio Gomes de Castro na modalidade Marcenaria. Al\u00e9m disso, a institui\u00e7\u00e3o foi a que mais atendeu o Pronatec em Minas Gerais, entre 2013 e 2015, por meio da qualifica\u00e7\u00e3o profissional. O atendimento foi feito a 42 munic\u00edpios do Alto do Jequitinhonha.<\/p>\n<p>Entre as mais recentes apostas do SENAI Turmalina est\u00e1 a parceria com a Aperam Bioenergia, a maior sider\u00fargica produtora de a\u00e7o inox da Am\u00e9rica Latina. Junto \u00e0 empresa, a unidade est\u00e1 trabalhando na implementa\u00e7\u00e3o do novo curso t\u00e9cnico de mec\u00e2nica.<\/p>\n<p><img decoding=\"async\" src=\"http:\/\/aconteceunovale.com.br\/portal\/wp-content\/uploads\/2016\/12\/gerente_senai_turmalina.jpg\" alt=\"\" \/><\/p>\n<p><em>(Foto e informa\u00e7\u00f5es da Ascom Fiemg)<\/em><\/p>\n","protected":false},"excerpt":{"rendered":"<p>A gerente do Centro de Forma\u00e7\u00e3o Profissional SENAI Turmalina, Maria Etelvina Andrade C\u00e2mara, foi agraciada com o t\u00edtulo de cidad\u00e3 honor\u00e1ria de Itamarandiba no dia 16\/12\/2016, em sess\u00e3o solene na C\u00e2mara Municipal. A honraria foi concedida em fun\u00e7\u00e3o das a\u00e7\u00f5es de desenvolvimento e qualifica\u00e7\u00e3o profissional prestadas pelo SENAI no munic\u00edpio. Al\u00e9m da gerente da unidade, [&hellip;]<\/p>\n","protected":false},"author":1,"featured_media":104865,"comment_status":"open","ping_status":"closed","sticky":false,"template":"","format":"standard","meta":{"amp_status":"","footnotes":""},"categories":[40238,120],"tags":[131733,131734,131735,131732,131736,149,123227,98992,178],"class_list":["post-104864","post","type-post","status-publish","format-standard","has-post-thumbnail","hentry","category-educacao-2","category-jequi","tag-centro-de-formacao-profissional-senai-turmalina","tag-cidada-honoraria-de-itamarandiba","tag-cidadania-honoraria-de-itamarandiba","tag-gerente-do-centro-de-formacao-profissional-senai-turmalina","tag-gerente-do-senai-turmalina-recebe-titulo-de-cidada-honoraria-de-itamarandiba","tag-itamarandiba","tag-maria-etelvina-andrade-camara","tag-senai-turmalina","tag-turmalina"],"_links":{"self":[{"href":"https:\/\/aconteceunovale.com.br\/portal\/index.php?rest_route=\/wp\/v2\/posts\/104864","targetHints":{"allow":["GET"]}}],"collection":[{"href":"https:\/\/aconteceunovale.com.br\/portal\/index.php?rest_route=\/wp\/v2\/posts"}],"about":[{"href":"https:\/\/aconteceunovale.com.br\/portal\/index.php?rest_route=\/wp\/v2\/types\/post"}],"author":[{"embeddable":true,"href":"https:\/\/aconteceunovale.com.br\/portal\/index.php?rest_route=\/wp\/v2\/users\/1"}],"replies":[{"embeddable":true,"href":"https:\/\/aconteceunovale.com.br\/portal\/index.php?rest_route=%2Fwp%2Fv2%2Fcomments&post=104864"}],"version-history":[{"count":0,"href":"https:\/\/aconteceunovale.com.br\/portal\/index.php?rest_route=\/wp\/v2\/posts\/104864\/revisions"}],"wp:featuredmedia":[{"embeddable":true,"href":"https:\/\/aconteceunovale.com.br\/portal\/index.php?rest_route=\/wp\/v2\/media\/104865"}],"wp:attachment":[{"href":"https:\/\/aconteceunovale.com.br\/portal\/index.php?rest_route=%2Fwp%2Fv2%2Fmedia&parent=104864"}],"wp:term":[{"taxonomy":"category","embeddable":true,"href":"https:\/\/aconteceunovale.com.br\/portal\/index.php?rest_route=%2Fwp%2Fv2%2Fcategories&post=104864"},{"taxonomy":"post_tag","embeddable":true,"href":"https:\/\/aconteceunovale.com.br\/portal\/index.php?rest_route=%2Fwp%2Fv2%2Ftags&post=104864"}],"curies":[{"name":"wp","href":"https:\/\/api.w.org\/{rel}","templated":true}]}}