{"id":104860,"date":"2016-12-21T22:52:16","date_gmt":"2016-12-22T00:52:16","guid":{"rendered":"http:\/\/aconteceunovale.com.br\/portal\/?p=104860"},"modified":"2016-12-22T10:30:57","modified_gmt":"2016-12-22T12:30:57","slug":"capotamento-de-veiculo-deixa-tres-feridos-em-santa-maria-do-suacui","status":"publish","type":"post","link":"https:\/\/aconteceunovale.com.br\/portal\/?p=104860","title":{"rendered":"Capotamento de ve\u00edculo deixa tr\u00eas feridos em Santa Maria do Sua\u00e7u\u00ed"},"content":{"rendered":"<p>Tr\u00eas pessoas ficaram feridas em um acidente na madrugada desta quarta-feira, 21 de dezembro de 2016, na MGC-120, na sa\u00edda de Santa Maria do Sua\u00e7u\u00ed para Jos\u00e9 Raydan, no Vale do Rio Doce. Segundo informa\u00e7\u00f5es da Pol\u00edcia Militar Rodovi\u00e1ria (PMRv), o condutor do ve\u00edculo perdeu o controle da dire\u00e7\u00e3o pr\u00f3ximo \u00e0 ponte do S\u00e3o F\u00e9lix e capotou.<\/p>\n<p>Com o impacto do acidente, os tr\u00eas ocupantes do carro, entre eles uma crian\u00e7a de apenas tr\u00eas anos de idade, sofreram apenas ferimentos leves. Eles foram socorridos ao Hospital Santa Maria Eterna e passam bem.<\/p>\n<p><img decoding=\"async\" src=\"http:\/\/aconteceunovale.com.br\/portal\/wp-content\/uploads\/2016\/12\/acidente_sms.jpg\" alt=\"\" \/><em>Ve\u00edculo capotou pr\u00f3ximo a ponte do S\u00e3o F\u00e9lix (Foto: Halley Carvalho\/Aconteceu em SMS)<\/em><br \/>\n<\/br><\/p>\n<p><em>(Com informa\u00e7\u00f5es do \u00c1gua Boa em Foco e Aconteceu em SMS)<\/em><\/p>\n","protected":false},"excerpt":{"rendered":"<p>Tr\u00eas pessoas ficaram feridas em um acidente na madrugada desta quarta-feira, 21 de dezembro de 2016, na MGC-120, na sa\u00edda de Santa Maria do Sua\u00e7u\u00ed para Jos\u00e9 Raydan, no Vale do Rio Doce. Segundo informa\u00e7\u00f5es da Pol\u00edcia Militar Rodovi\u00e1ria (PMRv), o condutor do ve\u00edculo perdeu o controle da dire\u00e7\u00e3o pr\u00f3ximo \u00e0 ponte do S\u00e3o F\u00e9lix [&hellip;]<\/p>\n","protected":false},"author":1,"featured_media":104862,"comment_status":"open","ping_status":"closed","sticky":false,"template":"","format":"standard","meta":{"amp_status":"","footnotes":""},"categories":[121],"tags":[19455,131731,131729,131730,299,240],"class_list":["post-104860","post","type-post","status-publish","format-standard","has-post-thumbnail","hentry","category-leste","tag-acidente-em-santa-maria-do-suacui","tag-acidente-na-saida-de-santa-maria-do-suacui-para-jose-raydan","tag-capotamento-de-veiculo-deixa-tres-feridos-em-santa-maria-do-suacui","tag-capotamento-em-santa-maria-do-suacui","tag-jose-raydan","tag-santa-maria-do-suacui"],"_links":{"self":[{"href":"https:\/\/aconteceunovale.com.br\/portal\/index.php?rest_route=\/wp\/v2\/posts\/104860","targetHints":{"allow":["GET"]}}],"collection":[{"href":"https:\/\/aconteceunovale.com.br\/portal\/index.php?rest_route=\/wp\/v2\/posts"}],"about":[{"href":"https:\/\/aconteceunovale.com.br\/portal\/index.php?rest_route=\/wp\/v2\/types\/post"}],"author":[{"embeddable":true,"href":"https:\/\/aconteceunovale.com.br\/portal\/index.php?rest_route=\/wp\/v2\/users\/1"}],"replies":[{"embeddable":true,"href":"https:\/\/aconteceunovale.com.br\/portal\/index.php?rest_route=%2Fwp%2Fv2%2Fcomments&post=104860"}],"version-history":[{"count":0,"href":"https:\/\/aconteceunovale.com.br\/portal\/index.php?rest_route=\/wp\/v2\/posts\/104860\/revisions"}],"wp:featuredmedia":[{"embeddable":true,"href":"https:\/\/aconteceunovale.com.br\/portal\/index.php?rest_route=\/wp\/v2\/media\/104862"}],"wp:attachment":[{"href":"https:\/\/aconteceunovale.com.br\/portal\/index.php?rest_route=%2Fwp%2Fv2%2Fmedia&parent=104860"}],"wp:term":[{"taxonomy":"category","embeddable":true,"href":"https:\/\/aconteceunovale.com.br\/portal\/index.php?rest_route=%2Fwp%2Fv2%2Fcategories&post=104860"},{"taxonomy":"post_tag","embeddable":true,"href":"https:\/\/aconteceunovale.com.br\/portal\/index.php?rest_route=%2Fwp%2Fv2%2Ftags&post=104860"}],"curies":[{"name":"wp","href":"https:\/\/api.w.org\/{rel}","templated":true}]}}