{"id":104807,"date":"2016-12-21T17:56:15","date_gmt":"2016-12-21T19:56:15","guid":{"rendered":"http:\/\/aconteceunovale.com.br\/portal\/?p=104807"},"modified":"2016-12-21T17:56:56","modified_gmt":"2016-12-21T19:56:56","slug":"pimentel-autoriza-pavimentacao-de-41-quilometros-na-estrada-que-liga-virgem-da-lapa-a-ijicatu","status":"publish","type":"post","link":"https:\/\/aconteceunovale.com.br\/portal\/?p=104807","title":{"rendered":"Pimentel autoriza pavimenta\u00e7\u00e3o da estrada que liga Virgem da Lapa a Ijicatu"},"content":{"rendered":"<p>O governador de Minas Gerais, Fernando Pimentel, assinou, nesta quarta-feira (21\/12\/2016), em Virgem da Lapa, Territ\u00f3rio M\u00e9dio e Baixo Jequitinhonha, a ordem de servi\u00e7o para obras de melhoramento e pavimenta\u00e7\u00e3o de 41 quil\u00f4metros nas rodovias MGC-367, MG-114 e LMG-677 entre a cidade e Ijicatu, no munic\u00edpio de Jos\u00e9 Gon\u00e7alves de Minas. O valor estimado do empreendimento \u00e9 de R$ 68 milh\u00f5es, incluindo obra, material betuminoso e desapropria\u00e7\u00e3o.<\/p>\n<p>A estrada, reivindica\u00e7\u00e3o hist\u00f3rica da popula\u00e7\u00e3o da regi\u00e3o, vai melhorar as condi\u00e7\u00f5es de tr\u00e1fego de pessoas, \u00f4nibus escolares e ambul\u00e2ncias, al\u00e9m do escoamento da produ\u00e7\u00e3o de alimentos e minerais do Jequitinhonha e do Sul da Bahia de forma segura e \u00e1gil.<\/p>\n<p>Em seu discurso, o governador destacou o trabalho regionalizado. \u201cMinas foi governada, durante muito tempo, de costas para o interior do estado. N\u00e3o quero fazer nenhuma cr\u00edtica, mas a verdade \u00e9 que durante muito tempo o nosso estado n\u00e3o teve o olhar regionalizado, territorializado, que n\u00f3s estamos trazendo agora. Foi por isso que, desde o primeiro ano de gest\u00e3o, n\u00f3s criamos os F\u00f3runs Regionais de Governo e, em cada regi\u00e3o, n\u00f3s colocamos em funcionamento um mecanismo de consulta popular, junto com os deputados, para ouvir as demandas da regi\u00e3o, traz\u00ea-las para dentro do Governo e torn\u00e1-las prioridade. E \u00e9 por isso que a obra dessa rodovia de Virgem da Lapa come\u00e7a agora, porque ela foi destacada como prioridade no F\u00f3rum Regional de Governo\u201d, afirmou o governador.<\/p>\n<p>Fernando Pimentel ressaltou a import\u00e2ncia da obra para a regi\u00e3o, que sofria, h\u00e1 muitos anos, com a precariedade do acesso aos munic\u00edpios. \u201cVamos ter o asfaltamento completo e acabar com esse tormento que \u00e9 passar nessa estrada quando chove, e mesmo quando n\u00e3o chove. \u00c9 um tormento que est\u00e1 a\u00ed h\u00e1 muitos anos, j\u00e1 poderia ter sido resolvido e n\u00e3o foi porque governos anteriores deram prioridade para outras coisas, e n\u00e3o aquilo que o povo da regi\u00e3o precisava. Essa \u00e9 a mudan\u00e7a que n\u00f3s temos que comemorar. Agora quem manda em Minas Gerais \u00e9 o povo de Minas Gerais\u201d, disse.<\/p>\n<p><img decoding=\"async\" src=\"http:\/\/aconteceunovale.com.br\/portal\/wp-content\/uploads\/2016\/12\/pimentel_autoriza_1.jpg\" alt=\"\" \/><em>Pimentel autoriza obra em rodovia que liga Virgem da Lapa a Ijicatu (Omar Freire\/Imprensa MG)<\/em><br \/>\n<\/br><\/p>\n<p><strong>A obra<\/strong><\/p>\n<p>As obras de melhoramento, pavimenta\u00e7\u00e3o, refor\u00e7o e ainda o alargamento da ponte sobre o C\u00f3rrego Virgem da Lapa t\u00eam in\u00edcio no entroncamento com a MGC\/367; passa pelo distrito de Leliv\u00e9ldia, em Berilo, e a Comunidade do Cravo, terminando em Ijicatu.<\/p>\n<p>O prefeito de Virgem da Lapa, Harley Lopes, celebrou a conquista t\u00e3o esperada pela popula\u00e7\u00e3o. \u201cHoje \u00e9 um dia especial e hist\u00f3rico para n\u00f3s. Temos muito a agradecer. Essa obra \u00e9 de uma grande import\u00e2ncia para n\u00f3s. S\u00f3 algu\u00e9m de sua envergadura, do seu cora\u00e7\u00e3o, poderia ter a sensibilidade de retirar de uma vez por todas do papel esse trecho entre Virgem da Lapa e Ijicatu\u201d, disse.<\/p>\n<p>O chefe do Executivo municipal relembrou, ainda, a promessa do governador em realizar a obra. \u201c\u00c9 uma luta passada por muitas m\u00e3os. N\u00f3s, povo de Virgem da Lapa e prefeitos da regi\u00e3o, sabemos agradecer e reconhecer aquilo que por n\u00f3s \u00e9 feito. N\u00f3s estamos acostumados a, \u00e0s vezes, sermos esquecidos. Por isso, queremos exalt\u00e1-lo e dizer obrigado por tudo o que tem feito e pela coragem que tem de enfrentar essa crise que assola o nosso pa\u00eds. Somos todos de um povo s\u00f3, de uma cor s\u00f3, torcemos todos pela nossa regi\u00e3o, torcemos todos por Virgem da Lapa\u201d, finalizou Lopes.<\/p>\n<p><img decoding=\"async\" src=\"http:\/\/aconteceunovale.com.br\/portal\/wp-content\/uploads\/2016\/12\/pimentel_autoriza_3.jpg\" alt=\"\" \/><em>Pimentel autoriza obra em rodovia que liga Virgem da Lapa a Ijicatu (Omar Freire\/Imprensa MG)<\/em><br \/>\n<\/br><\/p>\n<p><strong>A regi\u00e3o<\/strong><\/p>\n<p>A economia da regi\u00e3o se destaca pelo extrativismo vegetal (eucalipto), extrativismo mineral (granito e feldspato) e da safra frut\u00edfera (banana). O abastecimento de alimentos para a subsist\u00eancia da popula\u00e7\u00e3o e o com\u00e9rcio local tamb\u00e9m ser\u00e3o potencializados, al\u00e9m de propiciar a maior facilidade para tr\u00e1fego de \u00f4nibus escolares e ambul\u00e2ncias. O Territ\u00f3rio M\u00e9dio e Baixo Jequitinhonha abrange 31 munic\u00edpios, onde vivem 455 mil habitantes, o que corresponde 2,19% da popula\u00e7\u00e3o mineira.<\/p>\n<p>O deputado estadual Doutor Jean Freire, que representou a Assembleia Legislativa no evento, tamb\u00e9m valorizou o \u201cdia hist\u00f3rico para o Vale do Jequitinhonha\u201d. \u201cEssa estrada ir\u00e1 interligar Belo Horizonte ao Vale do Jequitinhonha por uma regi\u00e3o mais segura. Vai trazer n\u00e3o somente o desenvolvimento, mas o envolvimento das pessoas. \u00c9 preciso envolver as pessoas nas discuss\u00f5es. Quando o Governo sai de l\u00e1 e pisa o p\u00e9 aqui para ouvir as pessoas, ele est\u00e1 envolvendo as pessoas, com a sensibilidade de olhar para os que mais precisam\u201d, afirmou.<\/p>\n<p>Tamb\u00e9m participaram da cerim\u00f4nia os secret\u00e1rios de Estado de Transporte e Obras P\u00fablicas, Murilo Valadares, e de Governo, Odair Cunha, o secret\u00e1rio adjunto de Desenvolvimento e Integra\u00e7\u00e3o do Norte e Nordeste, Gustavo Xavier, parlamentares estaduais e federais, prefeitos e vereadores da regi\u00e3o, al\u00e9m de lideran\u00e7as da regi\u00e3o e representantes de movimentos sociais. <\/p>\n<p><img decoding=\"async\" src=\"http:\/\/aconteceunovale.com.br\/portal\/wp-content\/uploads\/2016\/12\/pimentel_autoriza_2.jpg\" alt=\"\" \/><em>Pimentel autoriza obra em rodovia que liga Virgem da Lapa a Ijicatu (Omar Freire\/Imprensa MG)<\/em><br \/>\n<\/br><\/p>\n<p><img decoding=\"async\" src=\"http:\/\/aconteceunovale.com.br\/portal\/wp-content\/uploads\/2016\/12\/pimentel_autoriza_3.jpg\" alt=\"\" \/><em>Pimentel autoriza obra em rodovia que liga Virgem da Lapa a Ijicatu (Omar Freire\/Imprensa MG)<\/em><br \/>\n<\/br><\/p>\n<p><img decoding=\"async\" src=\"http:\/\/aconteceunovale.com.br\/portal\/wp-content\/uploads\/2016\/12\/pimentel_ara_1.jpg\" alt=\"\" \/><em>Fernando Pimentel no Aeroporto de Ara\u00e7ua\u00ed (Foto: Reprodu\u00e7\u00e3o\/WhatsApp)<\/em><br \/>\n<\/br><\/p>\n<p>(Ag\u00eancia Minas)<\/p>\n","protected":false},"excerpt":{"rendered":"<p>O governador de Minas Gerais, Fernando Pimentel, assinou, nesta quarta-feira (21\/12\/2016), em Virgem da Lapa, Territ\u00f3rio M\u00e9dio e Baixo Jequitinhonha, a ordem de servi\u00e7o para obras de melhoramento e pavimenta\u00e7\u00e3o de 41 quil\u00f4metros nas rodovias MGC-367, MG-114 e LMG-677 entre a cidade e Ijicatu, no munic\u00edpio de Jos\u00e9 Gon\u00e7alves de Minas. O valor estimado do [&hellip;]<\/p>\n","protected":false},"author":1,"featured_media":104809,"comment_status":"open","ping_status":"closed","sticky":false,"template":"","format":"standard","meta":{"amp_status":"","footnotes":""},"categories":[120],"tags":[60110,131378,841,131624,1018,12826,131375,131373,17334,29798,45375,917,13364,21022,131374,84651,131377,131625,131627,131626,131376,45374,482],"class_list":["post-104807","post","type-post","status-publish","format-standard","has-post-thumbnail","hentry","category-jequi","tag-asfaltamento-da-lmg-677","tag-asfaltamento-de-estrada-entre-virgem-da-lapa-e-ijicatu","tag-berilo","tag-comunidade-do-cravo","tag-destaque","tag-fernando-pimentel","tag-fernando-pimentel-em-virgem-da-lapa","tag-governador-autoriza-pavimentacao-de-estrada-entre-virgem-da-lapa-e-ijicatu","tag-governador-de-minas-gerais","tag-governador-fernando-pimentel","tag-harley-lopes","tag-jose-goncalves-de-minas","tag-leliveldia","tag-lmg-677","tag-obra-na-lmg-677","tag-pavimentacao-da-lmg-677","tag-pavimentacao-de-estrada-entre-virgem-da-lapa-e-ijicatu","tag-pimentel-autoriza-obra-em-rodovia-que-liga-virgem-da-lapa-a-ijicatu","tag-pimentel-autoriza-pavimentacao-da-estrada-que-liga-virgem-da-lapa-a-ijicatu","tag-pimentel-autoriza-pavimentacao-de-41-quilometros-na-estrada-que-liga-virgem-da-lapa-a-ijicatu","tag-pimentel-em-virgem-da-lapa","tag-prefeito-de-virgem-da-lapa","tag-virgem-da-lapa"],"_links":{"self":[{"href":"https:\/\/aconteceunovale.com.br\/portal\/index.php?rest_route=\/wp\/v2\/posts\/104807","targetHints":{"allow":["GET"]}}],"collection":[{"href":"https:\/\/aconteceunovale.com.br\/portal\/index.php?rest_route=\/wp\/v2\/posts"}],"about":[{"href":"https:\/\/aconteceunovale.com.br\/portal\/index.php?rest_route=\/wp\/v2\/types\/post"}],"author":[{"embeddable":true,"href":"https:\/\/aconteceunovale.com.br\/portal\/index.php?rest_route=\/wp\/v2\/users\/1"}],"replies":[{"embeddable":true,"href":"https:\/\/aconteceunovale.com.br\/portal\/index.php?rest_route=%2Fwp%2Fv2%2Fcomments&post=104807"}],"version-history":[{"count":0,"href":"https:\/\/aconteceunovale.com.br\/portal\/index.php?rest_route=\/wp\/v2\/posts\/104807\/revisions"}],"wp:featuredmedia":[{"embeddable":true,"href":"https:\/\/aconteceunovale.com.br\/portal\/index.php?rest_route=\/wp\/v2\/media\/104809"}],"wp:attachment":[{"href":"https:\/\/aconteceunovale.com.br\/portal\/index.php?rest_route=%2Fwp%2Fv2%2Fmedia&parent=104807"}],"wp:term":[{"taxonomy":"category","embeddable":true,"href":"https:\/\/aconteceunovale.com.br\/portal\/index.php?rest_route=%2Fwp%2Fv2%2Fcategories&post=104807"},{"taxonomy":"post_tag","embeddable":true,"href":"https:\/\/aconteceunovale.com.br\/portal\/index.php?rest_route=%2Fwp%2Fv2%2Ftags&post=104807"}],"curies":[{"name":"wp","href":"https:\/\/api.w.org\/{rel}","templated":true}]}}