{"id":104700,"date":"2016-12-20T17:54:20","date_gmt":"2016-12-20T19:54:20","guid":{"rendered":"http:\/\/aconteceunovale.com.br\/portal\/?p=104700"},"modified":"2016-12-20T17:54:20","modified_gmt":"2016-12-20T19:54:20","slug":"prefeito-eleito-em-timoteo-tem-registro-de-candidatura-cassado-pelo-tse","status":"publish","type":"post","link":"https:\/\/aconteceunovale.com.br\/portal\/?p=104700","title":{"rendered":"Prefeito eleito em Tim\u00f3teo tem registro de candidatura cassado pelo TSE"},"content":{"rendered":"<p>O Ministro Herman Benjamin, do Tribunal Superior Eleitoral (TSE) aceitou, nessa segunda-feira (19\/12\/2016), o pedido de cassa\u00e7\u00e3o do registro de campanha do prefeito eleito em Tim\u00f3teo, Geraldo Hil\u00e1rio Torres (PP). Hil\u00e1rio teve 11.672 votos, o que representa 25,59% dos votos v\u00e1lidos.<\/p>\n<p>O ministro acatou o pedido feito pala coliga\u00e7\u00e3o &#8216;Somos Todos Tim\u00f3teo&#8217;, que questionava a elegibilidade de Hil\u00e1rio. A decis\u00e3o, que tem car\u00e1ter provis\u00f3rio, levou em conta que o per\u00edodo de inelegibilidade do candidato seguia at\u00e9 o dia 5 de outubro deste ano e as elei\u00e7\u00f5es municipais foram no dia 2.<\/p>\n<p>De acordo com o entendimento do ministro, Hil\u00e1rio ainda n\u00e3o tinha condi\u00e7\u00f5es de concorrer ao cargo de chefe do executivo municipal. A decis\u00e3o se refere a uma condena\u00e7\u00e3o de abuso de poder e capta\u00e7\u00e3o il\u00edcita de recursos para campanha eleitoral de 2008.<\/p>\n<p>O processo ainda deve ser analisado pela corte. O novo julgamento ainda n\u00e3o tem data marcada.<\/p>\n<p>Em nota, o advogado de defesa de Geraldo Hil\u00e1rio informou que recebeu com absoluta tranquilidade a decis\u00e3o do Ministro Herman Benjamin. &#8220;Trata-se de uma decis\u00e3o monocr\u00e1tica (ou seja, julgada por um s\u00f3 ministro) da qual cabe recurso tanto ao pleno do TSE ,quanto ao Supremo Tribunal Federal&#8221;, diz.<\/p>\n<p>Ainda segundo a defesa, todas as medidas judiciais j\u00e1 est\u00e3o sendo tomadas e a popula\u00e7\u00e3o de Tim\u00f3teo n\u00e3o sofrer\u00e1 qualquer preju\u00edzo.<\/p>\n<p><img decoding=\"async\" src=\"http:\/\/aconteceunovale.com.br\/portal\/wp-content\/uploads\/2016\/08\/condenacao_geraldo_hilario.jpg\" alt=\"\" \/><em>Geraldo Hil\u00e1rio Torres foi o mais votado em Tim\u00f3teo (Divulga\u00e7\u00e3o)<\/em><br \/>\n<\/br><\/p>\n<p><strong>Nota completa da defesa de Geraldo Hil\u00e1rio <\/strong><\/p>\n<p>???<em>Recebo com muita tranquilidade a decis\u00e3o de hoje do Ministro Herman Benjamin. Enquanto alguns festejam, n\u00f3s, prefeito e vice eleitos continuamos trabalhando, porque esta \u00e9 a miss\u00e3o que nos foi confiada pelo povo de Tim\u00f3teo.<br \/>\nTenho uma hist\u00f3ria com esta cidade e, de forma alguma, me lan\u00e7aria a uma aventura inconsequente envolvendo toda a minha amada popula\u00e7\u00e3o timotense. <\/p>\n<p>Tornei-me candidato e fui eleito por v\u00e1rios motivos que passo a expor para voc\u00ea: Fui injustamente cassado (por dar exames \u00e0 popula\u00e7\u00e3o), em 2008, e recebi uma penalidade de tr\u00eas anos. Essa pena extinguiu-se em 2011. Com o advento da LC\/135, tentaram impor a mim uma pena maior que a que recebi. Tentaram passar para oito anos. <\/p>\n<p>Ocorre que a lei n\u00e3o retroage, n\u00e3o pode retroagir. \u00c9 o que diz nossa Constitui\u00e7\u00e3o. Diante disso, fui candidato a Deputado Federal, em 2014, e a mesma campanha difamat\u00f3ria contra mim foi realizada, levando, inclusive, ao meu insucesso na elei\u00e7\u00e3o. Mas Deus \u00e9 justo e a difama\u00e7\u00e3o foi resolvida com uma decis\u00e3o do Supremo Tribunal Federal, em que meus votos foram validados e o Pastor Franklin encontra-se l\u00e1, na C\u00e2mara Federal, gra\u00e7as aos meus votos, conforme ele mesmo reconhece. Mas n\u00e3o para por a\u00ed. <\/p>\n<p>T\u00ednhamos um firme entendimento do Tribunal Superior Eleitoral de que, mesmo que fosse a pena de oito anos, se ela se extinguisse antes da diploma\u00e7\u00e3o, o candidato seria eleg\u00edvel. Esse tamb\u00e9m \u00e9 o meu caso. Ainda que a inelegibilidade fosse de oito anos, ela se extinguiria em 05\/10, logo, antes da diploma\u00e7\u00e3o.<\/p>\n<p>Esse \u00e9 o meu convencimento. Esse \u00e9 o convencimento de muitos ju\u00edzes e ministros. Tanto \u00e9 assim que o Ministro Gilmar Mendes, Presidente do TSE, disse: Essa quest\u00e3o precisa ser resolvida pelo Supremo.<\/p>\n<p>Por isso sou o prefeito de Tim\u00f3teo. Porque sempre tratei, at\u00e9 de meus problemas, com muita transpar\u00eancia e muita fidelidade ao povo. <\/p>\n<p>Ent\u00e3o, n\u00e3o se assuste. Meus votos para Deputado Federal s\u00f3 foram validados l\u00e1: No Supremo Tribunal Federal, que \u00e9 para onde iremos agora.<\/p>\n<p>Nossos detratores comemoram, acusam-me injustamente, da mesma forma que fizeram em 2014. Est\u00e3o tentando novamente agora. Lembra que no dia da elei\u00e7\u00e3o at\u00e9 uma carta falsa fizeram usando meu nome? <\/p>\n<p>Fiquem tranquilos. Assim como na nossa vida sofremos acusa\u00e7\u00f5es, revezes, dificuldades, na pol\u00edtica tamb\u00e9m \u00e9 assim: Sofremos dificuldades, mas trabalhamos para superar. Sofremos agress\u00f5es, mas temos de dar a outra face, para que, l\u00e1 na frente, todos n\u00f3s, timotenses, possamos desfrutar o melhor futuro que Deus nos reserva. Pois \u00e9. <\/p>\n<p>Eles agora comemoram, mas no final, e sem preju\u00edzo para Tim\u00f3teo, nossa cidade sim, toda ela, ter\u00e1 muito de comemorar. <\/p>\n<p>Um forte abra\u00e7o.<br \/>\nDR. Geraldo Hil\u00e1rio<br \/>\nPrefeito Eleito de Tim\u00f3teo<\/em><\/p>\n<p><em>(Com informa\u00e7\u00f5es do G1 dos Vales)<\/em><\/p>\n","protected":false},"excerpt":{"rendered":"<p>O Ministro Herman Benjamin, do Tribunal Superior Eleitoral (TSE) aceitou, nessa segunda-feira (19\/12\/2016), o pedido de cassa\u00e7\u00e3o do registro de campanha do prefeito eleito em Tim\u00f3teo, Geraldo Hil\u00e1rio Torres (PP). Hil\u00e1rio teve 11.672 votos, o que representa 25,59% dos votos v\u00e1lidos. O ministro acatou o pedido feito pala coliga\u00e7\u00e3o &#8216;Somos Todos Tim\u00f3teo&#8217;, que questionava a [&hellip;]<\/p>\n","protected":false},"author":1,"featured_media":93464,"comment_status":"open","ping_status":"closed","sticky":false,"template":"","format":"standard","meta":{"amp_status":"","footnotes":""},"categories":[121,40240],"tags":[131418,131416,1018,131419,41059,131417,17299,119009,131421,131420,1105,94060,267],"class_list":["post-104700","post","type-post","status-publish","format-standard","has-post-thumbnail","hentry","category-leste","category-politica-2","tag-candidatura-de-geraldo-hilario-torres","tag-cassacao-de-geraldo-hilario-torres","tag-destaque","tag-geraldo-hilario","tag-geraldo-hilario-torres","tag-indeferimento-do-registro-de-candidatura-de-geraldo-hilario-torres","tag-pp","tag-prefeito-eleito-em-timoteo","tag-prefeito-eleito-em-timoteo-tem-registro-de-candidatura-cassado-pelo-tse","tag-somos-todos-timoteo","tag-timoteo","tag-tribunal-superior-eleitoral","tag-tse"],"_links":{"self":[{"href":"https:\/\/aconteceunovale.com.br\/portal\/index.php?rest_route=\/wp\/v2\/posts\/104700","targetHints":{"allow":["GET"]}}],"collection":[{"href":"https:\/\/aconteceunovale.com.br\/portal\/index.php?rest_route=\/wp\/v2\/posts"}],"about":[{"href":"https:\/\/aconteceunovale.com.br\/portal\/index.php?rest_route=\/wp\/v2\/types\/post"}],"author":[{"embeddable":true,"href":"https:\/\/aconteceunovale.com.br\/portal\/index.php?rest_route=\/wp\/v2\/users\/1"}],"replies":[{"embeddable":true,"href":"https:\/\/aconteceunovale.com.br\/portal\/index.php?rest_route=%2Fwp%2Fv2%2Fcomments&post=104700"}],"version-history":[{"count":0,"href":"https:\/\/aconteceunovale.com.br\/portal\/index.php?rest_route=\/wp\/v2\/posts\/104700\/revisions"}],"wp:featuredmedia":[{"embeddable":true,"href":"https:\/\/aconteceunovale.com.br\/portal\/index.php?rest_route=\/wp\/v2\/media\/93464"}],"wp:attachment":[{"href":"https:\/\/aconteceunovale.com.br\/portal\/index.php?rest_route=%2Fwp%2Fv2%2Fmedia&parent=104700"}],"wp:term":[{"taxonomy":"category","embeddable":true,"href":"https:\/\/aconteceunovale.com.br\/portal\/index.php?rest_route=%2Fwp%2Fv2%2Fcategories&post=104700"},{"taxonomy":"post_tag","embeddable":true,"href":"https:\/\/aconteceunovale.com.br\/portal\/index.php?rest_route=%2Fwp%2Fv2%2Ftags&post=104700"}],"curies":[{"name":"wp","href":"https:\/\/api.w.org\/{rel}","templated":true}]}}