{"id":104694,"date":"2016-12-20T17:40:35","date_gmt":"2016-12-20T19:40:35","guid":{"rendered":"http:\/\/aconteceunovale.com.br\/portal\/?p=104694"},"modified":"2016-12-20T17:40:35","modified_gmt":"2016-12-20T19:40:35","slug":"homem-e-preso-apos-matar-irmao-com-facada-no-pescoco-em-angelandia-no-vale-do-jequitinhonha","status":"publish","type":"post","link":"https:\/\/aconteceunovale.com.br\/portal\/?p=104694","title":{"rendered":"Homem \u00e9 preso ap\u00f3s matar irm\u00e3o com facada no pesco\u00e7o em Angel\u00e2ndia, no Vale do Jequitinhonha"},"content":{"rendered":"<p>Um rapaz de 23 anos morreu ap\u00f3s ser esfaqueado pelo irm\u00e3o, de 37 anos, na noite dessa segunda-feira (19\/12\/2016), em Angel\u00e2ndia, no Vale do Jequitinhonha. Segundo a Pol\u00edcia Militar (PM), os dois estavam brigando, quando o mais velho esfaqueou o mais novo no pesco\u00e7o.<\/p>\n<p>A pol\u00edcia foi acionada, mas antes que chegassem ao local do briga foi informada que a v\u00edtima morreu ao dar entrada no hospital. O autor foi preso em flagrante e levado para a delegacia com um bra\u00e7o quebrado, por causa da briga. O motivo do crime n\u00e3o foi divulgado.<\/p>\n<p><img decoding=\"async\" src=\"http:\/\/aconteceunovale.com.br\/portal\/wp-content\/uploads\/2016\/12\/pm_angelandia.jpg\" alt=\"\" \/><em>Homem foi preso pela PM de Angel\u00e2ndia (Foto: Divulga\u00e7\u00e3o)<\/em><br \/>\n<\/br><\/p>\n<p><em>(Com G1 dos Vales)<\/em><\/p>\n","protected":false},"excerpt":{"rendered":"<p>Um rapaz de 23 anos morreu ap\u00f3s ser esfaqueado pelo irm\u00e3o, de 37 anos, na noite dessa segunda-feira (19\/12\/2016), em Angel\u00e2ndia, no Vale do Jequitinhonha. Segundo a Pol\u00edcia Militar (PM), os dois estavam brigando, quando o mais velho esfaqueou o mais novo no pesco\u00e7o. A pol\u00edcia foi acionada, mas antes que chegassem ao local do [&hellip;]<\/p>\n","protected":false},"author":1,"featured_media":104695,"comment_status":"open","ping_status":"closed","sticky":false,"template":"","format":"standard","meta":{"amp_status":"","footnotes":""},"categories":[120],"tags":[131406,657,131402,131408,131407,131400,131405,131401,131404,131403,131409],"class_list":["post-104694","post","type-post","status-publish","format-standard","has-post-thumbnail","hentry","category-jequi","tag-altair-aparecido-martins","tag-angelandia","tag-assassinato-em-angelandia","tag-briga-de-irmaos-em-angelandia","tag-edney-ferreira-leite","tag-homem-e-preso-apos-matar-irmao-com-facada-no-pescoco-em-angelandia","tag-homem-mata-irmao-em-angelandia","tag-homicidio-em-angelandia","tag-irmao-mata-irmao-em-angelandia","tag-morte-em-angelandia","tag-preso-em-angelandia"],"_links":{"self":[{"href":"https:\/\/aconteceunovale.com.br\/portal\/index.php?rest_route=\/wp\/v2\/posts\/104694","targetHints":{"allow":["GET"]}}],"collection":[{"href":"https:\/\/aconteceunovale.com.br\/portal\/index.php?rest_route=\/wp\/v2\/posts"}],"about":[{"href":"https:\/\/aconteceunovale.com.br\/portal\/index.php?rest_route=\/wp\/v2\/types\/post"}],"author":[{"embeddable":true,"href":"https:\/\/aconteceunovale.com.br\/portal\/index.php?rest_route=\/wp\/v2\/users\/1"}],"replies":[{"embeddable":true,"href":"https:\/\/aconteceunovale.com.br\/portal\/index.php?rest_route=%2Fwp%2Fv2%2Fcomments&post=104694"}],"version-history":[{"count":0,"href":"https:\/\/aconteceunovale.com.br\/portal\/index.php?rest_route=\/wp\/v2\/posts\/104694\/revisions"}],"wp:featuredmedia":[{"embeddable":true,"href":"https:\/\/aconteceunovale.com.br\/portal\/index.php?rest_route=\/wp\/v2\/media\/104695"}],"wp:attachment":[{"href":"https:\/\/aconteceunovale.com.br\/portal\/index.php?rest_route=%2Fwp%2Fv2%2Fmedia&parent=104694"}],"wp:term":[{"taxonomy":"category","embeddable":true,"href":"https:\/\/aconteceunovale.com.br\/portal\/index.php?rest_route=%2Fwp%2Fv2%2Fcategories&post=104694"},{"taxonomy":"post_tag","embeddable":true,"href":"https:\/\/aconteceunovale.com.br\/portal\/index.php?rest_route=%2Fwp%2Fv2%2Ftags&post=104694"}],"curies":[{"name":"wp","href":"https:\/\/api.w.org\/{rel}","templated":true}]}}