{"id":104688,"date":"2016-12-20T17:22:54","date_gmt":"2016-12-20T19:22:54","guid":{"rendered":"http:\/\/aconteceunovale.com.br\/portal\/?p=104688"},"modified":"2016-12-20T17:22:54","modified_gmt":"2016-12-20T19:22:54","slug":"policia-civil-de-montes-claros-prende-homem-condenado-pela-morte-do-bailarino-igor-xavier","status":"publish","type":"post","link":"https:\/\/aconteceunovale.com.br\/portal\/?p=104688","title":{"rendered":"Pol\u00edcia Civil de Montes Claros prende homem condenado pela morte do bailarino Igor Xavier"},"content":{"rendered":"<p>A Pol\u00edcia Civil de Montes Claros apresentou nesta ter\u00e7a-feira (20\/12\/2016) o homem condenado pela morte do bailarino Igor Leonardo Lacerda Xavier; o crime foi praticado em 2002 na cidade do Norte de Minas. Ricardo Athayde de Vasconcelos, de 61 anos, foi preso na \u00faltima sexta-feira (16) em um apartamento no bairro Sion, em Belo Horizonte. Ele ficar\u00e1 preso no Pres\u00eddio Regional enquanto aguarda o julgamento dos recursos da defesa. O processo ainda n\u00e3o foi transitado em julgado.<\/p>\n<p>Ricardo Athayde foi julgado em agosto de 2013 e condenado a 14 anos de reclus\u00e3o pelo crime de homic\u00eddio de Igor Xavier, na \u00e9poca com 29 anos. A defesa recorreu, mas o Tribunal de Justi\u00e7a confirmou a condena\u00e7\u00e3o dele, reduzindo a pena para 12 anos em regime fechado. Na ocasi\u00e3o, o crime tornou-se emblem\u00e1tico por tratar a morte do bailarino com causa homof\u00f3bica.<\/p>\n<p>O delegado regional de Montes Claros, Jurandir Rodrigues C\u00e9sar Filho, explicou que a pris\u00e3o aconteceu mediante mandado de pris\u00e3o, expedido pela vara do Tribunal de J\u00fari de Montes Claros, em virtude da nova decis\u00e3o do Supremo Tribunal Superior em prender condenados em segunda inst\u00e2ncia, que aguardavam recurso em liberdade.<\/p>\n<p>\u201cN\u00e3o houve resist\u00eancia por parte do Ricardo Athayde, durante a pris\u00e3o feita pela pol\u00edcia civil. Ele foi encontrado em um apartamento em Belo Horizonte, em situa\u00e7\u00e3o de pen\u00faria, e ficar\u00e1 em cela especial, mas n\u00e3o em cela individual\u201d.<\/p>\n<p><img decoding=\"async\" src=\"http:\/\/aconteceunovale.com.br\/portal\/wp-content\/uploads\/2016\/12\/caso_bailarino_moc_1.jpg\" alt=\"\" \/><em>Ricardo foi condenado pela morte do bailarino Igor Xavier (Foto: Juliana Peixoto\/G1)<\/em><br \/>\n<\/br><\/p>\n<p>Ricardo Athayde cometeu o crime em mar\u00e7o de 2002, e desde ent\u00e3o respondia o processo em liberdade. Ele chegou a ser condenado, mas aguardava recurso.<\/p>\n<p>\u201cOcorria, neste caso, uma forte sensa\u00e7\u00e3o de impunidade. A pris\u00e3o dele demonstra justamente isso, que os criminosos ser\u00e3o responsabilizados penalmente por esses crimes que trazem tanta viol\u00eancia.\u201d<\/p>\n<p>Durante a coletiva, Ricardo apresentava nervosismo e chegou a dizer que n\u00e3o se considera homof\u00f3bico, mas n\u00e3o quis conversar com a imprensa.<\/p>\n<p><strong>A fam\u00edlia<\/strong><\/p>\n<p>Marlene Gomes Lacerda Xavier, m\u00e3e do bailarino, soube da not\u00edcia da pris\u00e3o do condenado pela morte do seu filho na manh\u00e3 desta ter\u00e7a-feira (20). Depois de 14 anos, ela demorou a acreditar.<\/p>\n<p>\u201cEu fiquei sabendo por uma amiga e, at\u00e9 ent\u00e3o, eu n\u00e3o estava acreditando. Foi uma grande surpresa. Na \u00faltima audi\u00eancia, eu sai muito triste. Al\u00e9m dele n\u00e3o ser preso, ele ainda teve a pena reduzida em dois anos. \u00c9 um sentimento de agradecimento a Deus. Esta nova mudan\u00e7a no Supremo Tribunal Federal j\u00e1 representa um certo al\u00edvio; ascende a esperan\u00e7a que, nestes casos, de crimes violentos, os criminosos ser\u00e3o punidos. Mas a dor nunca vai passar\u201d, completa.<\/p>\n<p><img decoding=\"async\" src=\"http:\/\/aconteceunovale.com.br\/portal\/wp-content\/uploads\/2016\/12\/caso_bailarino_moc_2.jpg\" alt=\"\" \/><em>Foto de Igor Xavier guardada pela m\u00e3e dele (Foto: Arquivo Pessoal\/Reprodu\u00e7\u00e3o)<\/em><br \/>\n<\/br><\/p>\n<p><em>(Fonte: G1 Grande Minas\/Juliana Peixoto)<\/em><\/p>\n","protected":false},"excerpt":{"rendered":"<p>A Pol\u00edcia Civil de Montes Claros apresentou nesta ter\u00e7a-feira (20\/12\/2016) o homem condenado pela morte do bailarino Igor Leonardo Lacerda Xavier; o crime foi praticado em 2002 na cidade do Norte de Minas. Ricardo Athayde de Vasconcelos, de 61 anos, foi preso na \u00faltima sexta-feira (16) em um apartamento no bairro Sion, em Belo Horizonte. [&hellip;]<\/p>\n","protected":false},"author":1,"featured_media":104691,"comment_status":"open","ping_status":"closed","sticky":false,"template":"","format":"standard","meta":{"amp_status":"","footnotes":""},"categories":[1236],"tags":[131395,194,43696,131398,25323,131397,210,30798,131399,131396],"class_list":["post-104688","post","type-post","status-publish","format-standard","has-post-thumbnail","hentry","category-norte_de_minas","tag-bailarino-igor-leonardo-lacerda-xavier","tag-belo-horizonte","tag-delegado-regional-de-montes-claros","tag-homicidio-de-igor-xavier","tag-igor-leonardo-lacerda-xavier","tag-jurandir-rodrigues-cesar-filho","tag-montes-claros","tag-policia-civil-de-montes-claros","tag-policia-civil-de-montes-claros-prende-homem-condenado-pela-morte-do-bailarino-igor-xavier","tag-ricardo-athayde-de-vasconcelos"],"_links":{"self":[{"href":"https:\/\/aconteceunovale.com.br\/portal\/index.php?rest_route=\/wp\/v2\/posts\/104688","targetHints":{"allow":["GET"]}}],"collection":[{"href":"https:\/\/aconteceunovale.com.br\/portal\/index.php?rest_route=\/wp\/v2\/posts"}],"about":[{"href":"https:\/\/aconteceunovale.com.br\/portal\/index.php?rest_route=\/wp\/v2\/types\/post"}],"author":[{"embeddable":true,"href":"https:\/\/aconteceunovale.com.br\/portal\/index.php?rest_route=\/wp\/v2\/users\/1"}],"replies":[{"embeddable":true,"href":"https:\/\/aconteceunovale.com.br\/portal\/index.php?rest_route=%2Fwp%2Fv2%2Fcomments&post=104688"}],"version-history":[{"count":0,"href":"https:\/\/aconteceunovale.com.br\/portal\/index.php?rest_route=\/wp\/v2\/posts\/104688\/revisions"}],"wp:featuredmedia":[{"embeddable":true,"href":"https:\/\/aconteceunovale.com.br\/portal\/index.php?rest_route=\/wp\/v2\/media\/104691"}],"wp:attachment":[{"href":"https:\/\/aconteceunovale.com.br\/portal\/index.php?rest_route=%2Fwp%2Fv2%2Fmedia&parent=104688"}],"wp:term":[{"taxonomy":"category","embeddable":true,"href":"https:\/\/aconteceunovale.com.br\/portal\/index.php?rest_route=%2Fwp%2Fv2%2Fcategories&post=104688"},{"taxonomy":"post_tag","embeddable":true,"href":"https:\/\/aconteceunovale.com.br\/portal\/index.php?rest_route=%2Fwp%2Fv2%2Ftags&post=104688"}],"curies":[{"name":"wp","href":"https:\/\/api.w.org\/{rel}","templated":true}]}}