{"id":104650,"date":"2016-12-20T12:19:46","date_gmt":"2016-12-20T14:19:46","guid":{"rendered":"http:\/\/aconteceunovale.com.br\/portal\/?p=104650"},"modified":"2016-12-20T12:19:46","modified_gmt":"2016-12-20T14:19:46","slug":"minas-gerais-tera-verao-chuvoso-e-clima-mais-ameno-do-que-nos-ultimos-anos","status":"publish","type":"post","link":"https:\/\/aconteceunovale.com.br\/portal\/?p=104650","title":{"rendered":"Minas Gerais ter\u00e1 ver\u00e3o chuvoso e clima mais ameno do que nos \u00faltimos anos"},"content":{"rendered":"<p>Com a chegada do ver\u00e3o \u00e0s 7h44 desta quarta-feira (21\/12\/2016), a popula\u00e7\u00e3o pode esperar, nos pr\u00f3ximos meses, um clima mais ameno para a esta\u00e7\u00e3o mais quente do ano, que ser\u00e1 marcada por chuvas intermitentes, com aumentos espor\u00e1dicos de temperatura entre as precipita\u00e7\u00f5es, mas com pouca possibilidade de chuvas de granizo. Outra caracter\u00edstica dessa esta\u00e7\u00e3o \u00e9 a dura\u00e7\u00e3o mais longa dos dias.<\/p>\n<p>As causas do clima mais ameno, segundo a meteorologista Ruany Gomes Xavier, da Cemig, s\u00e3o as condi\u00e7\u00f5es pr\u00f3ximas \u00e0 neutralidade do fen\u00f4meno La Ni\u00f1a. \u201cAs temperaturas da superf\u00edcie equatorial do Oceano Pac\u00edfico central e oriental estar\u00e3o ligeiramente abaixo da sua m\u00e9dia hist\u00f3rica, pr\u00f3ximas a sua normalidade, criando as condi\u00e7\u00f5es de temperatura sem influ\u00eancias externas, ou seja, n\u00e3o h\u00e1 previs\u00e3o de calor e seca excessivos para o per\u00edodo, como ocorreu nos \u00faltimos anos\u201d, explica Ruany Xavier.<\/p>\n<p><strong>Chuvas em Minas Gerais<\/strong><\/p>\n<p>Entre dezembro, janeiro e fevereiro, as chuvas devem ficar ligeiramente acima da m\u00e9dia nas \u00e1reas do Tri\u00e2ngulo, Oeste, Noroeste, Sul de Minas, Centro-Sul e Zona da Mata. Nas demais regi\u00f5es do estado, s\u00e3o esperadas chuvas ligeiramente abaixo do volume normal. As temperaturas ficam dentro da normalidade em todas as regi\u00f5es de Minas.<\/p>\n<p>Na Regi\u00e3o Metropolitana de Belo Horizonte (RMBH), espera-se que as chuvas fiquem pr\u00f3ximas \u00e0 situa\u00e7\u00e3o normal para o per\u00edodo entre dezembro e fevereiro e que, ao longo de janeiro, elas ocorram de forma bem distribu\u00edda durante todo o m\u00eas. De acordo com Ruany Xavier, as temperaturas da RMBH ficam dentro da normalidade, sem excessos.<\/p>\n<p><strong>Economia de energia<\/strong><\/p>\n<p>Alguns h\u00e1bitos simples podem ser adotados sem perda do conforto no ver\u00e3o e tamb\u00e9m podem atenuar o aumento do consumo. Al\u00e9m de reduzir a conta de energia no fim do m\u00eas, a popula\u00e7\u00e3o pode ajudar na recupera\u00e7\u00e3o dos reservat\u00f3rios em todo o pa\u00eds.<\/p>\n<p>Uma das principais medidas \u00e9 a mudan\u00e7a da chave de temperatura do chuveiro, nesta \u00e9poca do ano. O chuveiro \u00e9 um dos equipamentos que mais consome energia, devido \u00e0 sua pot\u00eancia \u2013 que \u00e9 muito alta.<\/p>\n<p>Mudando o seletor de temperatura da posi\u00e7\u00e3o \u201cinverno\u201d para a posi\u00e7\u00e3o \u201cver\u00e3o\u201d, a pot\u00eancia \u00e9 reduzida em 30%, proporcionando uma economia no consumo residencial ao final do m\u00eas de at\u00e9 10%.<\/p>\n<p>Al\u00e9m disso, como os dias s\u00e3o mais longos nesta esta\u00e7\u00e3o do ano, os consumidores podem aproveitar a ilumina\u00e7\u00e3o natural e diminuir a utiliza\u00e7\u00e3o das l\u00e2mpadas.<\/p>\n<p><img decoding=\"async\" src=\"http:\/\/aconteceunovale.com.br\/portal\/wp-content\/uploads\/2016\/12\/UHE_Tres_Marias.jpg\" alt=\"\" \/><em>Popula\u00e7\u00e3o pode esperar um clima mais ameno para a esta\u00e7\u00e3o mais quente do ano (Arquivo\/Cemig)<\/em><br \/>\n<\/br><\/p>\n<p>(Ag\u00eancia Minas)<\/p>\n","protected":false},"excerpt":{"rendered":"<p>Com a chegada do ver\u00e3o \u00e0s 7h44 desta quarta-feira (21\/12\/2016), a popula\u00e7\u00e3o pode esperar, nos pr\u00f3ximos meses, um clima mais ameno para a esta\u00e7\u00e3o mais quente do ano, que ser\u00e1 marcada por chuvas intermitentes, com aumentos espor\u00e1dicos de temperatura entre as precipita\u00e7\u00f5es, mas com pouca possibilidade de chuvas de granizo. Outra caracter\u00edstica dessa esta\u00e7\u00e3o \u00e9 [&hellip;]<\/p>\n","protected":false},"author":1,"featured_media":104651,"comment_status":"open","ping_status":"closed","sticky":false,"template":"","format":"standard","meta":{"amp_status":"","footnotes":""},"categories":[123],"tags":[347,2619,131358,1018,131360,131359,131356,131357,131361,69712],"class_list":["post-104650","post","type-post","status-publish","format-standard","has-post-thumbnail","hentry","category-gerais","tag-cemig","tag-chuvas-em-minas-gerais","tag-clima-no-verao-em-minas-gerais","tag-destaque","tag-meteorologista-ruany-gomes-xavier","tag-minas-gerais-tera-verao-chuvoso","tag-minas-gerais-tera-verao-chuvoso-e-clima-mais-ameno-do-que-nos-ultimos-anos","tag-previsao-do-tempo-para-o-verao-em-minas-gerais","tag-ruany-gomes-xavier","tag-verao-em-minas-gerais"],"yoast_head":"<!-- This site is optimized with the Yoast SEO plugin v28.3 - https:\/\/yoast.com\/product\/yoast-seo-wordpress\/ -->\n<title>Minas Gerais ter\u00e1 ver\u00e3o chuvoso e clima mais ameno do que nos \u00faltimos anos - Aconteceu no Vale<\/title>\n<meta name=\"robots\" content=\"index, follow, max-snippet:-1, max-image-preview:large, max-video-preview:-1\" \/>\n<link rel=\"canonical\" href=\"https:\/\/aconteceunovale.com.br\/portal\/?p=104650\" \/>\n<meta property=\"og:locale\" content=\"pt_BR\" \/>\n<meta property=\"og:type\" content=\"article\" \/>\n<meta property=\"og:title\" content=\"Minas Gerais ter\u00e1 ver\u00e3o chuvoso e clima mais ameno do que nos \u00faltimos anos - Aconteceu no Vale\" \/>\n<meta property=\"og:description\" content=\"Com a chegada do ver\u00e3o \u00e0s 7h44 desta quarta-feira (21\/12\/2016), a popula\u00e7\u00e3o pode esperar, nos pr\u00f3ximos meses, um clima mais ameno para a esta\u00e7\u00e3o mais quente do ano, que ser\u00e1 marcada por chuvas intermitentes, com aumentos espor\u00e1dicos de temperatura entre as precipita\u00e7\u00f5es, mas com pouca possibilidade de chuvas de granizo. Outra caracter\u00edstica dessa esta\u00e7\u00e3o \u00e9 [&hellip;]\" \/>\n<meta property=\"og:url\" content=\"https:\/\/aconteceunovale.com.br\/portal\/?p=104650\" \/>\n<meta property=\"og:site_name\" content=\"Aconteceu no Vale\" \/>\n<meta property=\"article:publisher\" content=\"https:\/\/www.facebook.com\/aconteceunovale\/\" \/>\n<meta property=\"article:published_time\" content=\"2016-12-20T14:19:46+00:00\" \/>\n<meta property=\"og:image\" content=\"https:\/\/aconteceunovale.com.br\/portal\/wp-content\/uploads\/2016\/12\/UHE_Tres_Marias.jpg\" \/>\n\t<meta property=\"og:image:width\" content=\"675\" \/>\n\t<meta property=\"og:image:height\" content=\"450\" \/>\n\t<meta property=\"og:image:type\" content=\"image\/jpeg\" \/>\n<meta name=\"author\" content=\"Aconteceu no Vale\" \/>\n<meta name=\"twitter:card\" content=\"summary_large_image\" \/>\n<meta name=\"twitter:creator\" content=\"@noticiadosvales\" \/>\n<meta name=\"twitter:site\" content=\"@noticiadosvales\" \/>\n<meta name=\"twitter:label1\" content=\"Escrito por\" \/>\n\t<meta name=\"twitter:data1\" content=\"Aconteceu no Vale\" \/>\n\t<meta name=\"twitter:label2\" content=\"Est. tempo de leitura\" \/>\n\t<meta name=\"twitter:data2\" content=\"2 minutos\" \/>\n<script type=\"application\/ld+json\" class=\"yoast-schema-graph\">{\"@context\":\"https:\\\/\\\/schema.org\",\"@graph\":[{\"@type\":\"Article\",\"@id\":\"https:\\\/\\\/aconteceunovale.com.br\\\/portal\\\/?p=104650#article\",\"isPartOf\":{\"@id\":\"https:\\\/\\\/aconteceunovale.com.br\\\/portal\\\/?p=104650\"},\"author\":{\"name\":\"Aconteceu no Vale\",\"@id\":\"https:\\\/\\\/aconteceunovale.com.br\\\/portal\\\/#\\\/schema\\\/person\\\/633529146f2c94272bef50ac2953d589\"},\"headline\":\"Minas Gerais ter\u00e1 ver\u00e3o chuvoso e clima mais ameno do que nos \u00faltimos anos\",\"datePublished\":\"2016-12-20T14:19:46+00:00\",\"mainEntityOfPage\":{\"@id\":\"https:\\\/\\\/aconteceunovale.com.br\\\/portal\\\/?p=104650\"},\"wordCount\":466,\"commentCount\":0,\"image\":{\"@id\":\"https:\\\/\\\/aconteceunovale.com.br\\\/portal\\\/?p=104650#primaryimage\"},\"thumbnailUrl\":\"https:\\\/\\\/aconteceunovale.com.br\\\/portal\\\/wp-content\\\/uploads\\\/2016\\\/12\\\/UHE_Tres_Marias.jpg\",\"keywords\":[\"cemig\",\"Chuvas em Minas Gerais\",\"Clima no ver\u00e3o em Minas Gerais\",\"destaque\",\"meteorologista Ruany Gomes Xavier\",\"Minas Gerais ter\u00e1 ver\u00e3o chuvoso\",\"Minas Gerais ter\u00e1 ver\u00e3o chuvoso e clima mais ameno do que nos \u00faltimos anos\",\"Previs\u00e3o do tempo para o ver\u00e3o em Minas Gerais\",\"Ruany Gomes Xavier\",\"Ver\u00e3o em Minas Gerais\"],\"articleSection\":[\"Minas Gerais\"],\"inLanguage\":\"pt-BR\",\"potentialAction\":[{\"@type\":\"CommentAction\",\"name\":\"Comment\",\"target\":[\"https:\\\/\\\/aconteceunovale.com.br\\\/portal\\\/?p=104650#respond\"]}]},{\"@type\":\"WebPage\",\"@id\":\"https:\\\/\\\/aconteceunovale.com.br\\\/portal\\\/?p=104650\",\"url\":\"https:\\\/\\\/aconteceunovale.com.br\\\/portal\\\/?p=104650\",\"name\":\"Minas Gerais ter\u00e1 ver\u00e3o chuvoso e clima mais ameno do que nos \u00faltimos anos - Aconteceu no Vale\",\"isPartOf\":{\"@id\":\"https:\\\/\\\/aconteceunovale.com.br\\\/portal\\\/#website\"},\"primaryImageOfPage\":{\"@id\":\"https:\\\/\\\/aconteceunovale.com.br\\\/portal\\\/?p=104650#primaryimage\"},\"image\":{\"@id\":\"https:\\\/\\\/aconteceunovale.com.br\\\/portal\\\/?p=104650#primaryimage\"},\"thumbnailUrl\":\"https:\\\/\\\/aconteceunovale.com.br\\\/portal\\\/wp-content\\\/uploads\\\/2016\\\/12\\\/UHE_Tres_Marias.jpg\",\"datePublished\":\"2016-12-20T14:19:46+00:00\",\"author\":{\"@id\":\"https:\\\/\\\/aconteceunovale.com.br\\\/portal\\\/#\\\/schema\\\/person\\\/633529146f2c94272bef50ac2953d589\"},\"breadcrumb\":{\"@id\":\"https:\\\/\\\/aconteceunovale.com.br\\\/portal\\\/?p=104650#breadcrumb\"},\"inLanguage\":\"pt-BR\",\"potentialAction\":[{\"@type\":\"ReadAction\",\"target\":[\"https:\\\/\\\/aconteceunovale.com.br\\\/portal\\\/?p=104650\"]}]},{\"@type\":\"ImageObject\",\"inLanguage\":\"pt-BR\",\"@id\":\"https:\\\/\\\/aconteceunovale.com.br\\\/portal\\\/?p=104650#primaryimage\",\"url\":\"https:\\\/\\\/aconteceunovale.com.br\\\/portal\\\/wp-content\\\/uploads\\\/2016\\\/12\\\/UHE_Tres_Marias.jpg\",\"contentUrl\":\"https:\\\/\\\/aconteceunovale.com.br\\\/portal\\\/wp-content\\\/uploads\\\/2016\\\/12\\\/UHE_Tres_Marias.jpg\",\"width\":675,\"height\":450},{\"@type\":\"BreadcrumbList\",\"@id\":\"https:\\\/\\\/aconteceunovale.com.br\\\/portal\\\/?p=104650#breadcrumb\",\"itemListElement\":[{\"@type\":\"ListItem\",\"position\":1,\"name\":\"In\u00edcio\",\"item\":\"https:\\\/\\\/aconteceunovale.com.br\\\/portal\\\/\"},{\"@type\":\"ListItem\",\"position\":2,\"name\":\"Minas Gerais ter\u00e1 ver\u00e3o chuvoso e clima mais ameno do que nos \u00faltimos anos\"}]},{\"@type\":\"WebSite\",\"@id\":\"https:\\\/\\\/aconteceunovale.com.br\\\/portal\\\/#website\",\"url\":\"https:\\\/\\\/aconteceunovale.com.br\\\/portal\\\/\",\"name\":\"Aconteceu no Vale\",\"description\":\"Portal de Not\u00edcias\",\"potentialAction\":[{\"@type\":\"SearchAction\",\"target\":{\"@type\":\"EntryPoint\",\"urlTemplate\":\"https:\\\/\\\/aconteceunovale.com.br\\\/portal\\\/?s={search_term_string}\"},\"query-input\":{\"@type\":\"PropertyValueSpecification\",\"valueRequired\":true,\"valueName\":\"search_term_string\"}}],\"inLanguage\":\"pt-BR\"},{\"@type\":\"Person\",\"@id\":\"https:\\\/\\\/aconteceunovale.com.br\\\/portal\\\/#\\\/schema\\\/person\\\/633529146f2c94272bef50ac2953d589\",\"name\":\"Aconteceu no Vale\",\"description\":\"Equipe de reportagem do Aconteceu no Vale, portal de not\u00edcias do Vale do Jequitinhonha, em Minas Gerais. Cobrimos as 51 cidades do Vale desde 2013. Sugest\u00f5es de pauta e pedidos de corre\u00e7\u00e3o: contato@aconteceunovale.com.br\",\"sameAs\":[\"http:\\\/\\\/www.aconteceunovale.com.br\"],\"url\":\"https:\\\/\\\/aconteceunovale.com.br\\\/portal\\\/?author=1\"}]}<\/script>\n<!-- \/ Yoast SEO plugin. -->","yoast_head_json":{"title":"Minas Gerais ter\u00e1 ver\u00e3o chuvoso e clima mais ameno do que nos \u00faltimos anos - Aconteceu no Vale","robots":{"index":"index","follow":"follow","max-snippet":"max-snippet:-1","max-image-preview":"max-image-preview:large","max-video-preview":"max-video-preview:-1"},"canonical":"https:\/\/aconteceunovale.com.br\/portal\/?p=104650","og_locale":"pt_BR","og_type":"article","og_title":"Minas Gerais ter\u00e1 ver\u00e3o chuvoso e clima mais ameno do que nos \u00faltimos anos - Aconteceu no Vale","og_description":"Com a chegada do ver\u00e3o \u00e0s 7h44 desta quarta-feira (21\/12\/2016), a popula\u00e7\u00e3o pode esperar, nos pr\u00f3ximos meses, um clima mais ameno para a esta\u00e7\u00e3o mais quente do ano, que ser\u00e1 marcada por chuvas intermitentes, com aumentos espor\u00e1dicos de temperatura entre as precipita\u00e7\u00f5es, mas com pouca possibilidade de chuvas de granizo. Outra caracter\u00edstica dessa esta\u00e7\u00e3o \u00e9 [&hellip;]","og_url":"https:\/\/aconteceunovale.com.br\/portal\/?p=104650","og_site_name":"Aconteceu no Vale","article_publisher":"https:\/\/www.facebook.com\/aconteceunovale\/","article_published_time":"2016-12-20T14:19:46+00:00","og_image":[{"width":675,"height":450,"url":"https:\/\/aconteceunovale.com.br\/portal\/wp-content\/uploads\/2016\/12\/UHE_Tres_Marias.jpg","type":"image\/jpeg"}],"author":"Aconteceu no Vale","twitter_card":"summary_large_image","twitter_creator":"@noticiadosvales","twitter_site":"@noticiadosvales","twitter_misc":{"Escrito por":"Aconteceu no Vale","Est. tempo de leitura":"2 minutos"},"schema":{"@context":"https:\/\/schema.org","@graph":[{"@type":"Article","@id":"https:\/\/aconteceunovale.com.br\/portal\/?p=104650#article","isPartOf":{"@id":"https:\/\/aconteceunovale.com.br\/portal\/?p=104650"},"author":{"name":"Aconteceu no Vale","@id":"https:\/\/aconteceunovale.com.br\/portal\/#\/schema\/person\/633529146f2c94272bef50ac2953d589"},"headline":"Minas Gerais ter\u00e1 ver\u00e3o chuvoso e clima mais ameno do que nos \u00faltimos anos","datePublished":"2016-12-20T14:19:46+00:00","mainEntityOfPage":{"@id":"https:\/\/aconteceunovale.com.br\/portal\/?p=104650"},"wordCount":466,"commentCount":0,"image":{"@id":"https:\/\/aconteceunovale.com.br\/portal\/?p=104650#primaryimage"},"thumbnailUrl":"https:\/\/aconteceunovale.com.br\/portal\/wp-content\/uploads\/2016\/12\/UHE_Tres_Marias.jpg","keywords":["cemig","Chuvas em Minas Gerais","Clima no ver\u00e3o em Minas Gerais","destaque","meteorologista Ruany Gomes Xavier","Minas Gerais ter\u00e1 ver\u00e3o chuvoso","Minas Gerais ter\u00e1 ver\u00e3o chuvoso e clima mais ameno do que nos \u00faltimos anos","Previs\u00e3o do tempo para o ver\u00e3o em Minas Gerais","Ruany Gomes Xavier","Ver\u00e3o em Minas Gerais"],"articleSection":["Minas Gerais"],"inLanguage":"pt-BR","potentialAction":[{"@type":"CommentAction","name":"Comment","target":["https:\/\/aconteceunovale.com.br\/portal\/?p=104650#respond"]}]},{"@type":"WebPage","@id":"https:\/\/aconteceunovale.com.br\/portal\/?p=104650","url":"https:\/\/aconteceunovale.com.br\/portal\/?p=104650","name":"Minas Gerais ter\u00e1 ver\u00e3o chuvoso e clima mais ameno do que nos \u00faltimos anos - Aconteceu no Vale","isPartOf":{"@id":"https:\/\/aconteceunovale.com.br\/portal\/#website"},"primaryImageOfPage":{"@id":"https:\/\/aconteceunovale.com.br\/portal\/?p=104650#primaryimage"},"image":{"@id":"https:\/\/aconteceunovale.com.br\/portal\/?p=104650#primaryimage"},"thumbnailUrl":"https:\/\/aconteceunovale.com.br\/portal\/wp-content\/uploads\/2016\/12\/UHE_Tres_Marias.jpg","datePublished":"2016-12-20T14:19:46+00:00","author":{"@id":"https:\/\/aconteceunovale.com.br\/portal\/#\/schema\/person\/633529146f2c94272bef50ac2953d589"},"breadcrumb":{"@id":"https:\/\/aconteceunovale.com.br\/portal\/?p=104650#breadcrumb"},"inLanguage":"pt-BR","potentialAction":[{"@type":"ReadAction","target":["https:\/\/aconteceunovale.com.br\/portal\/?p=104650"]}]},{"@type":"ImageObject","inLanguage":"pt-BR","@id":"https:\/\/aconteceunovale.com.br\/portal\/?p=104650#primaryimage","url":"https:\/\/aconteceunovale.com.br\/portal\/wp-content\/uploads\/2016\/12\/UHE_Tres_Marias.jpg","contentUrl":"https:\/\/aconteceunovale.com.br\/portal\/wp-content\/uploads\/2016\/12\/UHE_Tres_Marias.jpg","width":675,"height":450},{"@type":"BreadcrumbList","@id":"https:\/\/aconteceunovale.com.br\/portal\/?p=104650#breadcrumb","itemListElement":[{"@type":"ListItem","position":1,"name":"In\u00edcio","item":"https:\/\/aconteceunovale.com.br\/portal\/"},{"@type":"ListItem","position":2,"name":"Minas Gerais ter\u00e1 ver\u00e3o chuvoso e clima mais ameno do que nos \u00faltimos anos"}]},{"@type":"WebSite","@id":"https:\/\/aconteceunovale.com.br\/portal\/#website","url":"https:\/\/aconteceunovale.com.br\/portal\/","name":"Aconteceu no Vale","description":"Portal de Not\u00edcias","potentialAction":[{"@type":"SearchAction","target":{"@type":"EntryPoint","urlTemplate":"https:\/\/aconteceunovale.com.br\/portal\/?s={search_term_string}"},"query-input":{"@type":"PropertyValueSpecification","valueRequired":true,"valueName":"search_term_string"}}],"inLanguage":"pt-BR"},{"@type":"Person","@id":"https:\/\/aconteceunovale.com.br\/portal\/#\/schema\/person\/633529146f2c94272bef50ac2953d589","name":"Aconteceu no Vale","description":"Equipe de reportagem do Aconteceu no Vale, portal de not\u00edcias do Vale do Jequitinhonha, em Minas Gerais. Cobrimos as 51 cidades do Vale desde 2013. Sugest\u00f5es de pauta e pedidos de corre\u00e7\u00e3o: contato@aconteceunovale.com.br","sameAs":["http:\/\/www.aconteceunovale.com.br"],"url":"https:\/\/aconteceunovale.com.br\/portal\/?author=1"}]}},"_links":{"self":[{"href":"https:\/\/aconteceunovale.com.br\/portal\/index.php?rest_route=\/wp\/v2\/posts\/104650","targetHints":{"allow":["GET"]}}],"collection":[{"href":"https:\/\/aconteceunovale.com.br\/portal\/index.php?rest_route=\/wp\/v2\/posts"}],"about":[{"href":"https:\/\/aconteceunovale.com.br\/portal\/index.php?rest_route=\/wp\/v2\/types\/post"}],"author":[{"embeddable":true,"href":"https:\/\/aconteceunovale.com.br\/portal\/index.php?rest_route=\/wp\/v2\/users\/1"}],"replies":[{"embeddable":true,"href":"https:\/\/aconteceunovale.com.br\/portal\/index.php?rest_route=%2Fwp%2Fv2%2Fcomments&post=104650"}],"version-history":[{"count":0,"href":"https:\/\/aconteceunovale.com.br\/portal\/index.php?rest_route=\/wp\/v2\/posts\/104650\/revisions"}],"wp:featuredmedia":[{"embeddable":true,"href":"https:\/\/aconteceunovale.com.br\/portal\/index.php?rest_route=\/wp\/v2\/media\/104651"}],"wp:attachment":[{"href":"https:\/\/aconteceunovale.com.br\/portal\/index.php?rest_route=%2Fwp%2Fv2%2Fmedia&parent=104650"}],"wp:term":[{"taxonomy":"category","embeddable":true,"href":"https:\/\/aconteceunovale.com.br\/portal\/index.php?rest_route=%2Fwp%2Fv2%2Fcategories&post=104650"},{"taxonomy":"post_tag","embeddable":true,"href":"https:\/\/aconteceunovale.com.br\/portal\/index.php?rest_route=%2Fwp%2Fv2%2Ftags&post=104650"}],"curies":[{"name":"wp","href":"https:\/\/api.w.org\/{rel}","templated":true}]}}