{"id":104632,"date":"2016-12-20T09:42:12","date_gmt":"2016-12-20T11:42:12","guid":{"rendered":"http:\/\/aconteceunovale.com.br\/portal\/?p=104632"},"modified":"2026-09-02T17:02:46","modified_gmt":"2026-09-02T20:02:46","slug":"operacao-policial-combate-organizacao-criminosa-em-medina","status":"publish","type":"post","link":"https:\/\/aconteceunovale.com.br\/portal\/?p=104632","title":{"rendered":"Opera\u00e7\u00e3o policial combate organiza\u00e7\u00e3o criminosa em Medina"},"content":{"rendered":"<p>As pol\u00edcias Civil e Federal deflagraram nesta ter\u00e7a-feira, 20 de dezembro de 2016, a Opera\u00e7\u00e3o Hermes, com o intuito de desarticular uma organiza\u00e7\u00e3o criminosa baseada no munic\u00edpio de Medina (MG), que, supostamente, atuava em roubo de cargas e recepta\u00e7\u00e3o de mercadorias roubadas. Os envolvidos tamb\u00e9m s\u00e3o suspeitos de roubo\/furto\/recepta\u00e7\u00e3o de mercadorias transportadas pelos Correios.<\/p>\n<p>Com o apoio da Pol\u00edcia Rodovi\u00e1ria Federal (PRF), foram cumpridos oito mandados judiciais de pris\u00e3o preventiva, tr\u00eas de pris\u00e3o tempor\u00e1ria, quatro de condu\u00e7\u00e3o coercitiva e 42 de busca e apreens\u00e3o, todos no munic\u00edpio de Medina.<\/p>\n<p>Por meio de informa\u00e7\u00f5es coletadas pela Delegacia de Pol\u00edcia Civil de Medina, os trabalhos de investiga\u00e7\u00e3o tiveram in\u00edcio, sendo apontados indiv\u00edduos que supostamente integrariam a organiza\u00e7\u00e3o criminosa citada.<\/p>\n<p>Com o deferimento de medidas cautelares sigilosas pela Justi\u00e7a, as investiga\u00e7\u00f5es passaram a abarcar suposta atua\u00e7\u00e3o em furto, roubo, recepta\u00e7\u00e3o de cargas, tr\u00e1fico de drogas, de armas e de muni\u00e7\u00f5es de calibres permitidos e de uso restrito.<\/p>\n<p>De acordo com a Pol\u00edcia Civil, foram apreendidos aparelhos eletr\u00f4nicos, celulares, armas, p\u00e9s de maconha e itens de vestu\u00e1rios sem proced\u00eancia.<\/p>\n<p>Ainda segundo a PF, o nome da opera\u00e7\u00e3o vem do Hermes da mitologia grega, que seria o mensageiro dos deuses e tamb\u00e9m patrono dos ladr\u00f5es.<\/p>\n<p><img decoding=\"async\" src=\"http:\/\/aconteceunovale.com.br\/portal\/wp-content\/uploads\/2016\/12\/operacao_medina_1.jpg\" alt=\"\" \/><em>Opera\u00e7\u00e3o combate organiza\u00e7\u00e3o criminosa em Medina (Foto: Reprodu\u00e7\u00e3o\/WhatsApp)<\/em><br \/>\n<\/br><\/p>\n<p><img decoding=\"async\" src=\"http:\/\/aconteceunovale.com.br\/portal\/wp-content\/uploads\/2016\/12\/operacao_medina_2.jpg\" alt=\"\" \/><em>Opera\u00e7\u00e3o combate organiza\u00e7\u00e3o criminosa em Medina (Foto: Reprodu\u00e7\u00e3o\/WhatsApp)<\/em><br \/>\n<\/br><\/p>\n<p><img decoding=\"async\" src=\"http:\/\/aconteceunovale.com.br\/portal\/wp-content\/uploads\/2016\/12\/operacao_medina_3.jpg\" alt=\"\" \/><em>Opera\u00e7\u00e3o combate organiza\u00e7\u00e3o criminosa em Medina (Foto: Divulga\u00e7\u00e3o\/PF)<\/em><br \/>\n<\/br><\/p>\n<p><img decoding=\"async\" src=\"http:\/\/aconteceunovale.com.br\/portal\/wp-content\/uploads\/2016\/12\/operacao_medina_4.jpg\" alt=\"\" \/><em>Opera\u00e7\u00e3o combate organiza\u00e7\u00e3o criminosa em Medina (Foto: Divulga\u00e7\u00e3o\/PF)<\/em><br \/>\n<\/br><\/p>\n<p><img decoding=\"async\" src=\"http:\/\/aconteceunovale.com.br\/portal\/wp-content\/uploads\/2016\/12\/operacao_medina_5.jpg\" alt=\"\" \/><em>Opera\u00e7\u00e3o combate organiza\u00e7\u00e3o criminosa em Medina (Foto: Divulga\u00e7\u00e3o\/PF)<\/em><br \/>\n<\/br><\/p>\n<h4><strong>Reportagem da TV Leste<\/strong><\/h4>\n<p><iframe loading=\"lazy\" width=\"640\" height=\"360\" src=\"https:\/\/www.youtube.com\/embed\/DkuRqMxupas\" frameborder=\"0\" allowfullscreen><\/iframe><br \/>\n<\/br><\/p>\n<p><em>(Com Pol\u00edcia Federal)<\/em><\/p>\n","protected":false},"excerpt":{"rendered":"<p>As pol\u00edcias Civil e Federal deflagraram nesta ter\u00e7a-feira, 20 de dezembro de 2016, a Opera\u00e7\u00e3o Hermes, com o intuito de desarticular uma organiza\u00e7\u00e3o criminosa baseada no munic\u00edpio de Medina (MG), que, supostamente, atuava em roubo de cargas e recepta\u00e7\u00e3o de mercadorias roubadas. Os envolvidos tamb\u00e9m s\u00e3o suspeitos de roubo\/furto\/recepta\u00e7\u00e3o de mercadorias transportadas pelos Correios. Com [&hellip;]<\/p>\n","protected":false},"author":1,"featured_media":104633,"comment_status":"open","ping_status":"closed","sticky":false,"template":"","format":"standard","meta":{"amp_status":"","footnotes":""},"categories":[272560,120],"tags":[1018,131333,389,131326,73661,131331,131328,131332,131327,131330,131329,73387,69564,73388],"class_list":["post-104632","post","type-post","status-publish","format-standard","has-post-thumbnail","hentry","category-medina","category-jequi","tag-destaque","tag-desvio-de-cargas-em-medina","tag-medina","tag-operacao-combate-organizacao-criminosa-em-medina","tag-operacao-em-medina","tag-operacao-hermes","tag-operacao-hermes-combate-organizacao-criminosa-em-medina","tag-operacao-hermes-em-medina","tag-operacao-policial-combate-organizacao-criminosa-em-medina","tag-pf-em-medina","tag-policia-federal-em-medina","tag-presos-em-medina","tag-roubos-em-medina","tag-trafico-de-drogas-em-medina"],"yoast_head":"<!-- This site is optimized with the Yoast SEO plugin v28.3 - https:\/\/yoast.com\/product\/yoast-seo-wordpress\/ -->\n<title>Opera\u00e7\u00e3o policial combate organiza\u00e7\u00e3o criminosa em Medina - Aconteceu no Vale<\/title>\n<meta name=\"robots\" content=\"index, follow, max-snippet:-1, max-image-preview:large, max-video-preview:-1\" \/>\n<link rel=\"canonical\" href=\"https:\/\/aconteceunovale.com.br\/portal\/?p=104632\" \/>\n<meta property=\"og:locale\" content=\"pt_BR\" \/>\n<meta property=\"og:type\" content=\"article\" \/>\n<meta property=\"og:title\" content=\"Opera\u00e7\u00e3o policial combate organiza\u00e7\u00e3o criminosa em Medina - Aconteceu no Vale\" \/>\n<meta property=\"og:description\" content=\"As pol\u00edcias Civil e Federal deflagraram nesta ter\u00e7a-feira, 20 de dezembro de 2016, a Opera\u00e7\u00e3o Hermes, com o intuito de desarticular uma organiza\u00e7\u00e3o criminosa baseada no munic\u00edpio de Medina (MG), que, supostamente, atuava em roubo de cargas e recepta\u00e7\u00e3o de mercadorias roubadas. Os envolvidos tamb\u00e9m s\u00e3o suspeitos de roubo\/furto\/recepta\u00e7\u00e3o de mercadorias transportadas pelos Correios. Com [&hellip;]\" \/>\n<meta property=\"og:url\" content=\"https:\/\/aconteceunovale.com.br\/portal\/?p=104632\" \/>\n<meta property=\"og:site_name\" content=\"Aconteceu no Vale\" \/>\n<meta property=\"article:publisher\" content=\"https:\/\/www.facebook.com\/aconteceunovale\/\" \/>\n<meta property=\"article:published_time\" content=\"2016-12-20T11:42:12+00:00\" \/>\n<meta property=\"article:modified_time\" content=\"2026-09-02T20:02:46+00:00\" \/>\n<meta property=\"og:image\" content=\"https:\/\/aconteceunovale.com.br\/portal\/wp-content\/uploads\/2016\/12\/operacao_medina_1.jpg\" \/>\n\t<meta property=\"og:image:width\" content=\"678\" \/>\n\t<meta property=\"og:image:height\" content=\"381\" \/>\n\t<meta property=\"og:image:type\" content=\"image\/jpeg\" \/>\n<meta name=\"author\" content=\"Aconteceu no Vale\" \/>\n<meta name=\"twitter:card\" content=\"summary_large_image\" \/>\n<meta name=\"twitter:creator\" content=\"@noticiadosvales\" \/>\n<meta name=\"twitter:site\" content=\"@noticiadosvales\" \/>\n<meta name=\"twitter:label1\" content=\"Escrito por\" \/>\n\t<meta name=\"twitter:data1\" content=\"Aconteceu no Vale\" \/>\n\t<meta name=\"twitter:label2\" content=\"Est. tempo de leitura\" \/>\n\t<meta name=\"twitter:data2\" content=\"2 minutos\" \/>\n<script type=\"application\/ld+json\" class=\"yoast-schema-graph\">{\"@context\":\"https:\\\/\\\/schema.org\",\"@graph\":[{\"@type\":\"Article\",\"@id\":\"https:\\\/\\\/aconteceunovale.com.br\\\/portal\\\/?p=104632#article\",\"isPartOf\":{\"@id\":\"https:\\\/\\\/aconteceunovale.com.br\\\/portal\\\/?p=104632\"},\"author\":{\"name\":\"Aconteceu no Vale\",\"@id\":\"https:\\\/\\\/aconteceunovale.com.br\\\/portal\\\/#\\\/schema\\\/person\\\/633529146f2c94272bef50ac2953d589\"},\"headline\":\"Opera\u00e7\u00e3o policial combate organiza\u00e7\u00e3o criminosa em Medina\",\"datePublished\":\"2016-12-20T11:42:12+00:00\",\"dateModified\":\"2026-09-02T20:02:46+00:00\",\"mainEntityOfPage\":{\"@id\":\"https:\\\/\\\/aconteceunovale.com.br\\\/portal\\\/?p=104632\"},\"wordCount\":314,\"commentCount\":0,\"image\":{\"@id\":\"https:\\\/\\\/aconteceunovale.com.br\\\/portal\\\/?p=104632#primaryimage\"},\"thumbnailUrl\":\"https:\\\/\\\/aconteceunovale.com.br\\\/portal\\\/wp-content\\\/uploads\\\/2016\\\/12\\\/operacao_medina_1.jpg\",\"keywords\":[\"destaque\",\"Desvio de cargas em Medina\",\"Medina\",\"Opera\u00e7\u00e3o combate organiza\u00e7\u00e3o criminosa em Medina\",\"opera\u00e7\u00e3o em medina\",\"Opera\u00e7\u00e3o Hermes\",\"Opera\u00e7\u00e3o Hermes combate organiza\u00e7\u00e3o criminosa em Medina\",\"Opera\u00e7\u00e3o Hermes em Medina\",\"Opera\u00e7\u00e3o policial combate organiza\u00e7\u00e3o criminosa em Medina\",\"PF em Medina\",\"Pol\u00edcia Federal em Medina\",\"presos em Medina\",\"roubos em Medina\",\"tr\u00e1fico de drogas em Medina\"],\"articleSection\":[\"Medina\",\"Vale do Jequitinhonha\"],\"inLanguage\":\"pt-BR\",\"potentialAction\":[{\"@type\":\"CommentAction\",\"name\":\"Comment\",\"target\":[\"https:\\\/\\\/aconteceunovale.com.br\\\/portal\\\/?p=104632#respond\"]}]},{\"@type\":\"WebPage\",\"@id\":\"https:\\\/\\\/aconteceunovale.com.br\\\/portal\\\/?p=104632\",\"url\":\"https:\\\/\\\/aconteceunovale.com.br\\\/portal\\\/?p=104632\",\"name\":\"Opera\u00e7\u00e3o policial combate organiza\u00e7\u00e3o criminosa em Medina - Aconteceu no Vale\",\"isPartOf\":{\"@id\":\"https:\\\/\\\/aconteceunovale.com.br\\\/portal\\\/#website\"},\"primaryImageOfPage\":{\"@id\":\"https:\\\/\\\/aconteceunovale.com.br\\\/portal\\\/?p=104632#primaryimage\"},\"image\":{\"@id\":\"https:\\\/\\\/aconteceunovale.com.br\\\/portal\\\/?p=104632#primaryimage\"},\"thumbnailUrl\":\"https:\\\/\\\/aconteceunovale.com.br\\\/portal\\\/wp-content\\\/uploads\\\/2016\\\/12\\\/operacao_medina_1.jpg\",\"datePublished\":\"2016-12-20T11:42:12+00:00\",\"dateModified\":\"2026-09-02T20:02:46+00:00\",\"author\":{\"@id\":\"https:\\\/\\\/aconteceunovale.com.br\\\/portal\\\/#\\\/schema\\\/person\\\/633529146f2c94272bef50ac2953d589\"},\"breadcrumb\":{\"@id\":\"https:\\\/\\\/aconteceunovale.com.br\\\/portal\\\/?p=104632#breadcrumb\"},\"inLanguage\":\"pt-BR\",\"potentialAction\":[{\"@type\":\"ReadAction\",\"target\":[\"https:\\\/\\\/aconteceunovale.com.br\\\/portal\\\/?p=104632\"]}]},{\"@type\":\"ImageObject\",\"inLanguage\":\"pt-BR\",\"@id\":\"https:\\\/\\\/aconteceunovale.com.br\\\/portal\\\/?p=104632#primaryimage\",\"url\":\"https:\\\/\\\/aconteceunovale.com.br\\\/portal\\\/wp-content\\\/uploads\\\/2016\\\/12\\\/operacao_medina_1.jpg\",\"contentUrl\":\"https:\\\/\\\/aconteceunovale.com.br\\\/portal\\\/wp-content\\\/uploads\\\/2016\\\/12\\\/operacao_medina_1.jpg\",\"width\":678,\"height\":381},{\"@type\":\"BreadcrumbList\",\"@id\":\"https:\\\/\\\/aconteceunovale.com.br\\\/portal\\\/?p=104632#breadcrumb\",\"itemListElement\":[{\"@type\":\"ListItem\",\"position\":1,\"name\":\"In\u00edcio\",\"item\":\"https:\\\/\\\/aconteceunovale.com.br\\\/portal\\\/\"},{\"@type\":\"ListItem\",\"position\":2,\"name\":\"Opera\u00e7\u00e3o policial combate organiza\u00e7\u00e3o criminosa em Medina\"}]},{\"@type\":\"WebSite\",\"@id\":\"https:\\\/\\\/aconteceunovale.com.br\\\/portal\\\/#website\",\"url\":\"https:\\\/\\\/aconteceunovale.com.br\\\/portal\\\/\",\"name\":\"Aconteceu no Vale\",\"description\":\"Portal de Not\u00edcias\",\"potentialAction\":[{\"@type\":\"SearchAction\",\"target\":{\"@type\":\"EntryPoint\",\"urlTemplate\":\"https:\\\/\\\/aconteceunovale.com.br\\\/portal\\\/?s={search_term_string}\"},\"query-input\":{\"@type\":\"PropertyValueSpecification\",\"valueRequired\":true,\"valueName\":\"search_term_string\"}}],\"inLanguage\":\"pt-BR\"},{\"@type\":\"Person\",\"@id\":\"https:\\\/\\\/aconteceunovale.com.br\\\/portal\\\/#\\\/schema\\\/person\\\/633529146f2c94272bef50ac2953d589\",\"name\":\"Aconteceu no Vale\",\"description\":\"Equipe de reportagem do Aconteceu no Vale, portal de not\u00edcias do Vale do Jequitinhonha, em Minas Gerais. Cobrimos as 51 cidades do Vale desde 2013. Sugest\u00f5es de pauta e pedidos de corre\u00e7\u00e3o: contato@aconteceunovale.com.br\",\"sameAs\":[\"http:\\\/\\\/www.aconteceunovale.com.br\"],\"url\":\"https:\\\/\\\/aconteceunovale.com.br\\\/portal\\\/?author=1\"}]}<\/script>\n<!-- \/ Yoast SEO plugin. -->","yoast_head_json":{"title":"Opera\u00e7\u00e3o policial combate organiza\u00e7\u00e3o criminosa em Medina - Aconteceu no Vale","robots":{"index":"index","follow":"follow","max-snippet":"max-snippet:-1","max-image-preview":"max-image-preview:large","max-video-preview":"max-video-preview:-1"},"canonical":"https:\/\/aconteceunovale.com.br\/portal\/?p=104632","og_locale":"pt_BR","og_type":"article","og_title":"Opera\u00e7\u00e3o policial combate organiza\u00e7\u00e3o criminosa em Medina - Aconteceu no Vale","og_description":"As pol\u00edcias Civil e Federal deflagraram nesta ter\u00e7a-feira, 20 de dezembro de 2016, a Opera\u00e7\u00e3o Hermes, com o intuito de desarticular uma organiza\u00e7\u00e3o criminosa baseada no munic\u00edpio de Medina (MG), que, supostamente, atuava em roubo de cargas e recepta\u00e7\u00e3o de mercadorias roubadas. Os envolvidos tamb\u00e9m s\u00e3o suspeitos de roubo\/furto\/recepta\u00e7\u00e3o de mercadorias transportadas pelos Correios. Com [&hellip;]","og_url":"https:\/\/aconteceunovale.com.br\/portal\/?p=104632","og_site_name":"Aconteceu no Vale","article_publisher":"https:\/\/www.facebook.com\/aconteceunovale\/","article_published_time":"2016-12-20T11:42:12+00:00","article_modified_time":"2026-09-02T20:02:46+00:00","og_image":[{"width":678,"height":381,"url":"https:\/\/aconteceunovale.com.br\/portal\/wp-content\/uploads\/2016\/12\/operacao_medina_1.jpg","type":"image\/jpeg"}],"author":"Aconteceu no Vale","twitter_card":"summary_large_image","twitter_creator":"@noticiadosvales","twitter_site":"@noticiadosvales","twitter_misc":{"Escrito por":"Aconteceu no Vale","Est. tempo de leitura":"2 minutos"},"schema":{"@context":"https:\/\/schema.org","@graph":[{"@type":"Article","@id":"https:\/\/aconteceunovale.com.br\/portal\/?p=104632#article","isPartOf":{"@id":"https:\/\/aconteceunovale.com.br\/portal\/?p=104632"},"author":{"name":"Aconteceu no Vale","@id":"https:\/\/aconteceunovale.com.br\/portal\/#\/schema\/person\/633529146f2c94272bef50ac2953d589"},"headline":"Opera\u00e7\u00e3o policial combate organiza\u00e7\u00e3o criminosa em Medina","datePublished":"2016-12-20T11:42:12+00:00","dateModified":"2026-09-02T20:02:46+00:00","mainEntityOfPage":{"@id":"https:\/\/aconteceunovale.com.br\/portal\/?p=104632"},"wordCount":314,"commentCount":0,"image":{"@id":"https:\/\/aconteceunovale.com.br\/portal\/?p=104632#primaryimage"},"thumbnailUrl":"https:\/\/aconteceunovale.com.br\/portal\/wp-content\/uploads\/2016\/12\/operacao_medina_1.jpg","keywords":["destaque","Desvio de cargas em Medina","Medina","Opera\u00e7\u00e3o combate organiza\u00e7\u00e3o criminosa em Medina","opera\u00e7\u00e3o em medina","Opera\u00e7\u00e3o Hermes","Opera\u00e7\u00e3o Hermes combate organiza\u00e7\u00e3o criminosa em Medina","Opera\u00e7\u00e3o Hermes em Medina","Opera\u00e7\u00e3o policial combate organiza\u00e7\u00e3o criminosa em Medina","PF em Medina","Pol\u00edcia Federal em Medina","presos em Medina","roubos em Medina","tr\u00e1fico de drogas em Medina"],"articleSection":["Medina","Vale do Jequitinhonha"],"inLanguage":"pt-BR","potentialAction":[{"@type":"CommentAction","name":"Comment","target":["https:\/\/aconteceunovale.com.br\/portal\/?p=104632#respond"]}]},{"@type":"WebPage","@id":"https:\/\/aconteceunovale.com.br\/portal\/?p=104632","url":"https:\/\/aconteceunovale.com.br\/portal\/?p=104632","name":"Opera\u00e7\u00e3o policial combate organiza\u00e7\u00e3o criminosa em Medina - Aconteceu no Vale","isPartOf":{"@id":"https:\/\/aconteceunovale.com.br\/portal\/#website"},"primaryImageOfPage":{"@id":"https:\/\/aconteceunovale.com.br\/portal\/?p=104632#primaryimage"},"image":{"@id":"https:\/\/aconteceunovale.com.br\/portal\/?p=104632#primaryimage"},"thumbnailUrl":"https:\/\/aconteceunovale.com.br\/portal\/wp-content\/uploads\/2016\/12\/operacao_medina_1.jpg","datePublished":"2016-12-20T11:42:12+00:00","dateModified":"2026-09-02T20:02:46+00:00","author":{"@id":"https:\/\/aconteceunovale.com.br\/portal\/#\/schema\/person\/633529146f2c94272bef50ac2953d589"},"breadcrumb":{"@id":"https:\/\/aconteceunovale.com.br\/portal\/?p=104632#breadcrumb"},"inLanguage":"pt-BR","potentialAction":[{"@type":"ReadAction","target":["https:\/\/aconteceunovale.com.br\/portal\/?p=104632"]}]},{"@type":"ImageObject","inLanguage":"pt-BR","@id":"https:\/\/aconteceunovale.com.br\/portal\/?p=104632#primaryimage","url":"https:\/\/aconteceunovale.com.br\/portal\/wp-content\/uploads\/2016\/12\/operacao_medina_1.jpg","contentUrl":"https:\/\/aconteceunovale.com.br\/portal\/wp-content\/uploads\/2016\/12\/operacao_medina_1.jpg","width":678,"height":381},{"@type":"BreadcrumbList","@id":"https:\/\/aconteceunovale.com.br\/portal\/?p=104632#breadcrumb","itemListElement":[{"@type":"ListItem","position":1,"name":"In\u00edcio","item":"https:\/\/aconteceunovale.com.br\/portal\/"},{"@type":"ListItem","position":2,"name":"Opera\u00e7\u00e3o policial combate organiza\u00e7\u00e3o criminosa em Medina"}]},{"@type":"WebSite","@id":"https:\/\/aconteceunovale.com.br\/portal\/#website","url":"https:\/\/aconteceunovale.com.br\/portal\/","name":"Aconteceu no Vale","description":"Portal de Not\u00edcias","potentialAction":[{"@type":"SearchAction","target":{"@type":"EntryPoint","urlTemplate":"https:\/\/aconteceunovale.com.br\/portal\/?s={search_term_string}"},"query-input":{"@type":"PropertyValueSpecification","valueRequired":true,"valueName":"search_term_string"}}],"inLanguage":"pt-BR"},{"@type":"Person","@id":"https:\/\/aconteceunovale.com.br\/portal\/#\/schema\/person\/633529146f2c94272bef50ac2953d589","name":"Aconteceu no Vale","description":"Equipe de reportagem do Aconteceu no Vale, portal de not\u00edcias do Vale do Jequitinhonha, em Minas Gerais. Cobrimos as 51 cidades do Vale desde 2013. Sugest\u00f5es de pauta e pedidos de corre\u00e7\u00e3o: contato@aconteceunovale.com.br","sameAs":["http:\/\/www.aconteceunovale.com.br"],"url":"https:\/\/aconteceunovale.com.br\/portal\/?author=1"}]}},"_links":{"self":[{"href":"https:\/\/aconteceunovale.com.br\/portal\/index.php?rest_route=\/wp\/v2\/posts\/104632","targetHints":{"allow":["GET"]}}],"collection":[{"href":"https:\/\/aconteceunovale.com.br\/portal\/index.php?rest_route=\/wp\/v2\/posts"}],"about":[{"href":"https:\/\/aconteceunovale.com.br\/portal\/index.php?rest_route=\/wp\/v2\/types\/post"}],"author":[{"embeddable":true,"href":"https:\/\/aconteceunovale.com.br\/portal\/index.php?rest_route=\/wp\/v2\/users\/1"}],"replies":[{"embeddable":true,"href":"https:\/\/aconteceunovale.com.br\/portal\/index.php?rest_route=%2Fwp%2Fv2%2Fcomments&post=104632"}],"version-history":[{"count":1,"href":"https:\/\/aconteceunovale.com.br\/portal\/index.php?rest_route=\/wp\/v2\/posts\/104632\/revisions"}],"predecessor-version":[{"id":202102,"href":"https:\/\/aconteceunovale.com.br\/portal\/index.php?rest_route=\/wp\/v2\/posts\/104632\/revisions\/202102"}],"wp:featuredmedia":[{"embeddable":true,"href":"https:\/\/aconteceunovale.com.br\/portal\/index.php?rest_route=\/wp\/v2\/media\/104633"}],"wp:attachment":[{"href":"https:\/\/aconteceunovale.com.br\/portal\/index.php?rest_route=%2Fwp%2Fv2%2Fmedia&parent=104632"}],"wp:term":[{"taxonomy":"category","embeddable":true,"href":"https:\/\/aconteceunovale.com.br\/portal\/index.php?rest_route=%2Fwp%2Fv2%2Fcategories&post=104632"},{"taxonomy":"post_tag","embeddable":true,"href":"https:\/\/aconteceunovale.com.br\/portal\/index.php?rest_route=%2Fwp%2Fv2%2Ftags&post=104632"}],"curies":[{"name":"wp","href":"https:\/\/api.w.org\/{rel}","templated":true}]}}