{"id":104623,"date":"2016-12-19T23:49:44","date_gmt":"2016-12-20T01:49:44","guid":{"rendered":"http:\/\/aconteceunovale.com.br\/portal\/?p=104623"},"modified":"2016-12-19T23:56:00","modified_gmt":"2016-12-20T01:56:00","slug":"policia-de-montes-claros-tenta-localizar-envolvidos-em-briga-em-festa-de-formatura","status":"publish","type":"post","link":"https:\/\/aconteceunovale.com.br\/portal\/?p=104623","title":{"rendered":"Pol\u00edcia de Montes Claros tenta localizar envolvidos em briga em festa de formatura"},"content":{"rendered":"<p>A Pol\u00edcia Civil abriu nesta segunda-feira (19\/12\/2016) um procedimento de investiga\u00e7\u00e3o para localizar os envolvidos em uma briga em Montes Claros, no Norte de Minas. De acordo com a Pol\u00edcia Militar, neste domingo (18), ap\u00f3s atendimento m\u00e9dico, a v\u00edtima procurou um posto da PM e registrou o boletim de ocorr\u00eancia relatando ter sido agredido por outros jovens.<\/p>\n<p>Segundo a Pol\u00edcia Civil, a v\u00edtima foi encaminhada ao Posto M\u00e9dico Legal para exame e foi expedida ainda uma Ordem de Servi\u00e7o para localiza\u00e7\u00e3o dos autores.<\/p>\n<p><iframe loading=\"lazy\" width=\"640\" height=\"360\" src=\"https:\/\/www.youtube.com\/embed\/QHpuT1YdKhE\" frameborder=\"0\" allowfullscreen><\/iframe><br \/>\n<\/br><\/p>\n<h4><strong>Tentativas de homic\u00eddio em Montes Claros<\/strong><\/h4>\n<p><strong>Baleado em bar no Vera Cruz<\/strong><\/p>\n<p>Um jovem de 24 anos foi baleado dentro de um bar do bairro Vera Cruz, em Montes Claros, nesse domingo (18). A v\u00edtima disse \u00e0 PM que estava jogando sinuca com um amigo, quando dois homens armados chegaram ao local em uma moto e efetuaram v\u00e1rios disparos. <\/p>\n<p>O rapaz tentou fugir, mas foi atingido nas pernas e no pesco\u00e7o. Ele foi socorrido pelo Samu e encaminhado a um hospital. Segundo a pol\u00edcia, os suspeitos fugiram sentido ao Confer\u00eancia Bairro Cristo Rei e at\u00e9 o momento n\u00e3o foram presos.<\/p>\n<p><strong>Baleado no Morrinhos<\/strong><\/p>\n<p>Um adolescente de 16 anos est\u00e1 internado em estado grave em um hospital de Montes Claros, ap\u00f3s ter sido v\u00edtima de uma tentativa de homic\u00eddio, na noite desse s\u00e1bado (17). Segundo informa\u00e7\u00f5es da PM, tr\u00eas pessoas atiraram contra o rapaz, na Rua Tupiniquins, Bairro Morrinhos. Os suspeitos fugiram e ainda n\u00e3o foram localizados.<\/p>\n<p>De acordo com uma prima da v\u00edtima, o adolescente foi atingido por dois disparos; um na perna e outro nas costas, e um dos tiros perfurou o pulm\u00e3o e o es\u00f4fago. Ainda segundo familiares, o estado de sa\u00fade do menor \u00e9 grav\u00edssimo.<\/p>\n<p>A fam\u00edlia suspeita que crime por sido por briga ou acerto de contas, j\u00e1 que o jovem teria se envolvido com drogas. A pol\u00edcia ainda n\u00e3o tem suspeitos do crime e ningu\u00e9m foi preso.<\/p>\n<p><em>(Com informa\u00e7\u00f5es do G1 Grande Minas)<\/em><\/p>\n","protected":false},"excerpt":{"rendered":"<p>A Pol\u00edcia Civil abriu nesta segunda-feira (19\/12\/2016) um procedimento de investiga\u00e7\u00e3o para localizar os envolvidos em uma briga em Montes Claros, no Norte de Minas. De acordo com a Pol\u00edcia Militar, neste domingo (18), ap\u00f3s atendimento m\u00e9dico, a v\u00edtima procurou um posto da PM e registrou o boletim de ocorr\u00eancia relatando ter sido agredido por [&hellip;]<\/p>\n","protected":false},"author":1,"featured_media":104624,"comment_status":"open","ping_status":"closed","sticky":false,"template":"","format":"standard","meta":{"amp_status":"","footnotes":""},"categories":[1236],"tags":[131317,131314,131316,131313,131309,107418,131312,1018,131310,131315,131311,210,131318,131308,131319],"class_list":["post-104623","post","type-post","status-publish","format-standard","has-post-thumbnail","hentry","category-norte_de_minas","tag-briga-durante-festa-de-formatura-do-curso-de-odontologia-da-funorte","tag-briga-durante-festa-no-mirante-eventos","tag-briga-durante-formatura-do-curso-de-odontologia-da-funorte","tag-briga-durante-formatura-no-mirante-eventos","tag-briga-em-festa-de-formatura-em-montes-claros","tag-briga-montes-claros","tag-briga-no-mirante-eventos","tag-destaque","tag-formatura-do-curso-de-odontologia-da-funorte","tag-mirante-eventos","tag-montes-claros","tag-policia-de-montes-claros-tenta-localizar-envolvidos-em-briga-em-festa-de-formatura","tag-policia-tenta-localizar-envolvidos-em-briga-em-festa-de-formatura-em-montes-claros","tag-tentativas-de-homicidio-em-montes-claros"],"yoast_head":"<!-- This site is optimized with the Yoast SEO plugin v28.3 - https:\/\/yoast.com\/product\/yoast-seo-wordpress\/ -->\n<title>Pol\u00edcia de Montes Claros tenta localizar envolvidos em briga em festa de formatura - Aconteceu no Vale<\/title>\n<meta name=\"robots\" content=\"index, follow, max-snippet:-1, max-image-preview:large, max-video-preview:-1\" \/>\n<link rel=\"canonical\" href=\"https:\/\/aconteceunovale.com.br\/portal\/?p=104623\" \/>\n<meta property=\"og:locale\" content=\"pt_BR\" \/>\n<meta property=\"og:type\" content=\"article\" \/>\n<meta property=\"og:title\" content=\"Pol\u00edcia de Montes Claros tenta localizar envolvidos em briga em festa de formatura - Aconteceu no Vale\" \/>\n<meta property=\"og:description\" content=\"A Pol\u00edcia Civil abriu nesta segunda-feira (19\/12\/2016) um procedimento de investiga\u00e7\u00e3o para localizar os envolvidos em uma briga em Montes Claros, no Norte de Minas. De acordo com a Pol\u00edcia Militar, neste domingo (18), ap\u00f3s atendimento m\u00e9dico, a v\u00edtima procurou um posto da PM e registrou o boletim de ocorr\u00eancia relatando ter sido agredido por [&hellip;]\" \/>\n<meta property=\"og:url\" content=\"https:\/\/aconteceunovale.com.br\/portal\/?p=104623\" \/>\n<meta property=\"og:site_name\" content=\"Aconteceu no Vale\" \/>\n<meta property=\"article:publisher\" content=\"https:\/\/www.facebook.com\/aconteceunovale\/\" \/>\n<meta property=\"article:published_time\" content=\"2016-12-20T01:49:44+00:00\" \/>\n<meta property=\"article:modified_time\" content=\"2016-12-20T01:56:00+00:00\" \/>\n<meta property=\"og:image\" content=\"https:\/\/aconteceunovale.com.br\/portal\/wp-content\/uploads\/2016\/12\/briga_moc.jpg\" \/>\n\t<meta property=\"og:image:width\" content=\"678\" \/>\n\t<meta property=\"og:image:height\" content=\"407\" \/>\n\t<meta property=\"og:image:type\" content=\"image\/jpeg\" \/>\n<meta name=\"author\" content=\"Aconteceu no Vale\" \/>\n<meta name=\"twitter:card\" content=\"summary_large_image\" \/>\n<meta name=\"twitter:creator\" content=\"@noticiadosvales\" \/>\n<meta name=\"twitter:site\" content=\"@noticiadosvales\" \/>\n<meta name=\"twitter:label1\" content=\"Escrito por\" \/>\n\t<meta name=\"twitter:data1\" content=\"Aconteceu no Vale\" \/>\n\t<meta name=\"twitter:label2\" content=\"Est. tempo de leitura\" \/>\n\t<meta name=\"twitter:data2\" content=\"2 minutos\" \/>\n<script type=\"application\/ld+json\" class=\"yoast-schema-graph\">{\"@context\":\"https:\\\/\\\/schema.org\",\"@graph\":[{\"@type\":\"Article\",\"@id\":\"https:\\\/\\\/aconteceunovale.com.br\\\/portal\\\/?p=104623#article\",\"isPartOf\":{\"@id\":\"https:\\\/\\\/aconteceunovale.com.br\\\/portal\\\/?p=104623\"},\"author\":{\"name\":\"Aconteceu no Vale\",\"@id\":\"https:\\\/\\\/aconteceunovale.com.br\\\/portal\\\/#\\\/schema\\\/person\\\/633529146f2c94272bef50ac2953d589\"},\"headline\":\"Pol\u00edcia de Montes Claros tenta localizar envolvidos em briga em festa de formatura\",\"datePublished\":\"2016-12-20T01:49:44+00:00\",\"dateModified\":\"2016-12-20T01:56:00+00:00\",\"mainEntityOfPage\":{\"@id\":\"https:\\\/\\\/aconteceunovale.com.br\\\/portal\\\/?p=104623\"},\"wordCount\":363,\"commentCount\":0,\"image\":{\"@id\":\"https:\\\/\\\/aconteceunovale.com.br\\\/portal\\\/?p=104623#primaryimage\"},\"thumbnailUrl\":\"https:\\\/\\\/aconteceunovale.com.br\\\/portal\\\/wp-content\\\/uploads\\\/2016\\\/12\\\/briga_moc.jpg\",\"keywords\":[\"Briga durante festa de formatura do curso de Odontologia da Funorte\",\"Briga durante festa no Mirante Eventos\",\"Briga durante formatura do curso de Odontologia da Funorte\",\"Briga durante formatura no Mirante Eventos\",\"briga em festa de formatura em Montes Claros\",\"briga Montes Claros\",\"Briga no Mirante Eventos\",\"destaque\",\"Espancado em festa de formatura em Montes Claros\",\"formatura do curso de Odontologia da Funorte\",\"Mirante Eventos\",\"Montes Claros\",\"Pol\u00edcia de Montes Claros tenta localizar envolvidos em briga em festa de formatura\",\"Pol\u00edcia tenta localizar envolvidos em briga em festa de formatura em Montes Claros\",\"Tentativas de homic\u00eddio em Montes Claros\"],\"articleSection\":[\"Norte de Minas\"],\"inLanguage\":\"pt-BR\",\"potentialAction\":[{\"@type\":\"CommentAction\",\"name\":\"Comment\",\"target\":[\"https:\\\/\\\/aconteceunovale.com.br\\\/portal\\\/?p=104623#respond\"]}]},{\"@type\":\"WebPage\",\"@id\":\"https:\\\/\\\/aconteceunovale.com.br\\\/portal\\\/?p=104623\",\"url\":\"https:\\\/\\\/aconteceunovale.com.br\\\/portal\\\/?p=104623\",\"name\":\"Pol\u00edcia de Montes Claros tenta localizar envolvidos em briga em festa de formatura - Aconteceu no Vale\",\"isPartOf\":{\"@id\":\"https:\\\/\\\/aconteceunovale.com.br\\\/portal\\\/#website\"},\"primaryImageOfPage\":{\"@id\":\"https:\\\/\\\/aconteceunovale.com.br\\\/portal\\\/?p=104623#primaryimage\"},\"image\":{\"@id\":\"https:\\\/\\\/aconteceunovale.com.br\\\/portal\\\/?p=104623#primaryimage\"},\"thumbnailUrl\":\"https:\\\/\\\/aconteceunovale.com.br\\\/portal\\\/wp-content\\\/uploads\\\/2016\\\/12\\\/briga_moc.jpg\",\"datePublished\":\"2016-12-20T01:49:44+00:00\",\"dateModified\":\"2016-12-20T01:56:00+00:00\",\"author\":{\"@id\":\"https:\\\/\\\/aconteceunovale.com.br\\\/portal\\\/#\\\/schema\\\/person\\\/633529146f2c94272bef50ac2953d589\"},\"breadcrumb\":{\"@id\":\"https:\\\/\\\/aconteceunovale.com.br\\\/portal\\\/?p=104623#breadcrumb\"},\"inLanguage\":\"pt-BR\",\"potentialAction\":[{\"@type\":\"ReadAction\",\"target\":[\"https:\\\/\\\/aconteceunovale.com.br\\\/portal\\\/?p=104623\"]}]},{\"@type\":\"ImageObject\",\"inLanguage\":\"pt-BR\",\"@id\":\"https:\\\/\\\/aconteceunovale.com.br\\\/portal\\\/?p=104623#primaryimage\",\"url\":\"https:\\\/\\\/aconteceunovale.com.br\\\/portal\\\/wp-content\\\/uploads\\\/2016\\\/12\\\/briga_moc.jpg\",\"contentUrl\":\"https:\\\/\\\/aconteceunovale.com.br\\\/portal\\\/wp-content\\\/uploads\\\/2016\\\/12\\\/briga_moc.jpg\",\"width\":678,\"height\":407},{\"@type\":\"BreadcrumbList\",\"@id\":\"https:\\\/\\\/aconteceunovale.com.br\\\/portal\\\/?p=104623#breadcrumb\",\"itemListElement\":[{\"@type\":\"ListItem\",\"position\":1,\"name\":\"In\u00edcio\",\"item\":\"https:\\\/\\\/aconteceunovale.com.br\\\/portal\\\/\"},{\"@type\":\"ListItem\",\"position\":2,\"name\":\"Pol\u00edcia de Montes Claros tenta localizar envolvidos em briga em festa de formatura\"}]},{\"@type\":\"WebSite\",\"@id\":\"https:\\\/\\\/aconteceunovale.com.br\\\/portal\\\/#website\",\"url\":\"https:\\\/\\\/aconteceunovale.com.br\\\/portal\\\/\",\"name\":\"Aconteceu no Vale\",\"description\":\"Portal de Not\u00edcias\",\"potentialAction\":[{\"@type\":\"SearchAction\",\"target\":{\"@type\":\"EntryPoint\",\"urlTemplate\":\"https:\\\/\\\/aconteceunovale.com.br\\\/portal\\\/?s={search_term_string}\"},\"query-input\":{\"@type\":\"PropertyValueSpecification\",\"valueRequired\":true,\"valueName\":\"search_term_string\"}}],\"inLanguage\":\"pt-BR\"},{\"@type\":\"Person\",\"@id\":\"https:\\\/\\\/aconteceunovale.com.br\\\/portal\\\/#\\\/schema\\\/person\\\/633529146f2c94272bef50ac2953d589\",\"name\":\"Aconteceu no Vale\",\"description\":\"Equipe de reportagem do Aconteceu no Vale, portal de not\u00edcias do Vale do Jequitinhonha, em Minas Gerais. Cobrimos as 51 cidades do Vale desde 2013. Sugest\u00f5es de pauta e pedidos de corre\u00e7\u00e3o: contato@aconteceunovale.com.br\",\"sameAs\":[\"http:\\\/\\\/www.aconteceunovale.com.br\"],\"url\":\"https:\\\/\\\/aconteceunovale.com.br\\\/portal\\\/?author=1\"}]}<\/script>\n<!-- \/ Yoast SEO plugin. -->","yoast_head_json":{"title":"Pol\u00edcia de Montes Claros tenta localizar envolvidos em briga em festa de formatura - Aconteceu no Vale","robots":{"index":"index","follow":"follow","max-snippet":"max-snippet:-1","max-image-preview":"max-image-preview:large","max-video-preview":"max-video-preview:-1"},"canonical":"https:\/\/aconteceunovale.com.br\/portal\/?p=104623","og_locale":"pt_BR","og_type":"article","og_title":"Pol\u00edcia de Montes Claros tenta localizar envolvidos em briga em festa de formatura - Aconteceu no Vale","og_description":"A Pol\u00edcia Civil abriu nesta segunda-feira (19\/12\/2016) um procedimento de investiga\u00e7\u00e3o para localizar os envolvidos em uma briga em Montes Claros, no Norte de Minas. De acordo com a Pol\u00edcia Militar, neste domingo (18), ap\u00f3s atendimento m\u00e9dico, a v\u00edtima procurou um posto da PM e registrou o boletim de ocorr\u00eancia relatando ter sido agredido por [&hellip;]","og_url":"https:\/\/aconteceunovale.com.br\/portal\/?p=104623","og_site_name":"Aconteceu no Vale","article_publisher":"https:\/\/www.facebook.com\/aconteceunovale\/","article_published_time":"2016-12-20T01:49:44+00:00","article_modified_time":"2016-12-20T01:56:00+00:00","og_image":[{"width":678,"height":407,"url":"https:\/\/aconteceunovale.com.br\/portal\/wp-content\/uploads\/2016\/12\/briga_moc.jpg","type":"image\/jpeg"}],"author":"Aconteceu no Vale","twitter_card":"summary_large_image","twitter_creator":"@noticiadosvales","twitter_site":"@noticiadosvales","twitter_misc":{"Escrito por":"Aconteceu no Vale","Est. tempo de leitura":"2 minutos"},"schema":{"@context":"https:\/\/schema.org","@graph":[{"@type":"Article","@id":"https:\/\/aconteceunovale.com.br\/portal\/?p=104623#article","isPartOf":{"@id":"https:\/\/aconteceunovale.com.br\/portal\/?p=104623"},"author":{"name":"Aconteceu no Vale","@id":"https:\/\/aconteceunovale.com.br\/portal\/#\/schema\/person\/633529146f2c94272bef50ac2953d589"},"headline":"Pol\u00edcia de Montes Claros tenta localizar envolvidos em briga em festa de formatura","datePublished":"2016-12-20T01:49:44+00:00","dateModified":"2016-12-20T01:56:00+00:00","mainEntityOfPage":{"@id":"https:\/\/aconteceunovale.com.br\/portal\/?p=104623"},"wordCount":363,"commentCount":0,"image":{"@id":"https:\/\/aconteceunovale.com.br\/portal\/?p=104623#primaryimage"},"thumbnailUrl":"https:\/\/aconteceunovale.com.br\/portal\/wp-content\/uploads\/2016\/12\/briga_moc.jpg","keywords":["Briga durante festa de formatura do curso de Odontologia da Funorte","Briga durante festa no Mirante Eventos","Briga durante formatura do curso de Odontologia da Funorte","Briga durante formatura no Mirante Eventos","briga em festa de formatura em Montes Claros","briga Montes Claros","Briga no Mirante Eventos","destaque","Espancado em festa de formatura em Montes Claros","formatura do curso de Odontologia da Funorte","Mirante Eventos","Montes Claros","Pol\u00edcia de Montes Claros tenta localizar envolvidos em briga em festa de formatura","Pol\u00edcia tenta localizar envolvidos em briga em festa de formatura em Montes Claros","Tentativas de homic\u00eddio em Montes Claros"],"articleSection":["Norte de Minas"],"inLanguage":"pt-BR","potentialAction":[{"@type":"CommentAction","name":"Comment","target":["https:\/\/aconteceunovale.com.br\/portal\/?p=104623#respond"]}]},{"@type":"WebPage","@id":"https:\/\/aconteceunovale.com.br\/portal\/?p=104623","url":"https:\/\/aconteceunovale.com.br\/portal\/?p=104623","name":"Pol\u00edcia de Montes Claros tenta localizar envolvidos em briga em festa de formatura - Aconteceu no Vale","isPartOf":{"@id":"https:\/\/aconteceunovale.com.br\/portal\/#website"},"primaryImageOfPage":{"@id":"https:\/\/aconteceunovale.com.br\/portal\/?p=104623#primaryimage"},"image":{"@id":"https:\/\/aconteceunovale.com.br\/portal\/?p=104623#primaryimage"},"thumbnailUrl":"https:\/\/aconteceunovale.com.br\/portal\/wp-content\/uploads\/2016\/12\/briga_moc.jpg","datePublished":"2016-12-20T01:49:44+00:00","dateModified":"2016-12-20T01:56:00+00:00","author":{"@id":"https:\/\/aconteceunovale.com.br\/portal\/#\/schema\/person\/633529146f2c94272bef50ac2953d589"},"breadcrumb":{"@id":"https:\/\/aconteceunovale.com.br\/portal\/?p=104623#breadcrumb"},"inLanguage":"pt-BR","potentialAction":[{"@type":"ReadAction","target":["https:\/\/aconteceunovale.com.br\/portal\/?p=104623"]}]},{"@type":"ImageObject","inLanguage":"pt-BR","@id":"https:\/\/aconteceunovale.com.br\/portal\/?p=104623#primaryimage","url":"https:\/\/aconteceunovale.com.br\/portal\/wp-content\/uploads\/2016\/12\/briga_moc.jpg","contentUrl":"https:\/\/aconteceunovale.com.br\/portal\/wp-content\/uploads\/2016\/12\/briga_moc.jpg","width":678,"height":407},{"@type":"BreadcrumbList","@id":"https:\/\/aconteceunovale.com.br\/portal\/?p=104623#breadcrumb","itemListElement":[{"@type":"ListItem","position":1,"name":"In\u00edcio","item":"https:\/\/aconteceunovale.com.br\/portal\/"},{"@type":"ListItem","position":2,"name":"Pol\u00edcia de Montes Claros tenta localizar envolvidos em briga em festa de formatura"}]},{"@type":"WebSite","@id":"https:\/\/aconteceunovale.com.br\/portal\/#website","url":"https:\/\/aconteceunovale.com.br\/portal\/","name":"Aconteceu no Vale","description":"Portal de Not\u00edcias","potentialAction":[{"@type":"SearchAction","target":{"@type":"EntryPoint","urlTemplate":"https:\/\/aconteceunovale.com.br\/portal\/?s={search_term_string}"},"query-input":{"@type":"PropertyValueSpecification","valueRequired":true,"valueName":"search_term_string"}}],"inLanguage":"pt-BR"},{"@type":"Person","@id":"https:\/\/aconteceunovale.com.br\/portal\/#\/schema\/person\/633529146f2c94272bef50ac2953d589","name":"Aconteceu no Vale","description":"Equipe de reportagem do Aconteceu no Vale, portal de not\u00edcias do Vale do Jequitinhonha, em Minas Gerais. Cobrimos as 51 cidades do Vale desde 2013. Sugest\u00f5es de pauta e pedidos de corre\u00e7\u00e3o: contato@aconteceunovale.com.br","sameAs":["http:\/\/www.aconteceunovale.com.br"],"url":"https:\/\/aconteceunovale.com.br\/portal\/?author=1"}]}},"_links":{"self":[{"href":"https:\/\/aconteceunovale.com.br\/portal\/index.php?rest_route=\/wp\/v2\/posts\/104623","targetHints":{"allow":["GET"]}}],"collection":[{"href":"https:\/\/aconteceunovale.com.br\/portal\/index.php?rest_route=\/wp\/v2\/posts"}],"about":[{"href":"https:\/\/aconteceunovale.com.br\/portal\/index.php?rest_route=\/wp\/v2\/types\/post"}],"author":[{"embeddable":true,"href":"https:\/\/aconteceunovale.com.br\/portal\/index.php?rest_route=\/wp\/v2\/users\/1"}],"replies":[{"embeddable":true,"href":"https:\/\/aconteceunovale.com.br\/portal\/index.php?rest_route=%2Fwp%2Fv2%2Fcomments&post=104623"}],"version-history":[{"count":0,"href":"https:\/\/aconteceunovale.com.br\/portal\/index.php?rest_route=\/wp\/v2\/posts\/104623\/revisions"}],"wp:featuredmedia":[{"embeddable":true,"href":"https:\/\/aconteceunovale.com.br\/portal\/index.php?rest_route=\/wp\/v2\/media\/104624"}],"wp:attachment":[{"href":"https:\/\/aconteceunovale.com.br\/portal\/index.php?rest_route=%2Fwp%2Fv2%2Fmedia&parent=104623"}],"wp:term":[{"taxonomy":"category","embeddable":true,"href":"https:\/\/aconteceunovale.com.br\/portal\/index.php?rest_route=%2Fwp%2Fv2%2Fcategories&post=104623"},{"taxonomy":"post_tag","embeddable":true,"href":"https:\/\/aconteceunovale.com.br\/portal\/index.php?rest_route=%2Fwp%2Fv2%2Ftags&post=104623"}],"curies":[{"name":"wp","href":"https:\/\/api.w.org\/{rel}","templated":true}]}}