{"id":104621,"date":"2016-12-19T23:35:38","date_gmt":"2016-12-20T01:35:38","guid":{"rendered":"http:\/\/aconteceunovale.com.br\/portal\/?p=104621"},"modified":"2016-12-19T23:35:38","modified_gmt":"2016-12-20T01:35:38","slug":"procon-estadual-proibe-dois-bancos-de-abrir-novas-contas-em-montes-claros","status":"publish","type":"post","link":"https:\/\/aconteceunovale.com.br\/portal\/?p=104621","title":{"rendered":"Procon Estadual pro\u00edbe dois bancos de abrir novas contas em Montes Claros"},"content":{"rendered":"<p>Uma determina\u00e7\u00e3o do Procon Estadual proibiu duas ag\u00eancias banc\u00e1rias de abrirem novas contas a partir do dia 1\u00ba de janeiro de 2017. Para o Minist\u00e9rio P\u00fablico Estadual, respons\u00e1vel pelo Procon, as ag\u00eancias n\u00e3o t\u00eam respeitado a Lei Municipal 2631, que determina o tempo m\u00e1ximo de 15 minutos para atendimento ao p\u00fablico na cidade. A lei municipal permite ainda que o tempo m\u00e1ximo seja extrapolado por mais cinco minutos.<\/p>\n<p>Para o MP, as duas ag\u00eancias do Banco do Brasil e do Santander registraram pioras ao atendimento dos clientes. \u201cUma destas ag\u00eancias recebeu milhares de novos correntistas da Prefeitura de Montes Claros e o outro que anunciou o fechamento de terminais de autoatendimento e at\u00e9 de ag\u00eancias na cidade\u201d, explica o promotor Felipe Caires.<\/p>\n<p>J\u00e1 s\u00e3o mais de 40 casos confirmados de desrespeito \u00e0 lei municipal. As duas ag\u00eancias j\u00e1 pagaram mais de R$ 160 mil em multas, de acordo com o promotor, e mesmo assim n\u00e3o melhoraram o atendimento.<\/p>\n<p>Por causa do hist\u00f3rico de desrespeito \u00e0 lei municipal, o Procon aplicou uma pena mais severa. As ag\u00eancias est\u00e3o permitidas a abrir novas contas somente em casos em que os clientes j\u00e1 eram correntistas, para quem precisa de uma conta sal\u00e1rio, por determina\u00e7\u00e3o judicial, ou de contas vinculadas exclusivamente ao recebimento de benef\u00edcios sociais, previdenci\u00e1rios, assistenciais, de aposentadorias e pens\u00f5es.<\/p>\n<p>Caso algumas das determina\u00e7\u00f5es n\u00e3o sejam cumpridas, o gerente da ag\u00eancia pode ser preso por desobedi\u00eancia. A medida inicia em janeiro, mas ser\u00e1 finalizada apenas quando as ag\u00eancias comprovarem, atrav\u00e9s de senhas, que conseguiram atender pelo menos 90% dos clientes no m\u00e1ximo em 20 minutos.<\/p>\n<p>&#8220;A gente pede a popula\u00e7\u00e3o para que sempre que forem ao banco, antes de entrar na fila, pegue a senha e quando chegar ao caixa pe\u00e7a a valida\u00e7\u00e3o de sua senha. Mantenha uma c\u00f3pia consigo para que a gente tenha um controle. Se passar de 20 minutos, procure o Minist\u00e9rio P\u00fablico para denunciar\u201d, destaca o promotor.<\/p>\n<p><strong>O que dizem as ag\u00eancias<\/strong><\/p>\n<p>O Banco do Brasil afirmou em nota que ainda analisa a a\u00e7\u00e3o da Promotoria de Justi\u00e7a da cidade, mas afirmou que busca constantemente a \u201cmelhoria do atendimento e forma\u00e7\u00e3o do quadro de funcion\u00e1rios, de modo a atender seus clientes com qualidade e tempestividade\u201d. J\u00e1 o Banco Santander afirmou que vai recorrer da determina\u00e7\u00e3o.<\/p>\n<p><em>(Fonte: G1 Grande Minas)<\/em><\/p>\n","protected":false},"excerpt":{"rendered":"<p>Uma determina\u00e7\u00e3o do Procon Estadual proibiu duas ag\u00eancias banc\u00e1rias de abrirem novas contas a partir do dia 1\u00ba de janeiro de 2017. Para o Minist\u00e9rio P\u00fablico Estadual, respons\u00e1vel pelo Procon, as ag\u00eancias n\u00e3o t\u00eam respeitado a Lei Municipal 2631, que determina o tempo m\u00e1ximo de 15 minutos para atendimento ao p\u00fablico na cidade. A lei [&hellip;]<\/p>\n","protected":false},"author":1,"featured_media":78106,"comment_status":"open","ping_status":"closed","sticky":false,"template":"","format":"standard","meta":{"amp_status":"","footnotes":""},"categories":[1236],"tags":[131299,131303,131302,131301,210,131298,131300],"class_list":["post-104621","post","type-post","status-publish","format-standard","has-post-thumbnail","hentry","category-norte_de_minas","tag-banco-do-brasil-de-montes-claros","tag-fila-no-banco-do-brasil-de-montes-claros","tag-fila-no-santander-de-montes-claros","tag-filas-em-bancos-de-montes-claros","tag-montes-claros","tag-procon-estadual-proibe-dois-bancos-de-abrir-novas-contas-em-montes-claros","tag-santander-montes-claros"],"yoast_head":"<!-- This site is optimized with the Yoast SEO plugin v28.3 - https:\/\/yoast.com\/product\/yoast-seo-wordpress\/ -->\n<title>Procon Estadual pro\u00edbe dois bancos de abrir novas contas em Montes Claros - Aconteceu no Vale<\/title>\n<meta name=\"robots\" content=\"index, follow, max-snippet:-1, max-image-preview:large, max-video-preview:-1\" \/>\n<link rel=\"canonical\" href=\"https:\/\/aconteceunovale.com.br\/portal\/?p=104621\" \/>\n<meta property=\"og:locale\" content=\"pt_BR\" \/>\n<meta property=\"og:type\" content=\"article\" \/>\n<meta property=\"og:title\" content=\"Procon Estadual pro\u00edbe dois bancos de abrir novas contas em Montes Claros - Aconteceu no Vale\" \/>\n<meta property=\"og:description\" content=\"Uma determina\u00e7\u00e3o do Procon Estadual proibiu duas ag\u00eancias banc\u00e1rias de abrirem novas contas a partir do dia 1\u00ba de janeiro de 2017. Para o Minist\u00e9rio P\u00fablico Estadual, respons\u00e1vel pelo Procon, as ag\u00eancias n\u00e3o t\u00eam respeitado a Lei Municipal 2631, que determina o tempo m\u00e1ximo de 15 minutos para atendimento ao p\u00fablico na cidade. A lei [&hellip;]\" \/>\n<meta property=\"og:url\" content=\"https:\/\/aconteceunovale.com.br\/portal\/?p=104621\" \/>\n<meta property=\"og:site_name\" content=\"Aconteceu no Vale\" \/>\n<meta property=\"article:publisher\" content=\"https:\/\/www.facebook.com\/aconteceunovale\/\" \/>\n<meta property=\"article:published_time\" content=\"2016-12-20T01:35:38+00:00\" \/>\n<meta property=\"og:image\" content=\"https:\/\/aconteceunovale.com.br\/portal\/wp-content\/uploads\/2016\/02\/montes_claros_mg.jpg\" \/>\n\t<meta property=\"og:image:width\" content=\"678\" \/>\n\t<meta property=\"og:image:height\" content=\"450\" \/>\n\t<meta property=\"og:image:type\" content=\"image\/jpeg\" \/>\n<meta name=\"author\" content=\"Aconteceu no Vale\" \/>\n<meta name=\"twitter:card\" content=\"summary_large_image\" \/>\n<meta name=\"twitter:creator\" content=\"@noticiadosvales\" \/>\n<meta name=\"twitter:site\" content=\"@noticiadosvales\" \/>\n<meta name=\"twitter:label1\" content=\"Escrito por\" \/>\n\t<meta name=\"twitter:data1\" content=\"Aconteceu no Vale\" \/>\n\t<meta name=\"twitter:label2\" content=\"Est. tempo de leitura\" \/>\n\t<meta name=\"twitter:data2\" content=\"2 minutos\" \/>\n<script type=\"application\/ld+json\" class=\"yoast-schema-graph\">{\"@context\":\"https:\\\/\\\/schema.org\",\"@graph\":[{\"@type\":\"Article\",\"@id\":\"https:\\\/\\\/aconteceunovale.com.br\\\/portal\\\/?p=104621#article\",\"isPartOf\":{\"@id\":\"https:\\\/\\\/aconteceunovale.com.br\\\/portal\\\/?p=104621\"},\"author\":{\"name\":\"Aconteceu no Vale\",\"@id\":\"https:\\\/\\\/aconteceunovale.com.br\\\/portal\\\/#\\\/schema\\\/person\\\/633529146f2c94272bef50ac2953d589\"},\"headline\":\"Procon Estadual pro\u00edbe dois bancos de abrir novas contas em Montes Claros\",\"datePublished\":\"2016-12-20T01:35:38+00:00\",\"mainEntityOfPage\":{\"@id\":\"https:\\\/\\\/aconteceunovale.com.br\\\/portal\\\/?p=104621\"},\"wordCount\":428,\"commentCount\":0,\"image\":{\"@id\":\"https:\\\/\\\/aconteceunovale.com.br\\\/portal\\\/?p=104621#primaryimage\"},\"thumbnailUrl\":\"https:\\\/\\\/aconteceunovale.com.br\\\/portal\\\/wp-content\\\/uploads\\\/2016\\\/02\\\/montes_claros_mg.jpg\",\"keywords\":[\"Banco do Brasil de Montes Claros\",\"fila no banco do brasil de montes claros\",\"Fila no santander de montes claros\",\"Filas em bancos de montes claros\",\"Montes Claros\",\"Procon Estadual pro\u00edbe dois bancos de abrir novas contas em Montes Claros\",\"Santander Montes Claros\"],\"articleSection\":[\"Norte de Minas\"],\"inLanguage\":\"pt-BR\",\"potentialAction\":[{\"@type\":\"CommentAction\",\"name\":\"Comment\",\"target\":[\"https:\\\/\\\/aconteceunovale.com.br\\\/portal\\\/?p=104621#respond\"]}]},{\"@type\":\"WebPage\",\"@id\":\"https:\\\/\\\/aconteceunovale.com.br\\\/portal\\\/?p=104621\",\"url\":\"https:\\\/\\\/aconteceunovale.com.br\\\/portal\\\/?p=104621\",\"name\":\"Procon Estadual pro\u00edbe dois bancos de abrir novas contas em Montes Claros - Aconteceu no Vale\",\"isPartOf\":{\"@id\":\"https:\\\/\\\/aconteceunovale.com.br\\\/portal\\\/#website\"},\"primaryImageOfPage\":{\"@id\":\"https:\\\/\\\/aconteceunovale.com.br\\\/portal\\\/?p=104621#primaryimage\"},\"image\":{\"@id\":\"https:\\\/\\\/aconteceunovale.com.br\\\/portal\\\/?p=104621#primaryimage\"},\"thumbnailUrl\":\"https:\\\/\\\/aconteceunovale.com.br\\\/portal\\\/wp-content\\\/uploads\\\/2016\\\/02\\\/montes_claros_mg.jpg\",\"datePublished\":\"2016-12-20T01:35:38+00:00\",\"author\":{\"@id\":\"https:\\\/\\\/aconteceunovale.com.br\\\/portal\\\/#\\\/schema\\\/person\\\/633529146f2c94272bef50ac2953d589\"},\"breadcrumb\":{\"@id\":\"https:\\\/\\\/aconteceunovale.com.br\\\/portal\\\/?p=104621#breadcrumb\"},\"inLanguage\":\"pt-BR\",\"potentialAction\":[{\"@type\":\"ReadAction\",\"target\":[\"https:\\\/\\\/aconteceunovale.com.br\\\/portal\\\/?p=104621\"]}]},{\"@type\":\"ImageObject\",\"inLanguage\":\"pt-BR\",\"@id\":\"https:\\\/\\\/aconteceunovale.com.br\\\/portal\\\/?p=104621#primaryimage\",\"url\":\"https:\\\/\\\/aconteceunovale.com.br\\\/portal\\\/wp-content\\\/uploads\\\/2016\\\/02\\\/montes_claros_mg.jpg\",\"contentUrl\":\"https:\\\/\\\/aconteceunovale.com.br\\\/portal\\\/wp-content\\\/uploads\\\/2016\\\/02\\\/montes_claros_mg.jpg\",\"width\":678,\"height\":450},{\"@type\":\"BreadcrumbList\",\"@id\":\"https:\\\/\\\/aconteceunovale.com.br\\\/portal\\\/?p=104621#breadcrumb\",\"itemListElement\":[{\"@type\":\"ListItem\",\"position\":1,\"name\":\"In\u00edcio\",\"item\":\"https:\\\/\\\/aconteceunovale.com.br\\\/portal\\\/\"},{\"@type\":\"ListItem\",\"position\":2,\"name\":\"Procon Estadual pro\u00edbe dois bancos de abrir novas contas em Montes Claros\"}]},{\"@type\":\"WebSite\",\"@id\":\"https:\\\/\\\/aconteceunovale.com.br\\\/portal\\\/#website\",\"url\":\"https:\\\/\\\/aconteceunovale.com.br\\\/portal\\\/\",\"name\":\"Aconteceu no Vale\",\"description\":\"Portal de Not\u00edcias\",\"potentialAction\":[{\"@type\":\"SearchAction\",\"target\":{\"@type\":\"EntryPoint\",\"urlTemplate\":\"https:\\\/\\\/aconteceunovale.com.br\\\/portal\\\/?s={search_term_string}\"},\"query-input\":{\"@type\":\"PropertyValueSpecification\",\"valueRequired\":true,\"valueName\":\"search_term_string\"}}],\"inLanguage\":\"pt-BR\"},{\"@type\":\"Person\",\"@id\":\"https:\\\/\\\/aconteceunovale.com.br\\\/portal\\\/#\\\/schema\\\/person\\\/633529146f2c94272bef50ac2953d589\",\"name\":\"Aconteceu no Vale\",\"description\":\"Equipe de reportagem do Aconteceu no Vale, portal de not\u00edcias do Vale do Jequitinhonha, em Minas Gerais. Cobrimos as 51 cidades do Vale desde 2013. Sugest\u00f5es de pauta e pedidos de corre\u00e7\u00e3o: contato@aconteceunovale.com.br\",\"sameAs\":[\"http:\\\/\\\/www.aconteceunovale.com.br\"],\"url\":\"https:\\\/\\\/aconteceunovale.com.br\\\/portal\\\/?author=1\"}]}<\/script>\n<!-- \/ Yoast SEO plugin. -->","yoast_head_json":{"title":"Procon Estadual pro\u00edbe dois bancos de abrir novas contas em Montes Claros - Aconteceu no Vale","robots":{"index":"index","follow":"follow","max-snippet":"max-snippet:-1","max-image-preview":"max-image-preview:large","max-video-preview":"max-video-preview:-1"},"canonical":"https:\/\/aconteceunovale.com.br\/portal\/?p=104621","og_locale":"pt_BR","og_type":"article","og_title":"Procon Estadual pro\u00edbe dois bancos de abrir novas contas em Montes Claros - Aconteceu no Vale","og_description":"Uma determina\u00e7\u00e3o do Procon Estadual proibiu duas ag\u00eancias banc\u00e1rias de abrirem novas contas a partir do dia 1\u00ba de janeiro de 2017. Para o Minist\u00e9rio P\u00fablico Estadual, respons\u00e1vel pelo Procon, as ag\u00eancias n\u00e3o t\u00eam respeitado a Lei Municipal 2631, que determina o tempo m\u00e1ximo de 15 minutos para atendimento ao p\u00fablico na cidade. A lei [&hellip;]","og_url":"https:\/\/aconteceunovale.com.br\/portal\/?p=104621","og_site_name":"Aconteceu no Vale","article_publisher":"https:\/\/www.facebook.com\/aconteceunovale\/","article_published_time":"2016-12-20T01:35:38+00:00","og_image":[{"width":678,"height":450,"url":"https:\/\/aconteceunovale.com.br\/portal\/wp-content\/uploads\/2016\/02\/montes_claros_mg.jpg","type":"image\/jpeg"}],"author":"Aconteceu no Vale","twitter_card":"summary_large_image","twitter_creator":"@noticiadosvales","twitter_site":"@noticiadosvales","twitter_misc":{"Escrito por":"Aconteceu no Vale","Est. tempo de leitura":"2 minutos"},"schema":{"@context":"https:\/\/schema.org","@graph":[{"@type":"Article","@id":"https:\/\/aconteceunovale.com.br\/portal\/?p=104621#article","isPartOf":{"@id":"https:\/\/aconteceunovale.com.br\/portal\/?p=104621"},"author":{"name":"Aconteceu no Vale","@id":"https:\/\/aconteceunovale.com.br\/portal\/#\/schema\/person\/633529146f2c94272bef50ac2953d589"},"headline":"Procon Estadual pro\u00edbe dois bancos de abrir novas contas em Montes Claros","datePublished":"2016-12-20T01:35:38+00:00","mainEntityOfPage":{"@id":"https:\/\/aconteceunovale.com.br\/portal\/?p=104621"},"wordCount":428,"commentCount":0,"image":{"@id":"https:\/\/aconteceunovale.com.br\/portal\/?p=104621#primaryimage"},"thumbnailUrl":"https:\/\/aconteceunovale.com.br\/portal\/wp-content\/uploads\/2016\/02\/montes_claros_mg.jpg","keywords":["Banco do Brasil de Montes Claros","fila no banco do brasil de montes claros","Fila no santander de montes claros","Filas em bancos de montes claros","Montes Claros","Procon Estadual pro\u00edbe dois bancos de abrir novas contas em Montes Claros","Santander Montes Claros"],"articleSection":["Norte de Minas"],"inLanguage":"pt-BR","potentialAction":[{"@type":"CommentAction","name":"Comment","target":["https:\/\/aconteceunovale.com.br\/portal\/?p=104621#respond"]}]},{"@type":"WebPage","@id":"https:\/\/aconteceunovale.com.br\/portal\/?p=104621","url":"https:\/\/aconteceunovale.com.br\/portal\/?p=104621","name":"Procon Estadual pro\u00edbe dois bancos de abrir novas contas em Montes Claros - Aconteceu no Vale","isPartOf":{"@id":"https:\/\/aconteceunovale.com.br\/portal\/#website"},"primaryImageOfPage":{"@id":"https:\/\/aconteceunovale.com.br\/portal\/?p=104621#primaryimage"},"image":{"@id":"https:\/\/aconteceunovale.com.br\/portal\/?p=104621#primaryimage"},"thumbnailUrl":"https:\/\/aconteceunovale.com.br\/portal\/wp-content\/uploads\/2016\/02\/montes_claros_mg.jpg","datePublished":"2016-12-20T01:35:38+00:00","author":{"@id":"https:\/\/aconteceunovale.com.br\/portal\/#\/schema\/person\/633529146f2c94272bef50ac2953d589"},"breadcrumb":{"@id":"https:\/\/aconteceunovale.com.br\/portal\/?p=104621#breadcrumb"},"inLanguage":"pt-BR","potentialAction":[{"@type":"ReadAction","target":["https:\/\/aconteceunovale.com.br\/portal\/?p=104621"]}]},{"@type":"ImageObject","inLanguage":"pt-BR","@id":"https:\/\/aconteceunovale.com.br\/portal\/?p=104621#primaryimage","url":"https:\/\/aconteceunovale.com.br\/portal\/wp-content\/uploads\/2016\/02\/montes_claros_mg.jpg","contentUrl":"https:\/\/aconteceunovale.com.br\/portal\/wp-content\/uploads\/2016\/02\/montes_claros_mg.jpg","width":678,"height":450},{"@type":"BreadcrumbList","@id":"https:\/\/aconteceunovale.com.br\/portal\/?p=104621#breadcrumb","itemListElement":[{"@type":"ListItem","position":1,"name":"In\u00edcio","item":"https:\/\/aconteceunovale.com.br\/portal\/"},{"@type":"ListItem","position":2,"name":"Procon Estadual pro\u00edbe dois bancos de abrir novas contas em Montes Claros"}]},{"@type":"WebSite","@id":"https:\/\/aconteceunovale.com.br\/portal\/#website","url":"https:\/\/aconteceunovale.com.br\/portal\/","name":"Aconteceu no Vale","description":"Portal de Not\u00edcias","potentialAction":[{"@type":"SearchAction","target":{"@type":"EntryPoint","urlTemplate":"https:\/\/aconteceunovale.com.br\/portal\/?s={search_term_string}"},"query-input":{"@type":"PropertyValueSpecification","valueRequired":true,"valueName":"search_term_string"}}],"inLanguage":"pt-BR"},{"@type":"Person","@id":"https:\/\/aconteceunovale.com.br\/portal\/#\/schema\/person\/633529146f2c94272bef50ac2953d589","name":"Aconteceu no Vale","description":"Equipe de reportagem do Aconteceu no Vale, portal de not\u00edcias do Vale do Jequitinhonha, em Minas Gerais. Cobrimos as 51 cidades do Vale desde 2013. Sugest\u00f5es de pauta e pedidos de corre\u00e7\u00e3o: contato@aconteceunovale.com.br","sameAs":["http:\/\/www.aconteceunovale.com.br"],"url":"https:\/\/aconteceunovale.com.br\/portal\/?author=1"}]}},"_links":{"self":[{"href":"https:\/\/aconteceunovale.com.br\/portal\/index.php?rest_route=\/wp\/v2\/posts\/104621","targetHints":{"allow":["GET"]}}],"collection":[{"href":"https:\/\/aconteceunovale.com.br\/portal\/index.php?rest_route=\/wp\/v2\/posts"}],"about":[{"href":"https:\/\/aconteceunovale.com.br\/portal\/index.php?rest_route=\/wp\/v2\/types\/post"}],"author":[{"embeddable":true,"href":"https:\/\/aconteceunovale.com.br\/portal\/index.php?rest_route=\/wp\/v2\/users\/1"}],"replies":[{"embeddable":true,"href":"https:\/\/aconteceunovale.com.br\/portal\/index.php?rest_route=%2Fwp%2Fv2%2Fcomments&post=104621"}],"version-history":[{"count":0,"href":"https:\/\/aconteceunovale.com.br\/portal\/index.php?rest_route=\/wp\/v2\/posts\/104621\/revisions"}],"wp:featuredmedia":[{"embeddable":true,"href":"https:\/\/aconteceunovale.com.br\/portal\/index.php?rest_route=\/wp\/v2\/media\/78106"}],"wp:attachment":[{"href":"https:\/\/aconteceunovale.com.br\/portal\/index.php?rest_route=%2Fwp%2Fv2%2Fmedia&parent=104621"}],"wp:term":[{"taxonomy":"category","embeddable":true,"href":"https:\/\/aconteceunovale.com.br\/portal\/index.php?rest_route=%2Fwp%2Fv2%2Fcategories&post=104621"},{"taxonomy":"post_tag","embeddable":true,"href":"https:\/\/aconteceunovale.com.br\/portal\/index.php?rest_route=%2Fwp%2Fv2%2Ftags&post=104621"}],"curies":[{"name":"wp","href":"https:\/\/api.w.org\/{rel}","templated":true}]}}