{"id":104602,"date":"2016-12-19T20:41:40","date_gmt":"2016-12-19T22:41:40","guid":{"rendered":"http:\/\/aconteceunovale.com.br\/portal\/?p=104602"},"modified":"2016-12-19T20:44:47","modified_gmt":"2016-12-19T22:44:47","slug":"quatro-integrantes-de-familia-que-viajavam-para-o-leste-de-minas-morrem-em-acidente-na-br-262","status":"publish","type":"post","link":"https:\/\/aconteceunovale.com.br\/portal\/?p=104602","title":{"rendered":"Fam\u00edlia que viajava para o Leste de Minas morre em acidente na BR-262, no Esp\u00edrito Santo"},"content":{"rendered":"<p>Quatro pessoas morreram em um acidente na BR-262, em Ibatiba (ES), na manh\u00e3 deste domingo (18 de dezembro de 2016). Segundo informa\u00e7\u00f5es da Pol\u00edcia Rodovi\u00e1ria Federal (PRF), todas as v\u00edtimas estavam em um Corsa Classic, que se chocou contra uma Hilux.<\/p>\n<p>Os ocupantes do Classic eram Fabiano Jos\u00e9 da Silva, de 35 anos, sua esposa Ana Paula Valad\u00e3o, de 34 anos, e um casal de adolescentes, a filha deles Keila Valad\u00e3o da Silva e o namorado Vinicius Biersack, ambos de 16 anos. Eles seguiam no sentido Vit\u00f3ria &#8211; Belo Horizonte quando o condutor perdeu o controle, invadiu a contram\u00e3o, e acabou colidindo com a caminhonete.<\/p>\n<p>O motorista da Hilux, um homem de 28 anos, sofreu les\u00f5es leves e foi encaminhado ao Pronto Socorro de Ibatiba. J\u00e1 os corpos das quatro v\u00edtimas que estavam no Classic foram levados ao IML de Cachoeiro de Itapemirim. Fabiano e a fam\u00edlia eram da regi\u00e3o de Roseiral, zona rural de Mutum, e moravam atualmente em Vit\u00f3ria (ES). Eles viajavam para Minas Gerais, onde passariam as festas de fim de ano.<\/p>\n<p><img decoding=\"async\" src=\"http:\/\/aconteceunovale.com.br\/portal\/wp-content\/uploads\/2016\/12\/acidente_mutum_1.jpg\" alt=\"\" \/><\/p>\n<p><img decoding=\"async\" src=\"http:\/\/aconteceunovale.com.br\/portal\/wp-content\/uploads\/2016\/12\/acidente_mutum_2.jpg\" alt=\"\" \/><\/p>\n<p><img decoding=\"async\" src=\"http:\/\/aconteceunovale.com.br\/portal\/wp-content\/uploads\/2016\/12\/acidente_mutum_3.jpg\" alt=\"\" \/><\/p>\n<p><img decoding=\"async\" src=\"http:\/\/aconteceunovale.com.br\/portal\/wp-content\/uploads\/2016\/12\/acidente_mutum_4.jpg\" alt=\"\" \/><\/p>\n<p><img decoding=\"async\" src=\"http:\/\/aconteceunovale.com.br\/portal\/wp-content\/uploads\/2016\/12\/acidente_mutum_5.jpg\" alt=\"\" \/><\/p>\n<p><img decoding=\"async\" src=\"http:\/\/aconteceunovale.com.br\/portal\/wp-content\/uploads\/2016\/12\/acidente_mutum_6.jpg\" alt=\"\" \/><br \/>\n<\/br><\/p>\n<p><em>(Informa\u00e7\u00f5es: Portal Capara\u00f3 \/ Fotos: Reprodu\u00e7\u00e3o WhatsApp)<\/em><\/p>\n","protected":false},"excerpt":{"rendered":"<p>Quatro pessoas morreram em um acidente na BR-262, em Ibatiba (ES), na manh\u00e3 deste domingo (18 de dezembro de 2016). Segundo informa\u00e7\u00f5es da Pol\u00edcia Rodovi\u00e1ria Federal (PRF), todas as v\u00edtimas estavam em um Corsa Classic, que se chocou contra uma Hilux. Os ocupantes do Classic eram Fabiano Jos\u00e9 da Silva, de 35 anos, sua esposa [&hellip;]<\/p>\n","protected":false},"author":1,"featured_media":104607,"comment_status":"open","ping_status":"closed","sticky":false,"template":"","format":"standard","meta":{"amp_status":"","footnotes":""},"categories":[121],"tags":[131257,131262,27493,131259,49986,33074,131258,131265,131268,131267,86433,131260,1717,131266,131264,131263,131261,9763],"class_list":["post-104602","post","type-post","status-publish","format-standard","has-post-thumbnail","hentry","category-leste","tag-acidente-em-ibatiba","tag-acidente-familia-de-mutum","tag-acidente-na-br-262","tag-ana-paula-valadao","tag-br-262","tag-cachoeiro-de-itapemirim","tag-fabiano-jose-da-silva","tag-familia-que-viajava-para-o-leste-de-minas-morre-em-acidente-na-br-262","tag-familia-que-viajava-para-o-leste-de-minas-morre-em-acidente-na-br-262-em-ibatiba","tag-familia-que-viajava-para-o-leste-de-minas-morre-em-acidente-na-br-262-no-espirito-santo","tag-ibatiba","tag-keila-valadao-da-silva","tag-mutum","tag-no-espirito-santo","tag-quatro-integrantes-de-familia-que-viajavam-para-mutum-morrem-em-acidente-na-br-262","tag-quatro-integrantes-de-familia-que-viajavam-para-o-leste-de-minas-morrem-em-acidente-na-br-262","tag-vinicius-biersack","tag-vitoria"],"yoast_head":"<!-- This site is optimized with the Yoast SEO plugin v28.3 - https:\/\/yoast.com\/product\/yoast-seo-wordpress\/ -->\n<title>Fam\u00edlia que viajava para o Leste de Minas morre em acidente na BR-262, no Esp\u00edrito Santo - Aconteceu no Vale<\/title>\n<meta name=\"robots\" content=\"index, follow, max-snippet:-1, max-image-preview:large, max-video-preview:-1\" \/>\n<link rel=\"canonical\" href=\"https:\/\/aconteceunovale.com.br\/portal\/?p=104602\" \/>\n<meta property=\"og:locale\" content=\"pt_BR\" \/>\n<meta property=\"og:type\" content=\"article\" \/>\n<meta property=\"og:title\" content=\"Fam\u00edlia que viajava para o Leste de Minas morre em acidente na BR-262, no Esp\u00edrito Santo - Aconteceu no Vale\" \/>\n<meta property=\"og:description\" content=\"Quatro pessoas morreram em um acidente na BR-262, em Ibatiba (ES), na manh\u00e3 deste domingo (18 de dezembro de 2016). Segundo informa\u00e7\u00f5es da Pol\u00edcia Rodovi\u00e1ria Federal (PRF), todas as v\u00edtimas estavam em um Corsa Classic, que se chocou contra uma Hilux. Os ocupantes do Classic eram Fabiano Jos\u00e9 da Silva, de 35 anos, sua esposa [&hellip;]\" \/>\n<meta property=\"og:url\" content=\"https:\/\/aconteceunovale.com.br\/portal\/?p=104602\" \/>\n<meta property=\"og:site_name\" content=\"Aconteceu no Vale\" \/>\n<meta property=\"article:publisher\" content=\"https:\/\/www.facebook.com\/aconteceunovale\/\" \/>\n<meta property=\"article:published_time\" content=\"2016-12-19T22:41:40+00:00\" \/>\n<meta property=\"article:modified_time\" content=\"2016-12-19T22:44:47+00:00\" \/>\n<meta property=\"og:image\" content=\"https:\/\/aconteceunovale.com.br\/portal\/wp-content\/uploads\/2016\/12\/acidente_mutum_5.jpg\" \/>\n\t<meta property=\"og:image:width\" content=\"678\" \/>\n\t<meta property=\"og:image:height\" content=\"437\" \/>\n\t<meta property=\"og:image:type\" content=\"image\/jpeg\" \/>\n<meta name=\"author\" content=\"Aconteceu no Vale\" \/>\n<meta name=\"twitter:card\" content=\"summary_large_image\" \/>\n<meta name=\"twitter:creator\" content=\"@noticiadosvales\" \/>\n<meta name=\"twitter:site\" content=\"@noticiadosvales\" \/>\n<meta name=\"twitter:label1\" content=\"Escrito por\" \/>\n\t<meta name=\"twitter:data1\" content=\"Aconteceu no Vale\" \/>\n\t<meta name=\"twitter:label2\" content=\"Est. tempo de leitura\" \/>\n\t<meta name=\"twitter:data2\" content=\"1 minuto\" \/>\n<script type=\"application\/ld+json\" class=\"yoast-schema-graph\">{\"@context\":\"https:\\\/\\\/schema.org\",\"@graph\":[{\"@type\":\"Article\",\"@id\":\"https:\\\/\\\/aconteceunovale.com.br\\\/portal\\\/?p=104602#article\",\"isPartOf\":{\"@id\":\"https:\\\/\\\/aconteceunovale.com.br\\\/portal\\\/?p=104602\"},\"author\":{\"name\":\"Aconteceu no Vale\",\"@id\":\"https:\\\/\\\/aconteceunovale.com.br\\\/portal\\\/#\\\/schema\\\/person\\\/633529146f2c94272bef50ac2953d589\"},\"headline\":\"Fam\u00edlia que viajava para o Leste de Minas morre em acidente na BR-262, no Esp\u00edrito Santo\",\"datePublished\":\"2016-12-19T22:41:40+00:00\",\"dateModified\":\"2016-12-19T22:44:47+00:00\",\"mainEntityOfPage\":{\"@id\":\"https:\\\/\\\/aconteceunovale.com.br\\\/portal\\\/?p=104602\"},\"wordCount\":208,\"commentCount\":0,\"image\":{\"@id\":\"https:\\\/\\\/aconteceunovale.com.br\\\/portal\\\/?p=104602#primaryimage\"},\"thumbnailUrl\":\"https:\\\/\\\/aconteceunovale.com.br\\\/portal\\\/wp-content\\\/uploads\\\/2016\\\/12\\\/acidente_mutum_5.jpg\",\"keywords\":[\"Acidente em Ibatiba\",\"Acidente fam\u00edlia de Mutum\",\"acidente na br 262\",\"Ana Paula Valad\u00e3o\",\"BR-262\",\"Cachoeiro de Itapemirim\",\"Fabiano Jos\u00e9 da Silva\",\"Fam\u00edlia que viajava para o Leste de Minas morre em acidente na BR-262\",\"Fam\u00edlia que viajava para o Leste de Minas morre em acidente na BR-262 em Ibatiba\",\"Fam\u00edlia que viajava para o Leste de Minas morre em acidente na BR-262 no Esp\u00edrito Santo\",\"Ibatiba\",\"Keila Valad\u00e3o da Silva\",\"Mutum\",\"no Esp\u00edrito Santo\",\"Quatro integrantes de fam\u00edlia que viajavam para Mutum morrem em acidente na BR-262\",\"Quatro integrantes de fam\u00edlia que viajavam para o Leste de Minas morrem em acidente na BR-262\",\"Vinicius Biersack\",\"Vit\u00f3ria\"],\"articleSection\":[\"Leste de Minas\"],\"inLanguage\":\"pt-BR\",\"potentialAction\":[{\"@type\":\"CommentAction\",\"name\":\"Comment\",\"target\":[\"https:\\\/\\\/aconteceunovale.com.br\\\/portal\\\/?p=104602#respond\"]}]},{\"@type\":\"WebPage\",\"@id\":\"https:\\\/\\\/aconteceunovale.com.br\\\/portal\\\/?p=104602\",\"url\":\"https:\\\/\\\/aconteceunovale.com.br\\\/portal\\\/?p=104602\",\"name\":\"Fam\u00edlia que viajava para o Leste de Minas morre em acidente na BR-262, no Esp\u00edrito Santo - Aconteceu no Vale\",\"isPartOf\":{\"@id\":\"https:\\\/\\\/aconteceunovale.com.br\\\/portal\\\/#website\"},\"primaryImageOfPage\":{\"@id\":\"https:\\\/\\\/aconteceunovale.com.br\\\/portal\\\/?p=104602#primaryimage\"},\"image\":{\"@id\":\"https:\\\/\\\/aconteceunovale.com.br\\\/portal\\\/?p=104602#primaryimage\"},\"thumbnailUrl\":\"https:\\\/\\\/aconteceunovale.com.br\\\/portal\\\/wp-content\\\/uploads\\\/2016\\\/12\\\/acidente_mutum_5.jpg\",\"datePublished\":\"2016-12-19T22:41:40+00:00\",\"dateModified\":\"2016-12-19T22:44:47+00:00\",\"author\":{\"@id\":\"https:\\\/\\\/aconteceunovale.com.br\\\/portal\\\/#\\\/schema\\\/person\\\/633529146f2c94272bef50ac2953d589\"},\"breadcrumb\":{\"@id\":\"https:\\\/\\\/aconteceunovale.com.br\\\/portal\\\/?p=104602#breadcrumb\"},\"inLanguage\":\"pt-BR\",\"potentialAction\":[{\"@type\":\"ReadAction\",\"target\":[\"https:\\\/\\\/aconteceunovale.com.br\\\/portal\\\/?p=104602\"]}]},{\"@type\":\"ImageObject\",\"inLanguage\":\"pt-BR\",\"@id\":\"https:\\\/\\\/aconteceunovale.com.br\\\/portal\\\/?p=104602#primaryimage\",\"url\":\"https:\\\/\\\/aconteceunovale.com.br\\\/portal\\\/wp-content\\\/uploads\\\/2016\\\/12\\\/acidente_mutum_5.jpg\",\"contentUrl\":\"https:\\\/\\\/aconteceunovale.com.br\\\/portal\\\/wp-content\\\/uploads\\\/2016\\\/12\\\/acidente_mutum_5.jpg\",\"width\":678,\"height\":437},{\"@type\":\"BreadcrumbList\",\"@id\":\"https:\\\/\\\/aconteceunovale.com.br\\\/portal\\\/?p=104602#breadcrumb\",\"itemListElement\":[{\"@type\":\"ListItem\",\"position\":1,\"name\":\"In\u00edcio\",\"item\":\"https:\\\/\\\/aconteceunovale.com.br\\\/portal\\\/\"},{\"@type\":\"ListItem\",\"position\":2,\"name\":\"Fam\u00edlia que viajava para o Leste de Minas morre em acidente na BR-262, no Esp\u00edrito Santo\"}]},{\"@type\":\"WebSite\",\"@id\":\"https:\\\/\\\/aconteceunovale.com.br\\\/portal\\\/#website\",\"url\":\"https:\\\/\\\/aconteceunovale.com.br\\\/portal\\\/\",\"name\":\"Aconteceu no Vale\",\"description\":\"Portal de Not\u00edcias\",\"potentialAction\":[{\"@type\":\"SearchAction\",\"target\":{\"@type\":\"EntryPoint\",\"urlTemplate\":\"https:\\\/\\\/aconteceunovale.com.br\\\/portal\\\/?s={search_term_string}\"},\"query-input\":{\"@type\":\"PropertyValueSpecification\",\"valueRequired\":true,\"valueName\":\"search_term_string\"}}],\"inLanguage\":\"pt-BR\"},{\"@type\":\"Person\",\"@id\":\"https:\\\/\\\/aconteceunovale.com.br\\\/portal\\\/#\\\/schema\\\/person\\\/633529146f2c94272bef50ac2953d589\",\"name\":\"Aconteceu no Vale\",\"description\":\"Equipe de reportagem do Aconteceu no Vale, portal de not\u00edcias do Vale do Jequitinhonha, em Minas Gerais. Cobrimos as 51 cidades do Vale desde 2013. Sugest\u00f5es de pauta e pedidos de corre\u00e7\u00e3o: contato@aconteceunovale.com.br\",\"sameAs\":[\"http:\\\/\\\/www.aconteceunovale.com.br\"],\"url\":\"https:\\\/\\\/aconteceunovale.com.br\\\/portal\\\/?author=1\"}]}<\/script>\n<!-- \/ Yoast SEO plugin. -->","yoast_head_json":{"title":"Fam\u00edlia que viajava para o Leste de Minas morre em acidente na BR-262, no Esp\u00edrito Santo - Aconteceu no Vale","robots":{"index":"index","follow":"follow","max-snippet":"max-snippet:-1","max-image-preview":"max-image-preview:large","max-video-preview":"max-video-preview:-1"},"canonical":"https:\/\/aconteceunovale.com.br\/portal\/?p=104602","og_locale":"pt_BR","og_type":"article","og_title":"Fam\u00edlia que viajava para o Leste de Minas morre em acidente na BR-262, no Esp\u00edrito Santo - Aconteceu no Vale","og_description":"Quatro pessoas morreram em um acidente na BR-262, em Ibatiba (ES), na manh\u00e3 deste domingo (18 de dezembro de 2016). Segundo informa\u00e7\u00f5es da Pol\u00edcia Rodovi\u00e1ria Federal (PRF), todas as v\u00edtimas estavam em um Corsa Classic, que se chocou contra uma Hilux. Os ocupantes do Classic eram Fabiano Jos\u00e9 da Silva, de 35 anos, sua esposa [&hellip;]","og_url":"https:\/\/aconteceunovale.com.br\/portal\/?p=104602","og_site_name":"Aconteceu no Vale","article_publisher":"https:\/\/www.facebook.com\/aconteceunovale\/","article_published_time":"2016-12-19T22:41:40+00:00","article_modified_time":"2016-12-19T22:44:47+00:00","og_image":[{"width":678,"height":437,"url":"https:\/\/aconteceunovale.com.br\/portal\/wp-content\/uploads\/2016\/12\/acidente_mutum_5.jpg","type":"image\/jpeg"}],"author":"Aconteceu no Vale","twitter_card":"summary_large_image","twitter_creator":"@noticiadosvales","twitter_site":"@noticiadosvales","twitter_misc":{"Escrito por":"Aconteceu no Vale","Est. tempo de leitura":"1 minuto"},"schema":{"@context":"https:\/\/schema.org","@graph":[{"@type":"Article","@id":"https:\/\/aconteceunovale.com.br\/portal\/?p=104602#article","isPartOf":{"@id":"https:\/\/aconteceunovale.com.br\/portal\/?p=104602"},"author":{"name":"Aconteceu no Vale","@id":"https:\/\/aconteceunovale.com.br\/portal\/#\/schema\/person\/633529146f2c94272bef50ac2953d589"},"headline":"Fam\u00edlia que viajava para o Leste de Minas morre em acidente na BR-262, no Esp\u00edrito Santo","datePublished":"2016-12-19T22:41:40+00:00","dateModified":"2016-12-19T22:44:47+00:00","mainEntityOfPage":{"@id":"https:\/\/aconteceunovale.com.br\/portal\/?p=104602"},"wordCount":208,"commentCount":0,"image":{"@id":"https:\/\/aconteceunovale.com.br\/portal\/?p=104602#primaryimage"},"thumbnailUrl":"https:\/\/aconteceunovale.com.br\/portal\/wp-content\/uploads\/2016\/12\/acidente_mutum_5.jpg","keywords":["Acidente em Ibatiba","Acidente fam\u00edlia de Mutum","acidente na br 262","Ana Paula Valad\u00e3o","BR-262","Cachoeiro de Itapemirim","Fabiano Jos\u00e9 da Silva","Fam\u00edlia que viajava para o Leste de Minas morre em acidente na BR-262","Fam\u00edlia que viajava para o Leste de Minas morre em acidente na BR-262 em Ibatiba","Fam\u00edlia que viajava para o Leste de Minas morre em acidente na BR-262 no Esp\u00edrito Santo","Ibatiba","Keila Valad\u00e3o da Silva","Mutum","no Esp\u00edrito Santo","Quatro integrantes de fam\u00edlia que viajavam para Mutum morrem em acidente na BR-262","Quatro integrantes de fam\u00edlia que viajavam para o Leste de Minas morrem em acidente na BR-262","Vinicius Biersack","Vit\u00f3ria"],"articleSection":["Leste de Minas"],"inLanguage":"pt-BR","potentialAction":[{"@type":"CommentAction","name":"Comment","target":["https:\/\/aconteceunovale.com.br\/portal\/?p=104602#respond"]}]},{"@type":"WebPage","@id":"https:\/\/aconteceunovale.com.br\/portal\/?p=104602","url":"https:\/\/aconteceunovale.com.br\/portal\/?p=104602","name":"Fam\u00edlia que viajava para o Leste de Minas morre em acidente na BR-262, no Esp\u00edrito Santo - Aconteceu no Vale","isPartOf":{"@id":"https:\/\/aconteceunovale.com.br\/portal\/#website"},"primaryImageOfPage":{"@id":"https:\/\/aconteceunovale.com.br\/portal\/?p=104602#primaryimage"},"image":{"@id":"https:\/\/aconteceunovale.com.br\/portal\/?p=104602#primaryimage"},"thumbnailUrl":"https:\/\/aconteceunovale.com.br\/portal\/wp-content\/uploads\/2016\/12\/acidente_mutum_5.jpg","datePublished":"2016-12-19T22:41:40+00:00","dateModified":"2016-12-19T22:44:47+00:00","author":{"@id":"https:\/\/aconteceunovale.com.br\/portal\/#\/schema\/person\/633529146f2c94272bef50ac2953d589"},"breadcrumb":{"@id":"https:\/\/aconteceunovale.com.br\/portal\/?p=104602#breadcrumb"},"inLanguage":"pt-BR","potentialAction":[{"@type":"ReadAction","target":["https:\/\/aconteceunovale.com.br\/portal\/?p=104602"]}]},{"@type":"ImageObject","inLanguage":"pt-BR","@id":"https:\/\/aconteceunovale.com.br\/portal\/?p=104602#primaryimage","url":"https:\/\/aconteceunovale.com.br\/portal\/wp-content\/uploads\/2016\/12\/acidente_mutum_5.jpg","contentUrl":"https:\/\/aconteceunovale.com.br\/portal\/wp-content\/uploads\/2016\/12\/acidente_mutum_5.jpg","width":678,"height":437},{"@type":"BreadcrumbList","@id":"https:\/\/aconteceunovale.com.br\/portal\/?p=104602#breadcrumb","itemListElement":[{"@type":"ListItem","position":1,"name":"In\u00edcio","item":"https:\/\/aconteceunovale.com.br\/portal\/"},{"@type":"ListItem","position":2,"name":"Fam\u00edlia que viajava para o Leste de Minas morre em acidente na BR-262, no Esp\u00edrito Santo"}]},{"@type":"WebSite","@id":"https:\/\/aconteceunovale.com.br\/portal\/#website","url":"https:\/\/aconteceunovale.com.br\/portal\/","name":"Aconteceu no Vale","description":"Portal de Not\u00edcias","potentialAction":[{"@type":"SearchAction","target":{"@type":"EntryPoint","urlTemplate":"https:\/\/aconteceunovale.com.br\/portal\/?s={search_term_string}"},"query-input":{"@type":"PropertyValueSpecification","valueRequired":true,"valueName":"search_term_string"}}],"inLanguage":"pt-BR"},{"@type":"Person","@id":"https:\/\/aconteceunovale.com.br\/portal\/#\/schema\/person\/633529146f2c94272bef50ac2953d589","name":"Aconteceu no Vale","description":"Equipe de reportagem do Aconteceu no Vale, portal de not\u00edcias do Vale do Jequitinhonha, em Minas Gerais. Cobrimos as 51 cidades do Vale desde 2013. Sugest\u00f5es de pauta e pedidos de corre\u00e7\u00e3o: contato@aconteceunovale.com.br","sameAs":["http:\/\/www.aconteceunovale.com.br"],"url":"https:\/\/aconteceunovale.com.br\/portal\/?author=1"}]}},"_links":{"self":[{"href":"https:\/\/aconteceunovale.com.br\/portal\/index.php?rest_route=\/wp\/v2\/posts\/104602","targetHints":{"allow":["GET"]}}],"collection":[{"href":"https:\/\/aconteceunovale.com.br\/portal\/index.php?rest_route=\/wp\/v2\/posts"}],"about":[{"href":"https:\/\/aconteceunovale.com.br\/portal\/index.php?rest_route=\/wp\/v2\/types\/post"}],"author":[{"embeddable":true,"href":"https:\/\/aconteceunovale.com.br\/portal\/index.php?rest_route=\/wp\/v2\/users\/1"}],"replies":[{"embeddable":true,"href":"https:\/\/aconteceunovale.com.br\/portal\/index.php?rest_route=%2Fwp%2Fv2%2Fcomments&post=104602"}],"version-history":[{"count":0,"href":"https:\/\/aconteceunovale.com.br\/portal\/index.php?rest_route=\/wp\/v2\/posts\/104602\/revisions"}],"wp:featuredmedia":[{"embeddable":true,"href":"https:\/\/aconteceunovale.com.br\/portal\/index.php?rest_route=\/wp\/v2\/media\/104607"}],"wp:attachment":[{"href":"https:\/\/aconteceunovale.com.br\/portal\/index.php?rest_route=%2Fwp%2Fv2%2Fmedia&parent=104602"}],"wp:term":[{"taxonomy":"category","embeddable":true,"href":"https:\/\/aconteceunovale.com.br\/portal\/index.php?rest_route=%2Fwp%2Fv2%2Fcategories&post=104602"},{"taxonomy":"post_tag","embeddable":true,"href":"https:\/\/aconteceunovale.com.br\/portal\/index.php?rest_route=%2Fwp%2Fv2%2Ftags&post=104602"}],"curies":[{"name":"wp","href":"https:\/\/api.w.org\/{rel}","templated":true}]}}