{"id":104594,"date":"2016-12-19T20:01:22","date_gmt":"2016-12-19T22:01:22","guid":{"rendered":"http:\/\/aconteceunovale.com.br\/portal\/?p=104594"},"modified":"2016-12-19T21:56:02","modified_gmt":"2016-12-19T23:56:02","slug":"homem-de-94-anos-morre-apos-ser-atropelado-por-duas-motos-em-montes-claros","status":"publish","type":"post","link":"https:\/\/aconteceunovale.com.br\/portal\/?p=104594","title":{"rendered":"Homem de 94 anos morre ap\u00f3s ser atropelado por duas motos em Montes Claros"},"content":{"rendered":"<p>Um idoso de 94 anos morreu nesse domingo (18\/12\/2016) ap\u00f3s ser atropelado por duas motocicletas ao tentar atravessar a Avenida Jo\u00e3o XXIII, no bairro Edgar Pereira, em Montes Claros (MG). De acordo com relatos de testemunha \u00e0 Pol\u00edcia Militar (PM), a v\u00edtima J.F.M foi atingida primeiramente por uma Honda Bros, que transitava no sentido Centro\/Bairro. <\/p>\n<p>De acordo com a PM, ap\u00f3s o primeiro impacto, a v\u00edtima cambaleou na avenida e foi novamente atropelada por outra motocicleta, que seguia logo atr\u00e1s. O idoso e o condutor ca\u00edram ao solo. O motociclista se levantou e evadiu do local sem prestar socorro.<\/p>\n<p>O Servi\u00e7o de Atendimento M\u00f3vel de Urg\u00eancia (SAMU) foi acionado e encaminhou J.F.M a um hospital da cidade, por\u00e9m ele n\u00e3o resistiu e veio a \u00f3bito horas mais tarde. <\/p>\n<p>Ainda segundo a PM, testemunhas anotaram a placa da moto conduzida pelo homem que provocou o acidente e ap\u00f3s rastreamentos, o ve\u00edculo foi localizado. O condutor seria G.P.S, genro do propriet\u00e1rio da moto. Ele n\u00e3o foi encontrado para prestar esclarecimentos.<\/p>\n<p><img decoding=\"async\" src=\"http:\/\/aconteceunovale.com.br\/portal\/wp-content\/uploads\/2016\/12\/atropelado_moc.jpg\" alt=\"\" \/><em>V\u00edtima foi socorrida pelo SAMU, mas n\u00e3o resistiu aos ferimentos (Foto: Reprodu\u00e7\u00e3o\/Facebook)<\/em><\/p>\n","protected":false},"excerpt":{"rendered":"<p>Um idoso de 94 anos morreu nesse domingo (18\/12\/2016) ap\u00f3s ser atropelado por duas motocicletas ao tentar atravessar a Avenida Jo\u00e3o XXIII, no bairro Edgar Pereira, em Montes Claros (MG). De acordo com relatos de testemunha \u00e0 Pol\u00edcia Militar (PM), a v\u00edtima J.F.M foi atingida primeiramente por uma Honda Bros, que transitava no sentido Centro\/Bairro. [&hellip;]<\/p>\n","protected":false},"author":1,"featured_media":104595,"comment_status":"open","ping_status":"closed","sticky":false,"template":"","format":"standard","meta":{"amp_status":"","footnotes":""},"categories":[1236],"tags":[131284,73469,131242,117434,131283,210,131243,88248],"class_list":["post-104594","post","type-post","status-publish","format-standard","has-post-thumbnail","hentry","category-norte_de_minas","tag-alef-gustavo-pinheiro-dos-santos","tag-atropelamento-montes-claros","tag-homem-de-94-anos-morre-apos-ser-atropelado-por-duas-motos-em-montes-claros","tag-idoso-atropelado-em-montes-claros","tag-joao-saraiva-miranda","tag-montes-claros","tag-morte-de-idoso-atropelado-em-montes-claros","tag-morte-por-atropelamento-em-montes-claros"],"yoast_head":"<!-- This site is optimized with the Yoast SEO plugin v28.3 - https:\/\/yoast.com\/product\/yoast-seo-wordpress\/ -->\n<title>Homem de 94 anos morre ap\u00f3s ser atropelado por duas motos em Montes Claros - Aconteceu no Vale<\/title>\n<meta name=\"robots\" content=\"index, follow, max-snippet:-1, max-image-preview:large, max-video-preview:-1\" \/>\n<link rel=\"canonical\" href=\"https:\/\/aconteceunovale.com.br\/portal\/?p=104594\" \/>\n<meta property=\"og:locale\" content=\"pt_BR\" \/>\n<meta property=\"og:type\" content=\"article\" \/>\n<meta property=\"og:title\" content=\"Homem de 94 anos morre ap\u00f3s ser atropelado por duas motos em Montes Claros - Aconteceu no Vale\" \/>\n<meta property=\"og:description\" content=\"Um idoso de 94 anos morreu nesse domingo (18\/12\/2016) ap\u00f3s ser atropelado por duas motocicletas ao tentar atravessar a Avenida Jo\u00e3o XXIII, no bairro Edgar Pereira, em Montes Claros (MG). De acordo com relatos de testemunha \u00e0 Pol\u00edcia Militar (PM), a v\u00edtima J.F.M foi atingida primeiramente por uma Honda Bros, que transitava no sentido Centro\/Bairro. [&hellip;]\" \/>\n<meta property=\"og:url\" content=\"https:\/\/aconteceunovale.com.br\/portal\/?p=104594\" \/>\n<meta property=\"og:site_name\" content=\"Aconteceu no Vale\" \/>\n<meta property=\"article:publisher\" content=\"https:\/\/www.facebook.com\/aconteceunovale\/\" \/>\n<meta property=\"article:published_time\" content=\"2016-12-19T22:01:22+00:00\" \/>\n<meta property=\"article:modified_time\" content=\"2016-12-19T23:56:02+00:00\" \/>\n<meta property=\"og:image\" content=\"https:\/\/aconteceunovale.com.br\/portal\/wp-content\/uploads\/2016\/12\/atropelado_moc.jpg\" \/>\n\t<meta property=\"og:image:width\" content=\"678\" \/>\n\t<meta property=\"og:image:height\" content=\"406\" \/>\n\t<meta property=\"og:image:type\" content=\"image\/jpeg\" \/>\n<meta name=\"author\" content=\"Aconteceu no Vale\" \/>\n<meta name=\"twitter:card\" content=\"summary_large_image\" \/>\n<meta name=\"twitter:creator\" content=\"@noticiadosvales\" \/>\n<meta name=\"twitter:site\" content=\"@noticiadosvales\" \/>\n<meta name=\"twitter:label1\" content=\"Escrito por\" \/>\n\t<meta name=\"twitter:data1\" content=\"Aconteceu no Vale\" \/>\n\t<meta name=\"twitter:label2\" content=\"Est. tempo de leitura\" \/>\n\t<meta name=\"twitter:data2\" content=\"1 minuto\" \/>\n<script type=\"application\/ld+json\" class=\"yoast-schema-graph\">{\"@context\":\"https:\\\/\\\/schema.org\",\"@graph\":[{\"@type\":\"Article\",\"@id\":\"https:\\\/\\\/aconteceunovale.com.br\\\/portal\\\/?p=104594#article\",\"isPartOf\":{\"@id\":\"https:\\\/\\\/aconteceunovale.com.br\\\/portal\\\/?p=104594\"},\"author\":{\"name\":\"Aconteceu no Vale\",\"@id\":\"https:\\\/\\\/aconteceunovale.com.br\\\/portal\\\/#\\\/schema\\\/person\\\/633529146f2c94272bef50ac2953d589\"},\"headline\":\"Homem de 94 anos morre ap\u00f3s ser atropelado por duas motos em Montes Claros\",\"datePublished\":\"2016-12-19T22:01:22+00:00\",\"dateModified\":\"2016-12-19T23:56:02+00:00\",\"mainEntityOfPage\":{\"@id\":\"https:\\\/\\\/aconteceunovale.com.br\\\/portal\\\/?p=104594\"},\"wordCount\":219,\"commentCount\":0,\"image\":{\"@id\":\"https:\\\/\\\/aconteceunovale.com.br\\\/portal\\\/?p=104594#primaryimage\"},\"thumbnailUrl\":\"https:\\\/\\\/aconteceunovale.com.br\\\/portal\\\/wp-content\\\/uploads\\\/2016\\\/12\\\/atropelado_moc.jpg\",\"keywords\":[\"Alef Gustavo Pinheiro dos Santos\",\"atropelamento Montes Claros\",\"Homem de 94 anos morre ap\u00f3s ser atropelado por duas motos em Montes Claros\",\"Idoso atropelado em Montes Claros\",\"Jo\u00e3o Saraiva Miranda\",\"Montes Claros\",\"Morte de idoso atropelado em Montes Claros\",\"morte por atropelamento em Montes Claros\"],\"articleSection\":[\"Norte de Minas\"],\"inLanguage\":\"pt-BR\",\"potentialAction\":[{\"@type\":\"CommentAction\",\"name\":\"Comment\",\"target\":[\"https:\\\/\\\/aconteceunovale.com.br\\\/portal\\\/?p=104594#respond\"]}]},{\"@type\":\"WebPage\",\"@id\":\"https:\\\/\\\/aconteceunovale.com.br\\\/portal\\\/?p=104594\",\"url\":\"https:\\\/\\\/aconteceunovale.com.br\\\/portal\\\/?p=104594\",\"name\":\"Homem de 94 anos morre ap\u00f3s ser atropelado por duas motos em Montes Claros - Aconteceu no Vale\",\"isPartOf\":{\"@id\":\"https:\\\/\\\/aconteceunovale.com.br\\\/portal\\\/#website\"},\"primaryImageOfPage\":{\"@id\":\"https:\\\/\\\/aconteceunovale.com.br\\\/portal\\\/?p=104594#primaryimage\"},\"image\":{\"@id\":\"https:\\\/\\\/aconteceunovale.com.br\\\/portal\\\/?p=104594#primaryimage\"},\"thumbnailUrl\":\"https:\\\/\\\/aconteceunovale.com.br\\\/portal\\\/wp-content\\\/uploads\\\/2016\\\/12\\\/atropelado_moc.jpg\",\"datePublished\":\"2016-12-19T22:01:22+00:00\",\"dateModified\":\"2016-12-19T23:56:02+00:00\",\"author\":{\"@id\":\"https:\\\/\\\/aconteceunovale.com.br\\\/portal\\\/#\\\/schema\\\/person\\\/633529146f2c94272bef50ac2953d589\"},\"breadcrumb\":{\"@id\":\"https:\\\/\\\/aconteceunovale.com.br\\\/portal\\\/?p=104594#breadcrumb\"},\"inLanguage\":\"pt-BR\",\"potentialAction\":[{\"@type\":\"ReadAction\",\"target\":[\"https:\\\/\\\/aconteceunovale.com.br\\\/portal\\\/?p=104594\"]}]},{\"@type\":\"ImageObject\",\"inLanguage\":\"pt-BR\",\"@id\":\"https:\\\/\\\/aconteceunovale.com.br\\\/portal\\\/?p=104594#primaryimage\",\"url\":\"https:\\\/\\\/aconteceunovale.com.br\\\/portal\\\/wp-content\\\/uploads\\\/2016\\\/12\\\/atropelado_moc.jpg\",\"contentUrl\":\"https:\\\/\\\/aconteceunovale.com.br\\\/portal\\\/wp-content\\\/uploads\\\/2016\\\/12\\\/atropelado_moc.jpg\",\"width\":678,\"height\":406},{\"@type\":\"BreadcrumbList\",\"@id\":\"https:\\\/\\\/aconteceunovale.com.br\\\/portal\\\/?p=104594#breadcrumb\",\"itemListElement\":[{\"@type\":\"ListItem\",\"position\":1,\"name\":\"In\u00edcio\",\"item\":\"https:\\\/\\\/aconteceunovale.com.br\\\/portal\\\/\"},{\"@type\":\"ListItem\",\"position\":2,\"name\":\"Homem de 94 anos morre ap\u00f3s ser atropelado por duas motos em Montes Claros\"}]},{\"@type\":\"WebSite\",\"@id\":\"https:\\\/\\\/aconteceunovale.com.br\\\/portal\\\/#website\",\"url\":\"https:\\\/\\\/aconteceunovale.com.br\\\/portal\\\/\",\"name\":\"Aconteceu no Vale\",\"description\":\"Portal de Not\u00edcias\",\"potentialAction\":[{\"@type\":\"SearchAction\",\"target\":{\"@type\":\"EntryPoint\",\"urlTemplate\":\"https:\\\/\\\/aconteceunovale.com.br\\\/portal\\\/?s={search_term_string}\"},\"query-input\":{\"@type\":\"PropertyValueSpecification\",\"valueRequired\":true,\"valueName\":\"search_term_string\"}}],\"inLanguage\":\"pt-BR\"},{\"@type\":\"Person\",\"@id\":\"https:\\\/\\\/aconteceunovale.com.br\\\/portal\\\/#\\\/schema\\\/person\\\/633529146f2c94272bef50ac2953d589\",\"name\":\"Aconteceu no Vale\",\"description\":\"Equipe de reportagem do Aconteceu no Vale, portal de not\u00edcias do Vale do Jequitinhonha, em Minas Gerais. Cobrimos as 51 cidades do Vale desde 2013. Sugest\u00f5es de pauta e pedidos de corre\u00e7\u00e3o: contato@aconteceunovale.com.br\",\"sameAs\":[\"http:\\\/\\\/www.aconteceunovale.com.br\"],\"url\":\"https:\\\/\\\/aconteceunovale.com.br\\\/portal\\\/?author=1\"}]}<\/script>\n<!-- \/ Yoast SEO plugin. -->","yoast_head_json":{"title":"Homem de 94 anos morre ap\u00f3s ser atropelado por duas motos em Montes Claros - Aconteceu no Vale","robots":{"index":"index","follow":"follow","max-snippet":"max-snippet:-1","max-image-preview":"max-image-preview:large","max-video-preview":"max-video-preview:-1"},"canonical":"https:\/\/aconteceunovale.com.br\/portal\/?p=104594","og_locale":"pt_BR","og_type":"article","og_title":"Homem de 94 anos morre ap\u00f3s ser atropelado por duas motos em Montes Claros - Aconteceu no Vale","og_description":"Um idoso de 94 anos morreu nesse domingo (18\/12\/2016) ap\u00f3s ser atropelado por duas motocicletas ao tentar atravessar a Avenida Jo\u00e3o XXIII, no bairro Edgar Pereira, em Montes Claros (MG). De acordo com relatos de testemunha \u00e0 Pol\u00edcia Militar (PM), a v\u00edtima J.F.M foi atingida primeiramente por uma Honda Bros, que transitava no sentido Centro\/Bairro. [&hellip;]","og_url":"https:\/\/aconteceunovale.com.br\/portal\/?p=104594","og_site_name":"Aconteceu no Vale","article_publisher":"https:\/\/www.facebook.com\/aconteceunovale\/","article_published_time":"2016-12-19T22:01:22+00:00","article_modified_time":"2016-12-19T23:56:02+00:00","og_image":[{"width":678,"height":406,"url":"https:\/\/aconteceunovale.com.br\/portal\/wp-content\/uploads\/2016\/12\/atropelado_moc.jpg","type":"image\/jpeg"}],"author":"Aconteceu no Vale","twitter_card":"summary_large_image","twitter_creator":"@noticiadosvales","twitter_site":"@noticiadosvales","twitter_misc":{"Escrito por":"Aconteceu no Vale","Est. tempo de leitura":"1 minuto"},"schema":{"@context":"https:\/\/schema.org","@graph":[{"@type":"Article","@id":"https:\/\/aconteceunovale.com.br\/portal\/?p=104594#article","isPartOf":{"@id":"https:\/\/aconteceunovale.com.br\/portal\/?p=104594"},"author":{"name":"Aconteceu no Vale","@id":"https:\/\/aconteceunovale.com.br\/portal\/#\/schema\/person\/633529146f2c94272bef50ac2953d589"},"headline":"Homem de 94 anos morre ap\u00f3s ser atropelado por duas motos em Montes Claros","datePublished":"2016-12-19T22:01:22+00:00","dateModified":"2016-12-19T23:56:02+00:00","mainEntityOfPage":{"@id":"https:\/\/aconteceunovale.com.br\/portal\/?p=104594"},"wordCount":219,"commentCount":0,"image":{"@id":"https:\/\/aconteceunovale.com.br\/portal\/?p=104594#primaryimage"},"thumbnailUrl":"https:\/\/aconteceunovale.com.br\/portal\/wp-content\/uploads\/2016\/12\/atropelado_moc.jpg","keywords":["Alef Gustavo Pinheiro dos Santos","atropelamento Montes Claros","Homem de 94 anos morre ap\u00f3s ser atropelado por duas motos em Montes Claros","Idoso atropelado em Montes Claros","Jo\u00e3o Saraiva Miranda","Montes Claros","Morte de idoso atropelado em Montes Claros","morte por atropelamento em Montes Claros"],"articleSection":["Norte de Minas"],"inLanguage":"pt-BR","potentialAction":[{"@type":"CommentAction","name":"Comment","target":["https:\/\/aconteceunovale.com.br\/portal\/?p=104594#respond"]}]},{"@type":"WebPage","@id":"https:\/\/aconteceunovale.com.br\/portal\/?p=104594","url":"https:\/\/aconteceunovale.com.br\/portal\/?p=104594","name":"Homem de 94 anos morre ap\u00f3s ser atropelado por duas motos em Montes Claros - Aconteceu no Vale","isPartOf":{"@id":"https:\/\/aconteceunovale.com.br\/portal\/#website"},"primaryImageOfPage":{"@id":"https:\/\/aconteceunovale.com.br\/portal\/?p=104594#primaryimage"},"image":{"@id":"https:\/\/aconteceunovale.com.br\/portal\/?p=104594#primaryimage"},"thumbnailUrl":"https:\/\/aconteceunovale.com.br\/portal\/wp-content\/uploads\/2016\/12\/atropelado_moc.jpg","datePublished":"2016-12-19T22:01:22+00:00","dateModified":"2016-12-19T23:56:02+00:00","author":{"@id":"https:\/\/aconteceunovale.com.br\/portal\/#\/schema\/person\/633529146f2c94272bef50ac2953d589"},"breadcrumb":{"@id":"https:\/\/aconteceunovale.com.br\/portal\/?p=104594#breadcrumb"},"inLanguage":"pt-BR","potentialAction":[{"@type":"ReadAction","target":["https:\/\/aconteceunovale.com.br\/portal\/?p=104594"]}]},{"@type":"ImageObject","inLanguage":"pt-BR","@id":"https:\/\/aconteceunovale.com.br\/portal\/?p=104594#primaryimage","url":"https:\/\/aconteceunovale.com.br\/portal\/wp-content\/uploads\/2016\/12\/atropelado_moc.jpg","contentUrl":"https:\/\/aconteceunovale.com.br\/portal\/wp-content\/uploads\/2016\/12\/atropelado_moc.jpg","width":678,"height":406},{"@type":"BreadcrumbList","@id":"https:\/\/aconteceunovale.com.br\/portal\/?p=104594#breadcrumb","itemListElement":[{"@type":"ListItem","position":1,"name":"In\u00edcio","item":"https:\/\/aconteceunovale.com.br\/portal\/"},{"@type":"ListItem","position":2,"name":"Homem de 94 anos morre ap\u00f3s ser atropelado por duas motos em Montes Claros"}]},{"@type":"WebSite","@id":"https:\/\/aconteceunovale.com.br\/portal\/#website","url":"https:\/\/aconteceunovale.com.br\/portal\/","name":"Aconteceu no Vale","description":"Portal de Not\u00edcias","potentialAction":[{"@type":"SearchAction","target":{"@type":"EntryPoint","urlTemplate":"https:\/\/aconteceunovale.com.br\/portal\/?s={search_term_string}"},"query-input":{"@type":"PropertyValueSpecification","valueRequired":true,"valueName":"search_term_string"}}],"inLanguage":"pt-BR"},{"@type":"Person","@id":"https:\/\/aconteceunovale.com.br\/portal\/#\/schema\/person\/633529146f2c94272bef50ac2953d589","name":"Aconteceu no Vale","description":"Equipe de reportagem do Aconteceu no Vale, portal de not\u00edcias do Vale do Jequitinhonha, em Minas Gerais. Cobrimos as 51 cidades do Vale desde 2013. Sugest\u00f5es de pauta e pedidos de corre\u00e7\u00e3o: contato@aconteceunovale.com.br","sameAs":["http:\/\/www.aconteceunovale.com.br"],"url":"https:\/\/aconteceunovale.com.br\/portal\/?author=1"}]}},"_links":{"self":[{"href":"https:\/\/aconteceunovale.com.br\/portal\/index.php?rest_route=\/wp\/v2\/posts\/104594","targetHints":{"allow":["GET"]}}],"collection":[{"href":"https:\/\/aconteceunovale.com.br\/portal\/index.php?rest_route=\/wp\/v2\/posts"}],"about":[{"href":"https:\/\/aconteceunovale.com.br\/portal\/index.php?rest_route=\/wp\/v2\/types\/post"}],"author":[{"embeddable":true,"href":"https:\/\/aconteceunovale.com.br\/portal\/index.php?rest_route=\/wp\/v2\/users\/1"}],"replies":[{"embeddable":true,"href":"https:\/\/aconteceunovale.com.br\/portal\/index.php?rest_route=%2Fwp%2Fv2%2Fcomments&post=104594"}],"version-history":[{"count":0,"href":"https:\/\/aconteceunovale.com.br\/portal\/index.php?rest_route=\/wp\/v2\/posts\/104594\/revisions"}],"wp:featuredmedia":[{"embeddable":true,"href":"https:\/\/aconteceunovale.com.br\/portal\/index.php?rest_route=\/wp\/v2\/media\/104595"}],"wp:attachment":[{"href":"https:\/\/aconteceunovale.com.br\/portal\/index.php?rest_route=%2Fwp%2Fv2%2Fmedia&parent=104594"}],"wp:term":[{"taxonomy":"category","embeddable":true,"href":"https:\/\/aconteceunovale.com.br\/portal\/index.php?rest_route=%2Fwp%2Fv2%2Fcategories&post=104594"},{"taxonomy":"post_tag","embeddable":true,"href":"https:\/\/aconteceunovale.com.br\/portal\/index.php?rest_route=%2Fwp%2Fv2%2Ftags&post=104594"}],"curies":[{"name":"wp","href":"https:\/\/api.w.org\/{rel}","templated":true}]}}