{"id":104587,"date":"2016-12-19T19:04:08","date_gmt":"2016-12-19T21:04:08","guid":{"rendered":"http:\/\/aconteceunovale.com.br\/portal\/?p=104587"},"modified":"2026-09-02T13:56:27","modified_gmt":"2026-09-02T16:56:27","slug":"prefeitura-de-veredinha-abre-inscricoes-para-concurso-publico","status":"publish","type":"post","link":"https:\/\/aconteceunovale.com.br\/portal\/?p=104587","title":{"rendered":"Prefeitura de Veredinha abre inscri\u00e7\u00f5es para concurso p\u00fablico"},"content":{"rendered":"<p>A Prefeitura de Veredinha, no Vale do Jequitinhonha, abriu inscri\u00e7\u00f5es na manh\u00e3 desta segunda feira, dia 19 de dezembro de 2016, o concurso p\u00fablico destinado provimento de 55 vagas. Podem participar profissionais de todos os n\u00edveis de ensino, os quais, em sendo aprovados e nomeados, receber\u00e3o vencimentos variados entre R$ 880,00 e R$ 4.649,94.<\/p>\n<p>O concurso ser\u00e1 conduzido por meio da empresa ELO Assessoria e, de acordo com o edital n\u00b0 01\/2016, as oportunidades s\u00e3o para os cargos de Agente Administrativo, Agente de Vigil\u00e2ncia Patrimonial, Assistente Administrativo, Assistente Social do CRAS, Auxiliar Administrativo, Auxiliar de Sala de Aula, Auxiliar de Saude Bucal, Auxiliar de servi\u00e7os gerais, Auxiliar de Servi\u00e7os P\u00fablicos, Condutor de Ve\u00edculos Leves, Condutor de Ve\u00edculos Pesados, Contador, Educador F\u00edsico, Enfermeiro, Especialista em Educa\u00e7\u00e3o, Fiscal de Tributos e Rendas, M\u00e9dico, Operador de M\u00e1quinas Pesadas, Professor de Educa\u00e7\u00e3o f\u00edsica, Professor de Ingl\u00eas, Professor, Servente Escolar, T\u00e9cnico de Enfermagem, T\u00e9cnico N\u00edvel M\u00e9dio Odontologia, T\u00e9cnico de Seguran\u00e7a do Trabalho, T\u00e9cnico em Patologia Clinica, T\u00e9cnico em Radiologia e Terapeuta Ocupacional .<\/p>\n<p>As inscri\u00e7\u00f5es dever\u00e3o ser realizadas via internet, atrav\u00e9s do endere\u00e7o eletr\u00f4nico <a href=\"http:\/\/www.eloassessoriaeservicos.com.br\/public_html\/site\/?p=concurso_detalhes&#038;tipo=1&#038;id=82\" target=\"_blank\">www.eloassessoriaeservicos.com.br<\/a> ou na Sede da Prefeitura de Veredinha (Pra\u00e7a Nossa Senhora do Patroc\u00ednio, n\u00ba 36, Liberdade) at\u00e9 o dia 19 de janeiro de 2017. As taxas variam de R$ 44,00 a R$ 150,00 de acordo com o cargo escolhido.<\/p>\n<p>As provas objetivas de m\u00faltipla escolha e pr\u00e1tica ser\u00e3o aplicadas provavelmente no dia 18 de fevereiro de 2017, com libera\u00e7\u00e3o do gabarito no dia 21 do mesmo m\u00eas. O concurso tem validade de dois anos, prorrog\u00e1vel. <a href=\"http:\/\/www.eloassessoriaeservicos.com.br\/public_html\/site\/?p=concurso_detalhes&amp;tipo=1&amp;id=82\"><strong>Clique aqui<\/strong><\/a>\u00a0e confira o edital. <\/p>\n<p><img decoding=\"async\" src=\"http:\/\/aconteceunovale.com.br\/portal\/wp-content\/uploads\/2016\/10\/veredinha_mg.jpg\" alt=\"\" \/><em>Vista de Veredinha, no Vale do Jequitinhonha (Foto: Divulga\u00e7\u00e3o)<\/em><br \/>\n<\/br><\/p>\n<p><em>(Fonte: Concursos no Brasil)<\/em><\/p>\n","protected":false},"excerpt":{"rendered":"<p>A Prefeitura de Veredinha, no Vale do Jequitinhonha, abriu inscri\u00e7\u00f5es na manh\u00e3 desta segunda feira, dia 19 de dezembro de 2016, o concurso p\u00fablico destinado provimento de 55 vagas. Podem participar profissionais de todos os n\u00edveis de ensino, os quais, em sendo aprovados e nomeados, receber\u00e3o vencimentos variados entre R$ 880,00 e R$ 4.649,94. O [&hellip;]<\/p>\n","protected":false},"author":1,"featured_media":98919,"comment_status":"open","ping_status":"closed","sticky":false,"template":"","format":"standard","meta":{"amp_status":"","footnotes":""},"categories":[40237,40236,120,272577],"tags":[131019,131227,131226,131018,131225],"class_list":["post-104587","post","type-post","status-publish","format-standard","has-post-thumbnail","hentry","category-concursos","category-empregos-2","category-jequi","category-veredinha","tag-concurso-prefeitura-de-veredinha","tag-edital-concurso-da-prefeitura-de-veredinha","tag-inscricoes-concurso-prefeitura-de-veredinha","tag-prefeitura-de-veredinha","tag-prefeitura-de-veredinha-abre-inscricoes-para-concurso-publico"],"yoast_head":"<!-- This site is optimized with the Yoast SEO plugin v28.3 - https:\/\/yoast.com\/product\/yoast-seo-wordpress\/ -->\n<title>Prefeitura de Veredinha abre inscri\u00e7\u00f5es para concurso p\u00fablico - Aconteceu no Vale<\/title>\n<meta name=\"robots\" content=\"index, follow, max-snippet:-1, max-image-preview:large, max-video-preview:-1\" \/>\n<link rel=\"canonical\" href=\"https:\/\/aconteceunovale.com.br\/portal\/?p=104587\" \/>\n<meta property=\"og:locale\" content=\"pt_BR\" \/>\n<meta property=\"og:type\" content=\"article\" \/>\n<meta property=\"og:title\" content=\"Prefeitura de Veredinha abre inscri\u00e7\u00f5es para concurso p\u00fablico - Aconteceu no Vale\" \/>\n<meta property=\"og:description\" content=\"A Prefeitura de Veredinha, no Vale do Jequitinhonha, abriu inscri\u00e7\u00f5es na manh\u00e3 desta segunda feira, dia 19 de dezembro de 2016, o concurso p\u00fablico destinado provimento de 55 vagas. Podem participar profissionais de todos os n\u00edveis de ensino, os quais, em sendo aprovados e nomeados, receber\u00e3o vencimentos variados entre R$ 880,00 e R$ 4.649,94. O [&hellip;]\" \/>\n<meta property=\"og:url\" content=\"https:\/\/aconteceunovale.com.br\/portal\/?p=104587\" \/>\n<meta property=\"og:site_name\" content=\"Aconteceu no Vale\" \/>\n<meta property=\"article:publisher\" content=\"https:\/\/www.facebook.com\/aconteceunovale\/\" \/>\n<meta property=\"article:published_time\" content=\"2016-12-19T21:04:08+00:00\" \/>\n<meta property=\"article:modified_time\" content=\"2026-09-02T16:56:27+00:00\" \/>\n<meta property=\"og:image\" content=\"https:\/\/aconteceunovale.com.br\/portal\/wp-content\/uploads\/2016\/10\/veredinha_mg.jpg\" \/>\n\t<meta property=\"og:image:width\" content=\"672\" \/>\n\t<meta property=\"og:image:height\" content=\"450\" \/>\n\t<meta property=\"og:image:type\" content=\"image\/jpeg\" \/>\n<meta name=\"author\" content=\"Aconteceu no Vale\" \/>\n<meta name=\"twitter:card\" content=\"summary_large_image\" \/>\n<meta name=\"twitter:creator\" content=\"@noticiadosvales\" \/>\n<meta name=\"twitter:site\" content=\"@noticiadosvales\" \/>\n<meta name=\"twitter:label1\" content=\"Escrito por\" \/>\n\t<meta name=\"twitter:data1\" content=\"Aconteceu no Vale\" \/>\n\t<meta name=\"twitter:label2\" content=\"Est. tempo de leitura\" \/>\n\t<meta name=\"twitter:data2\" content=\"2 minutos\" \/>\n<script type=\"application\/ld+json\" class=\"yoast-schema-graph\">{\"@context\":\"https:\\\/\\\/schema.org\",\"@graph\":[{\"@type\":\"Article\",\"@id\":\"https:\\\/\\\/aconteceunovale.com.br\\\/portal\\\/?p=104587#article\",\"isPartOf\":{\"@id\":\"https:\\\/\\\/aconteceunovale.com.br\\\/portal\\\/?p=104587\"},\"author\":{\"name\":\"Aconteceu no Vale\",\"@id\":\"https:\\\/\\\/aconteceunovale.com.br\\\/portal\\\/#\\\/schema\\\/person\\\/633529146f2c94272bef50ac2953d589\"},\"headline\":\"Prefeitura de Veredinha abre inscri\u00e7\u00f5es para concurso p\u00fablico\",\"datePublished\":\"2016-12-19T21:04:08+00:00\",\"dateModified\":\"2026-09-02T16:56:27+00:00\",\"mainEntityOfPage\":{\"@id\":\"https:\\\/\\\/aconteceunovale.com.br\\\/portal\\\/?p=104587\"},\"wordCount\":311,\"commentCount\":0,\"image\":{\"@id\":\"https:\\\/\\\/aconteceunovale.com.br\\\/portal\\\/?p=104587#primaryimage\"},\"thumbnailUrl\":\"https:\\\/\\\/aconteceunovale.com.br\\\/portal\\\/wp-content\\\/uploads\\\/2016\\\/10\\\/veredinha_mg.jpg\",\"keywords\":[\"Concurso Prefeitura de Veredinha\",\"Edital concurso da Prefeitura de Veredinha\",\"Inscri\u00e7\u00f5es concurso Prefeitura de Veredinha\",\"Prefeitura de Veredinha\",\"Prefeitura de Veredinha abre inscri\u00e7\u00f5es para concurso p\u00fablico\"],\"articleSection\":[\"Concursos\",\"Empregos\",\"Vale do Jequitinhonha\",\"Veredinha\"],\"inLanguage\":\"pt-BR\",\"potentialAction\":[{\"@type\":\"CommentAction\",\"name\":\"Comment\",\"target\":[\"https:\\\/\\\/aconteceunovale.com.br\\\/portal\\\/?p=104587#respond\"]}]},{\"@type\":\"WebPage\",\"@id\":\"https:\\\/\\\/aconteceunovale.com.br\\\/portal\\\/?p=104587\",\"url\":\"https:\\\/\\\/aconteceunovale.com.br\\\/portal\\\/?p=104587\",\"name\":\"Prefeitura de Veredinha abre inscri\u00e7\u00f5es para concurso p\u00fablico - Aconteceu no Vale\",\"isPartOf\":{\"@id\":\"https:\\\/\\\/aconteceunovale.com.br\\\/portal\\\/#website\"},\"primaryImageOfPage\":{\"@id\":\"https:\\\/\\\/aconteceunovale.com.br\\\/portal\\\/?p=104587#primaryimage\"},\"image\":{\"@id\":\"https:\\\/\\\/aconteceunovale.com.br\\\/portal\\\/?p=104587#primaryimage\"},\"thumbnailUrl\":\"https:\\\/\\\/aconteceunovale.com.br\\\/portal\\\/wp-content\\\/uploads\\\/2016\\\/10\\\/veredinha_mg.jpg\",\"datePublished\":\"2016-12-19T21:04:08+00:00\",\"dateModified\":\"2026-09-02T16:56:27+00:00\",\"author\":{\"@id\":\"https:\\\/\\\/aconteceunovale.com.br\\\/portal\\\/#\\\/schema\\\/person\\\/633529146f2c94272bef50ac2953d589\"},\"breadcrumb\":{\"@id\":\"https:\\\/\\\/aconteceunovale.com.br\\\/portal\\\/?p=104587#breadcrumb\"},\"inLanguage\":\"pt-BR\",\"potentialAction\":[{\"@type\":\"ReadAction\",\"target\":[\"https:\\\/\\\/aconteceunovale.com.br\\\/portal\\\/?p=104587\"]}]},{\"@type\":\"ImageObject\",\"inLanguage\":\"pt-BR\",\"@id\":\"https:\\\/\\\/aconteceunovale.com.br\\\/portal\\\/?p=104587#primaryimage\",\"url\":\"https:\\\/\\\/aconteceunovale.com.br\\\/portal\\\/wp-content\\\/uploads\\\/2016\\\/10\\\/veredinha_mg.jpg\",\"contentUrl\":\"https:\\\/\\\/aconteceunovale.com.br\\\/portal\\\/wp-content\\\/uploads\\\/2016\\\/10\\\/veredinha_mg.jpg\",\"width\":672,\"height\":450},{\"@type\":\"BreadcrumbList\",\"@id\":\"https:\\\/\\\/aconteceunovale.com.br\\\/portal\\\/?p=104587#breadcrumb\",\"itemListElement\":[{\"@type\":\"ListItem\",\"position\":1,\"name\":\"In\u00edcio\",\"item\":\"https:\\\/\\\/aconteceunovale.com.br\\\/portal\\\/\"},{\"@type\":\"ListItem\",\"position\":2,\"name\":\"Prefeitura de Veredinha abre inscri\u00e7\u00f5es para concurso p\u00fablico\"}]},{\"@type\":\"WebSite\",\"@id\":\"https:\\\/\\\/aconteceunovale.com.br\\\/portal\\\/#website\",\"url\":\"https:\\\/\\\/aconteceunovale.com.br\\\/portal\\\/\",\"name\":\"Aconteceu no Vale\",\"description\":\"Portal de Not\u00edcias\",\"potentialAction\":[{\"@type\":\"SearchAction\",\"target\":{\"@type\":\"EntryPoint\",\"urlTemplate\":\"https:\\\/\\\/aconteceunovale.com.br\\\/portal\\\/?s={search_term_string}\"},\"query-input\":{\"@type\":\"PropertyValueSpecification\",\"valueRequired\":true,\"valueName\":\"search_term_string\"}}],\"inLanguage\":\"pt-BR\"},{\"@type\":\"Person\",\"@id\":\"https:\\\/\\\/aconteceunovale.com.br\\\/portal\\\/#\\\/schema\\\/person\\\/633529146f2c94272bef50ac2953d589\",\"name\":\"Aconteceu no Vale\",\"description\":\"Equipe de reportagem do Aconteceu no Vale, portal de not\u00edcias do Vale do Jequitinhonha, em Minas Gerais. Cobrimos as 51 cidades do Vale desde 2013. Sugest\u00f5es de pauta e pedidos de corre\u00e7\u00e3o: contato@aconteceunovale.com.br\",\"sameAs\":[\"http:\\\/\\\/www.aconteceunovale.com.br\"],\"url\":\"https:\\\/\\\/aconteceunovale.com.br\\\/portal\\\/?author=1\"}]}<\/script>\n<!-- \/ Yoast SEO plugin. -->","yoast_head_json":{"title":"Prefeitura de Veredinha abre inscri\u00e7\u00f5es para concurso p\u00fablico - Aconteceu no Vale","robots":{"index":"index","follow":"follow","max-snippet":"max-snippet:-1","max-image-preview":"max-image-preview:large","max-video-preview":"max-video-preview:-1"},"canonical":"https:\/\/aconteceunovale.com.br\/portal\/?p=104587","og_locale":"pt_BR","og_type":"article","og_title":"Prefeitura de Veredinha abre inscri\u00e7\u00f5es para concurso p\u00fablico - Aconteceu no Vale","og_description":"A Prefeitura de Veredinha, no Vale do Jequitinhonha, abriu inscri\u00e7\u00f5es na manh\u00e3 desta segunda feira, dia 19 de dezembro de 2016, o concurso p\u00fablico destinado provimento de 55 vagas. Podem participar profissionais de todos os n\u00edveis de ensino, os quais, em sendo aprovados e nomeados, receber\u00e3o vencimentos variados entre R$ 880,00 e R$ 4.649,94. O [&hellip;]","og_url":"https:\/\/aconteceunovale.com.br\/portal\/?p=104587","og_site_name":"Aconteceu no Vale","article_publisher":"https:\/\/www.facebook.com\/aconteceunovale\/","article_published_time":"2016-12-19T21:04:08+00:00","article_modified_time":"2026-09-02T16:56:27+00:00","og_image":[{"width":672,"height":450,"url":"https:\/\/aconteceunovale.com.br\/portal\/wp-content\/uploads\/2016\/10\/veredinha_mg.jpg","type":"image\/jpeg"}],"author":"Aconteceu no Vale","twitter_card":"summary_large_image","twitter_creator":"@noticiadosvales","twitter_site":"@noticiadosvales","twitter_misc":{"Escrito por":"Aconteceu no Vale","Est. tempo de leitura":"2 minutos"},"schema":{"@context":"https:\/\/schema.org","@graph":[{"@type":"Article","@id":"https:\/\/aconteceunovale.com.br\/portal\/?p=104587#article","isPartOf":{"@id":"https:\/\/aconteceunovale.com.br\/portal\/?p=104587"},"author":{"name":"Aconteceu no Vale","@id":"https:\/\/aconteceunovale.com.br\/portal\/#\/schema\/person\/633529146f2c94272bef50ac2953d589"},"headline":"Prefeitura de Veredinha abre inscri\u00e7\u00f5es para concurso p\u00fablico","datePublished":"2016-12-19T21:04:08+00:00","dateModified":"2026-09-02T16:56:27+00:00","mainEntityOfPage":{"@id":"https:\/\/aconteceunovale.com.br\/portal\/?p=104587"},"wordCount":311,"commentCount":0,"image":{"@id":"https:\/\/aconteceunovale.com.br\/portal\/?p=104587#primaryimage"},"thumbnailUrl":"https:\/\/aconteceunovale.com.br\/portal\/wp-content\/uploads\/2016\/10\/veredinha_mg.jpg","keywords":["Concurso Prefeitura de Veredinha","Edital concurso da Prefeitura de Veredinha","Inscri\u00e7\u00f5es concurso Prefeitura de Veredinha","Prefeitura de Veredinha","Prefeitura de Veredinha abre inscri\u00e7\u00f5es para concurso p\u00fablico"],"articleSection":["Concursos","Empregos","Vale do Jequitinhonha","Veredinha"],"inLanguage":"pt-BR","potentialAction":[{"@type":"CommentAction","name":"Comment","target":["https:\/\/aconteceunovale.com.br\/portal\/?p=104587#respond"]}]},{"@type":"WebPage","@id":"https:\/\/aconteceunovale.com.br\/portal\/?p=104587","url":"https:\/\/aconteceunovale.com.br\/portal\/?p=104587","name":"Prefeitura de Veredinha abre inscri\u00e7\u00f5es para concurso p\u00fablico - Aconteceu no Vale","isPartOf":{"@id":"https:\/\/aconteceunovale.com.br\/portal\/#website"},"primaryImageOfPage":{"@id":"https:\/\/aconteceunovale.com.br\/portal\/?p=104587#primaryimage"},"image":{"@id":"https:\/\/aconteceunovale.com.br\/portal\/?p=104587#primaryimage"},"thumbnailUrl":"https:\/\/aconteceunovale.com.br\/portal\/wp-content\/uploads\/2016\/10\/veredinha_mg.jpg","datePublished":"2016-12-19T21:04:08+00:00","dateModified":"2026-09-02T16:56:27+00:00","author":{"@id":"https:\/\/aconteceunovale.com.br\/portal\/#\/schema\/person\/633529146f2c94272bef50ac2953d589"},"breadcrumb":{"@id":"https:\/\/aconteceunovale.com.br\/portal\/?p=104587#breadcrumb"},"inLanguage":"pt-BR","potentialAction":[{"@type":"ReadAction","target":["https:\/\/aconteceunovale.com.br\/portal\/?p=104587"]}]},{"@type":"ImageObject","inLanguage":"pt-BR","@id":"https:\/\/aconteceunovale.com.br\/portal\/?p=104587#primaryimage","url":"https:\/\/aconteceunovale.com.br\/portal\/wp-content\/uploads\/2016\/10\/veredinha_mg.jpg","contentUrl":"https:\/\/aconteceunovale.com.br\/portal\/wp-content\/uploads\/2016\/10\/veredinha_mg.jpg","width":672,"height":450},{"@type":"BreadcrumbList","@id":"https:\/\/aconteceunovale.com.br\/portal\/?p=104587#breadcrumb","itemListElement":[{"@type":"ListItem","position":1,"name":"In\u00edcio","item":"https:\/\/aconteceunovale.com.br\/portal\/"},{"@type":"ListItem","position":2,"name":"Prefeitura de Veredinha abre inscri\u00e7\u00f5es para concurso p\u00fablico"}]},{"@type":"WebSite","@id":"https:\/\/aconteceunovale.com.br\/portal\/#website","url":"https:\/\/aconteceunovale.com.br\/portal\/","name":"Aconteceu no Vale","description":"Portal de Not\u00edcias","potentialAction":[{"@type":"SearchAction","target":{"@type":"EntryPoint","urlTemplate":"https:\/\/aconteceunovale.com.br\/portal\/?s={search_term_string}"},"query-input":{"@type":"PropertyValueSpecification","valueRequired":true,"valueName":"search_term_string"}}],"inLanguage":"pt-BR"},{"@type":"Person","@id":"https:\/\/aconteceunovale.com.br\/portal\/#\/schema\/person\/633529146f2c94272bef50ac2953d589","name":"Aconteceu no Vale","description":"Equipe de reportagem do Aconteceu no Vale, portal de not\u00edcias do Vale do Jequitinhonha, em Minas Gerais. Cobrimos as 51 cidades do Vale desde 2013. Sugest\u00f5es de pauta e pedidos de corre\u00e7\u00e3o: contato@aconteceunovale.com.br","sameAs":["http:\/\/www.aconteceunovale.com.br"],"url":"https:\/\/aconteceunovale.com.br\/portal\/?author=1"}]}},"_links":{"self":[{"href":"https:\/\/aconteceunovale.com.br\/portal\/index.php?rest_route=\/wp\/v2\/posts\/104587","targetHints":{"allow":["GET"]}}],"collection":[{"href":"https:\/\/aconteceunovale.com.br\/portal\/index.php?rest_route=\/wp\/v2\/posts"}],"about":[{"href":"https:\/\/aconteceunovale.com.br\/portal\/index.php?rest_route=\/wp\/v2\/types\/post"}],"author":[{"embeddable":true,"href":"https:\/\/aconteceunovale.com.br\/portal\/index.php?rest_route=\/wp\/v2\/users\/1"}],"replies":[{"embeddable":true,"href":"https:\/\/aconteceunovale.com.br\/portal\/index.php?rest_route=%2Fwp%2Fv2%2Fcomments&post=104587"}],"version-history":[{"count":1,"href":"https:\/\/aconteceunovale.com.br\/portal\/index.php?rest_route=\/wp\/v2\/posts\/104587\/revisions"}],"predecessor-version":[{"id":201995,"href":"https:\/\/aconteceunovale.com.br\/portal\/index.php?rest_route=\/wp\/v2\/posts\/104587\/revisions\/201995"}],"wp:featuredmedia":[{"embeddable":true,"href":"https:\/\/aconteceunovale.com.br\/portal\/index.php?rest_route=\/wp\/v2\/media\/98919"}],"wp:attachment":[{"href":"https:\/\/aconteceunovale.com.br\/portal\/index.php?rest_route=%2Fwp%2Fv2%2Fmedia&parent=104587"}],"wp:term":[{"taxonomy":"category","embeddable":true,"href":"https:\/\/aconteceunovale.com.br\/portal\/index.php?rest_route=%2Fwp%2Fv2%2Fcategories&post=104587"},{"taxonomy":"post_tag","embeddable":true,"href":"https:\/\/aconteceunovale.com.br\/portal\/index.php?rest_route=%2Fwp%2Fv2%2Ftags&post=104587"}],"curies":[{"name":"wp","href":"https:\/\/api.w.org\/{rel}","templated":true}]}}