{"id":104573,"date":"2016-12-19T18:18:09","date_gmt":"2016-12-19T20:18:09","guid":{"rendered":"http:\/\/aconteceunovale.com.br\/portal\/?p=104573"},"modified":"2016-12-19T18:18:09","modified_gmt":"2016-12-19T20:18:09","slug":"sergio-moro-aceita-mais-uma-denuncia-contra-lula-na-operacao-lava-jato","status":"publish","type":"post","link":"https:\/\/aconteceunovale.com.br\/portal\/?p=104573","title":{"rendered":"S\u00e9rgio Moro aceita mais uma den\u00fancia contra Lula na Opera\u00e7\u00e3o Lava Jato"},"content":{"rendered":"<p>O juiz federal S\u00e9rgio Moro aceitou hoje (19\/12\/2016) mais uma den\u00fancia da for\u00e7a-tarefa da Opera\u00e7\u00e3o Lava Jato contra o ex-presidente Luiz In\u00e1cio Lula da Silva. Com a decis\u00e3o, Lula se torna r\u00e9u pelos crimes de corrup\u00e7\u00e3o passiva e lavagem de dinheiro. Outras oito pessoas tamb\u00e9m foram denunciadas, entre elas o advogado de Lula, Roberto Teixeira, a ex-primeira-dama Marisa Let\u00edcia, al\u00e9m de Marcelo Odebrecht, ex-presidente do grupo Odebrecht.<\/p>\n<p>Com a decis\u00e3o, Lula passa a ser r\u00e9u em cinco a\u00e7\u00f5es penais. O ex-presidente j\u00e1 responde a tr\u00eas a\u00e7\u00f5es penais na Justi\u00e7a Federal em Bras\u00edlia. Uma pela suposta participa\u00e7\u00e3o na compra do sil\u00eancio do ex-diretor da Petrobras Nestor Cerver\u00f3, outra na Opera\u00e7\u00e3o Zelotes pelos crimes de tr\u00e1fico de influ\u00eancia, lavagem de dinheiro e organiza\u00e7\u00e3o criminosa e uma terceira por supostos desvios no BNDES. Na quarta, que tramita sob a condu\u00e7\u00e3o de S\u00e9rgio Moro, o ex-presidente \u00e9 acusado de receber R$ 3,7 milh\u00f5es da Odebrecht.<\/p>\n<p>De acordo com a den\u00fancia aceita hoje, Lula participou de um esquema para desviar entre 2% e 3% dos valores de contratos assinados entre a Odebrecht e a Petrobras. A cifra total dos desvios ultrapassaria R$ 75 milh\u00f5es.<\/p>\n<p>Segundo os investigadores, uma das formas de o ex-presidente receber a propina se deu por meio da compra e manuten\u00e7\u00e3o da sede do Instituto Lula, em S\u00e3o Paulo, pela Construtora Norberto Odebrecht. O neg\u00f3cio de mais de R$ 12 milh\u00f5es teria sido fechado com a intermedia\u00e7\u00e3o do ex-ministro Antonio Palocci e de seu assessor, Branislav Kontic, tamb\u00e9m denunciados.<\/p>\n<p>A den\u00fancia afirma ainda que uma cobertura vizinha \u00e0 que Lula mora em S\u00e3o Bernardo do Campo foi comprada pela Odebrecht por R$ 504 mil e dada ao ex-presidente. Segundo as investiga\u00e7\u00f5es, Glaucos da Costamarques, parente de Jos\u00e9 Carlos Bumlai, pecuarista e amigo de Lula, teria atuado como laranja.<\/p>\n<p>Em nota, a defesa de Lula e Marisa Let\u00edcia reafirma que o casal jamais foi beneficiado com os im\u00f3veis indicados na den\u00fancia e nunca recebeu vantagens indevidas oriundas de contratos da Petrobras.<\/p>\n<p>De acordo com os advogados, o recebimento da den\u00fancia pelo juiz S\u00e9rgio Moro &#8220;refor\u00e7a a realidade de que agentes do Estado, sem qualquer isen\u00e7\u00e3o, usam processos judiciais para perseguir Lula&#8221;<\/p>\n<p>&#8220;O que se observa \u00e9 a \u00e2nsia desmesurada e crescente de prover acusa\u00e7\u00f5es a Lula em tempo recorde. A den\u00fancia hoje recebida \u00e9 proveniente de um inqu\u00e9rito policial no qual o ex-presidente e seu advogado tiveram apenas dois dias para se manifestar e em menos de um dia \u00fatil j\u00e1 estavam indiciados. A den\u00fancia foi oferecida tr\u00eas dias \u00fateis depois e o recebimento da pe\u00e7a acusat\u00f3ria se deu quatro dias \u00fateis depois&#8221;, diz trecho da nota.<\/p>\n<p>O Instituto Lula tamb\u00e9m se manifestou em nota, reafirmando que nunca teve outra sede a n\u00e3o ser o sobrado onde funciona at\u00e9 hoje, adquirido em 1990 pelo Instituto de Pesquisas e Estudos do Trabalhador (Ipet). &#8220;O instituto sempre recebeu doa\u00e7\u00f5es legais, declaradas e dentro da lei. O ex-presidente Lula nunca solicitou vantagens indevidas e sempre agiu dentro da lei antes, durante e depois da Presid\u00eancia da Rep\u00fablica&#8221;.<\/p>\n<p>Segundo o texto, &#8220;a Lava Jato, que come\u00e7ou investigando desvios na Petrobras, se tornou uma persegui\u00e7\u00e3o ao ex-presidente Lula, aceitando a\u00e7\u00f5es capengas e sem provas sobre um apartamento que o ex-presidente aluga e um terreno que jamais foi pedido ou usado pelo Instituto Lula para justificar uma persegui\u00e7\u00e3o pol\u00edtica, que tem como objetivo impedir que Lula seja candidato em 2018. O ex-presidente continuar\u00e1 a se defender na Justi\u00e7a&#8221;. (Ag\u00eancia Brasil)<\/p>\n","protected":false},"excerpt":{"rendered":"<p>O juiz federal S\u00e9rgio Moro aceitou hoje (19\/12\/2016) mais uma den\u00fancia da for\u00e7a-tarefa da Opera\u00e7\u00e3o Lava Jato contra o ex-presidente Luiz In\u00e1cio Lula da Silva. Com a decis\u00e3o, Lula se torna r\u00e9u pelos crimes de corrup\u00e7\u00e3o passiva e lavagem de dinheiro. Outras oito pessoas tamb\u00e9m foram denunciadas, entre elas o advogado de Lula, Roberto Teixeira, [&hellip;]<\/p>\n","protected":false},"author":1,"featured_media":104574,"comment_status":"open","ping_status":"closed","sticky":false,"template":"","format":"standard","meta":{"amp_status":"","footnotes":""},"categories":[6,40240],"tags":[21883,131190,131191,1018,131193,83065,27144,14124,7147,87496,81544,75870,67338,18095,131192,35052,131189],"class_list":["post-104573","post","type-post","status-publish","format-standard","has-post-thumbnail","hentry","category-br","category-politica","tag-denuncia","tag-denuncia-contra-lula-na-operacao-lava-jato","tag-denuncia-da-forca-tarefa-da-operacao-lava-jato-contra-o-ex-presidente-luiz-inacio-lula-da-silva","tag-destaque","tag-ex-presidente-do-grupo-odebrecht","tag-juiz-federal-sergio-moro","tag-lava-jato","tag-luiz-inacio-lula-da-silva","tag-lula","tag-lula-na-operacao-lava-jato","tag-marcelo-odebrecht","tag-marisa-leticia","tag-nestor-cervero","tag-operacao-lava-jato","tag-roberto-teixeira","tag-sergio-moro","tag-sergio-moro-aceita-mais-uma-denuncia-contra-lula-na-operacao-lava-jato"],"yoast_head":"<!-- This site is optimized with the Yoast SEO plugin v28.3 - https:\/\/yoast.com\/product\/yoast-seo-wordpress\/ -->\n<title>S\u00e9rgio Moro aceita mais uma den\u00fancia contra Lula na Opera\u00e7\u00e3o Lava Jato - Aconteceu no Vale<\/title>\n<meta name=\"robots\" content=\"index, follow, max-snippet:-1, max-image-preview:large, max-video-preview:-1\" \/>\n<link rel=\"canonical\" href=\"https:\/\/aconteceunovale.com.br\/portal\/?p=104573\" \/>\n<meta property=\"og:locale\" content=\"pt_BR\" \/>\n<meta property=\"og:type\" content=\"article\" \/>\n<meta property=\"og:title\" content=\"S\u00e9rgio Moro aceita mais uma den\u00fancia contra Lula na Opera\u00e7\u00e3o Lava Jato - Aconteceu no Vale\" \/>\n<meta property=\"og:description\" content=\"O juiz federal S\u00e9rgio Moro aceitou hoje (19\/12\/2016) mais uma den\u00fancia da for\u00e7a-tarefa da Opera\u00e7\u00e3o Lava Jato contra o ex-presidente Luiz In\u00e1cio Lula da Silva. Com a decis\u00e3o, Lula se torna r\u00e9u pelos crimes de corrup\u00e7\u00e3o passiva e lavagem de dinheiro. Outras oito pessoas tamb\u00e9m foram denunciadas, entre elas o advogado de Lula, Roberto Teixeira, [&hellip;]\" \/>\n<meta property=\"og:url\" content=\"https:\/\/aconteceunovale.com.br\/portal\/?p=104573\" \/>\n<meta property=\"og:site_name\" content=\"Aconteceu no Vale\" \/>\n<meta property=\"article:publisher\" content=\"https:\/\/www.facebook.com\/aconteceunovale\/\" \/>\n<meta property=\"article:published_time\" content=\"2016-12-19T20:18:09+00:00\" \/>\n<meta property=\"og:image\" content=\"https:\/\/aconteceunovale.com.br\/portal\/wp-content\/uploads\/2016\/12\/lula_moro.jpg\" \/>\n\t<meta property=\"og:image:width\" content=\"678\" \/>\n\t<meta property=\"og:image:height\" content=\"381\" \/>\n\t<meta property=\"og:image:type\" content=\"image\/jpeg\" \/>\n<meta name=\"author\" content=\"Aconteceu no Vale\" \/>\n<meta name=\"twitter:card\" content=\"summary_large_image\" \/>\n<meta name=\"twitter:creator\" content=\"@noticiadosvales\" \/>\n<meta name=\"twitter:site\" content=\"@noticiadosvales\" \/>\n<meta name=\"twitter:label1\" content=\"Escrito por\" \/>\n\t<meta name=\"twitter:data1\" content=\"Aconteceu no Vale\" \/>\n\t<meta name=\"twitter:label2\" content=\"Est. tempo de leitura\" \/>\n\t<meta name=\"twitter:data2\" content=\"3 minutos\" \/>\n<script type=\"application\/ld+json\" class=\"yoast-schema-graph\">{\"@context\":\"https:\\\/\\\/schema.org\",\"@graph\":[{\"@type\":\"Article\",\"@id\":\"https:\\\/\\\/aconteceunovale.com.br\\\/portal\\\/?p=104573#article\",\"isPartOf\":{\"@id\":\"https:\\\/\\\/aconteceunovale.com.br\\\/portal\\\/?p=104573\"},\"author\":{\"name\":\"Aconteceu no Vale\",\"@id\":\"https:\\\/\\\/aconteceunovale.com.br\\\/portal\\\/#\\\/schema\\\/person\\\/633529146f2c94272bef50ac2953d589\"},\"headline\":\"S\u00e9rgio Moro aceita mais uma den\u00fancia contra Lula na Opera\u00e7\u00e3o Lava Jato\",\"datePublished\":\"2016-12-19T20:18:09+00:00\",\"mainEntityOfPage\":{\"@id\":\"https:\\\/\\\/aconteceunovale.com.br\\\/portal\\\/?p=104573\"},\"wordCount\":637,\"commentCount\":0,\"image\":{\"@id\":\"https:\\\/\\\/aconteceunovale.com.br\\\/portal\\\/?p=104573#primaryimage\"},\"thumbnailUrl\":\"https:\\\/\\\/aconteceunovale.com.br\\\/portal\\\/wp-content\\\/uploads\\\/2016\\\/12\\\/lula_moro.jpg\",\"keywords\":[\"den\u00fancia\",\"Den\u00fancia contra Lula na Opera\u00e7\u00e3o Lava Jato\",\"den\u00fancia da for\u00e7a-tarefa da Opera\u00e7\u00e3o Lava Jato contra o ex-presidente Luiz In\u00e1cio Lula da Silva\",\"destaque\",\"ex-presidente do grupo Odebrecht\",\"juiz federal S\u00e9rgio Moro\",\"Lava Jato\",\"Luiz In\u00e1cio Lula da Silva\",\"Lula\",\"Lula na Opera\u00e7\u00e3o Lava Jato\",\"Marcelo Odebrecht\",\"Marisa Let\u00edcia\",\"Nestor Cerver\u00f3\",\"Opera\u00e7\u00e3o Lava-Jato\",\"Roberto Teixeira\",\"Sergio Moro\",\"S\u00e9rgio Moro aceita mais uma den\u00fancia contra Lula na Opera\u00e7\u00e3o Lava Jato\"],\"articleSection\":[\"Brasil\",\"Pol\u00edtica\"],\"inLanguage\":\"pt-BR\",\"potentialAction\":[{\"@type\":\"CommentAction\",\"name\":\"Comment\",\"target\":[\"https:\\\/\\\/aconteceunovale.com.br\\\/portal\\\/?p=104573#respond\"]}]},{\"@type\":\"WebPage\",\"@id\":\"https:\\\/\\\/aconteceunovale.com.br\\\/portal\\\/?p=104573\",\"url\":\"https:\\\/\\\/aconteceunovale.com.br\\\/portal\\\/?p=104573\",\"name\":\"S\u00e9rgio Moro aceita mais uma den\u00fancia contra Lula na Opera\u00e7\u00e3o Lava Jato - Aconteceu no Vale\",\"isPartOf\":{\"@id\":\"https:\\\/\\\/aconteceunovale.com.br\\\/portal\\\/#website\"},\"primaryImageOfPage\":{\"@id\":\"https:\\\/\\\/aconteceunovale.com.br\\\/portal\\\/?p=104573#primaryimage\"},\"image\":{\"@id\":\"https:\\\/\\\/aconteceunovale.com.br\\\/portal\\\/?p=104573#primaryimage\"},\"thumbnailUrl\":\"https:\\\/\\\/aconteceunovale.com.br\\\/portal\\\/wp-content\\\/uploads\\\/2016\\\/12\\\/lula_moro.jpg\",\"datePublished\":\"2016-12-19T20:18:09+00:00\",\"author\":{\"@id\":\"https:\\\/\\\/aconteceunovale.com.br\\\/portal\\\/#\\\/schema\\\/person\\\/633529146f2c94272bef50ac2953d589\"},\"breadcrumb\":{\"@id\":\"https:\\\/\\\/aconteceunovale.com.br\\\/portal\\\/?p=104573#breadcrumb\"},\"inLanguage\":\"pt-BR\",\"potentialAction\":[{\"@type\":\"ReadAction\",\"target\":[\"https:\\\/\\\/aconteceunovale.com.br\\\/portal\\\/?p=104573\"]}]},{\"@type\":\"ImageObject\",\"inLanguage\":\"pt-BR\",\"@id\":\"https:\\\/\\\/aconteceunovale.com.br\\\/portal\\\/?p=104573#primaryimage\",\"url\":\"https:\\\/\\\/aconteceunovale.com.br\\\/portal\\\/wp-content\\\/uploads\\\/2016\\\/12\\\/lula_moro.jpg\",\"contentUrl\":\"https:\\\/\\\/aconteceunovale.com.br\\\/portal\\\/wp-content\\\/uploads\\\/2016\\\/12\\\/lula_moro.jpg\",\"width\":678,\"height\":381},{\"@type\":\"BreadcrumbList\",\"@id\":\"https:\\\/\\\/aconteceunovale.com.br\\\/portal\\\/?p=104573#breadcrumb\",\"itemListElement\":[{\"@type\":\"ListItem\",\"position\":1,\"name\":\"In\u00edcio\",\"item\":\"https:\\\/\\\/aconteceunovale.com.br\\\/portal\\\/\"},{\"@type\":\"ListItem\",\"position\":2,\"name\":\"S\u00e9rgio Moro aceita mais uma den\u00fancia contra Lula na Opera\u00e7\u00e3o Lava Jato\"}]},{\"@type\":\"WebSite\",\"@id\":\"https:\\\/\\\/aconteceunovale.com.br\\\/portal\\\/#website\",\"url\":\"https:\\\/\\\/aconteceunovale.com.br\\\/portal\\\/\",\"name\":\"Aconteceu no Vale\",\"description\":\"Portal de Not\u00edcias\",\"potentialAction\":[{\"@type\":\"SearchAction\",\"target\":{\"@type\":\"EntryPoint\",\"urlTemplate\":\"https:\\\/\\\/aconteceunovale.com.br\\\/portal\\\/?s={search_term_string}\"},\"query-input\":{\"@type\":\"PropertyValueSpecification\",\"valueRequired\":true,\"valueName\":\"search_term_string\"}}],\"inLanguage\":\"pt-BR\"},{\"@type\":\"Person\",\"@id\":\"https:\\\/\\\/aconteceunovale.com.br\\\/portal\\\/#\\\/schema\\\/person\\\/633529146f2c94272bef50ac2953d589\",\"name\":\"Aconteceu no Vale\",\"description\":\"Equipe de reportagem do Aconteceu no Vale, portal de not\u00edcias do Vale do Jequitinhonha, em Minas Gerais. Cobrimos as 51 cidades do Vale desde 2013. Sugest\u00f5es de pauta e pedidos de corre\u00e7\u00e3o: contato@aconteceunovale.com.br\",\"sameAs\":[\"http:\\\/\\\/www.aconteceunovale.com.br\"],\"url\":\"https:\\\/\\\/aconteceunovale.com.br\\\/portal\\\/?author=1\"}]}<\/script>\n<!-- \/ Yoast SEO plugin. -->","yoast_head_json":{"title":"S\u00e9rgio Moro aceita mais uma den\u00fancia contra Lula na Opera\u00e7\u00e3o Lava Jato - Aconteceu no Vale","robots":{"index":"index","follow":"follow","max-snippet":"max-snippet:-1","max-image-preview":"max-image-preview:large","max-video-preview":"max-video-preview:-1"},"canonical":"https:\/\/aconteceunovale.com.br\/portal\/?p=104573","og_locale":"pt_BR","og_type":"article","og_title":"S\u00e9rgio Moro aceita mais uma den\u00fancia contra Lula na Opera\u00e7\u00e3o Lava Jato - Aconteceu no Vale","og_description":"O juiz federal S\u00e9rgio Moro aceitou hoje (19\/12\/2016) mais uma den\u00fancia da for\u00e7a-tarefa da Opera\u00e7\u00e3o Lava Jato contra o ex-presidente Luiz In\u00e1cio Lula da Silva. Com a decis\u00e3o, Lula se torna r\u00e9u pelos crimes de corrup\u00e7\u00e3o passiva e lavagem de dinheiro. Outras oito pessoas tamb\u00e9m foram denunciadas, entre elas o advogado de Lula, Roberto Teixeira, [&hellip;]","og_url":"https:\/\/aconteceunovale.com.br\/portal\/?p=104573","og_site_name":"Aconteceu no Vale","article_publisher":"https:\/\/www.facebook.com\/aconteceunovale\/","article_published_time":"2016-12-19T20:18:09+00:00","og_image":[{"width":678,"height":381,"url":"https:\/\/aconteceunovale.com.br\/portal\/wp-content\/uploads\/2016\/12\/lula_moro.jpg","type":"image\/jpeg"}],"author":"Aconteceu no Vale","twitter_card":"summary_large_image","twitter_creator":"@noticiadosvales","twitter_site":"@noticiadosvales","twitter_misc":{"Escrito por":"Aconteceu no Vale","Est. tempo de leitura":"3 minutos"},"schema":{"@context":"https:\/\/schema.org","@graph":[{"@type":"Article","@id":"https:\/\/aconteceunovale.com.br\/portal\/?p=104573#article","isPartOf":{"@id":"https:\/\/aconteceunovale.com.br\/portal\/?p=104573"},"author":{"name":"Aconteceu no Vale","@id":"https:\/\/aconteceunovale.com.br\/portal\/#\/schema\/person\/633529146f2c94272bef50ac2953d589"},"headline":"S\u00e9rgio Moro aceita mais uma den\u00fancia contra Lula na Opera\u00e7\u00e3o Lava Jato","datePublished":"2016-12-19T20:18:09+00:00","mainEntityOfPage":{"@id":"https:\/\/aconteceunovale.com.br\/portal\/?p=104573"},"wordCount":637,"commentCount":0,"image":{"@id":"https:\/\/aconteceunovale.com.br\/portal\/?p=104573#primaryimage"},"thumbnailUrl":"https:\/\/aconteceunovale.com.br\/portal\/wp-content\/uploads\/2016\/12\/lula_moro.jpg","keywords":["den\u00fancia","Den\u00fancia contra Lula na Opera\u00e7\u00e3o Lava Jato","den\u00fancia da for\u00e7a-tarefa da Opera\u00e7\u00e3o Lava Jato contra o ex-presidente Luiz In\u00e1cio Lula da Silva","destaque","ex-presidente do grupo Odebrecht","juiz federal S\u00e9rgio Moro","Lava Jato","Luiz In\u00e1cio Lula da Silva","Lula","Lula na Opera\u00e7\u00e3o Lava Jato","Marcelo Odebrecht","Marisa Let\u00edcia","Nestor Cerver\u00f3","Opera\u00e7\u00e3o Lava-Jato","Roberto Teixeira","Sergio Moro","S\u00e9rgio Moro aceita mais uma den\u00fancia contra Lula na Opera\u00e7\u00e3o Lava Jato"],"articleSection":["Brasil","Pol\u00edtica"],"inLanguage":"pt-BR","potentialAction":[{"@type":"CommentAction","name":"Comment","target":["https:\/\/aconteceunovale.com.br\/portal\/?p=104573#respond"]}]},{"@type":"WebPage","@id":"https:\/\/aconteceunovale.com.br\/portal\/?p=104573","url":"https:\/\/aconteceunovale.com.br\/portal\/?p=104573","name":"S\u00e9rgio Moro aceita mais uma den\u00fancia contra Lula na Opera\u00e7\u00e3o Lava Jato - Aconteceu no Vale","isPartOf":{"@id":"https:\/\/aconteceunovale.com.br\/portal\/#website"},"primaryImageOfPage":{"@id":"https:\/\/aconteceunovale.com.br\/portal\/?p=104573#primaryimage"},"image":{"@id":"https:\/\/aconteceunovale.com.br\/portal\/?p=104573#primaryimage"},"thumbnailUrl":"https:\/\/aconteceunovale.com.br\/portal\/wp-content\/uploads\/2016\/12\/lula_moro.jpg","datePublished":"2016-12-19T20:18:09+00:00","author":{"@id":"https:\/\/aconteceunovale.com.br\/portal\/#\/schema\/person\/633529146f2c94272bef50ac2953d589"},"breadcrumb":{"@id":"https:\/\/aconteceunovale.com.br\/portal\/?p=104573#breadcrumb"},"inLanguage":"pt-BR","potentialAction":[{"@type":"ReadAction","target":["https:\/\/aconteceunovale.com.br\/portal\/?p=104573"]}]},{"@type":"ImageObject","inLanguage":"pt-BR","@id":"https:\/\/aconteceunovale.com.br\/portal\/?p=104573#primaryimage","url":"https:\/\/aconteceunovale.com.br\/portal\/wp-content\/uploads\/2016\/12\/lula_moro.jpg","contentUrl":"https:\/\/aconteceunovale.com.br\/portal\/wp-content\/uploads\/2016\/12\/lula_moro.jpg","width":678,"height":381},{"@type":"BreadcrumbList","@id":"https:\/\/aconteceunovale.com.br\/portal\/?p=104573#breadcrumb","itemListElement":[{"@type":"ListItem","position":1,"name":"In\u00edcio","item":"https:\/\/aconteceunovale.com.br\/portal\/"},{"@type":"ListItem","position":2,"name":"S\u00e9rgio Moro aceita mais uma den\u00fancia contra Lula na Opera\u00e7\u00e3o Lava Jato"}]},{"@type":"WebSite","@id":"https:\/\/aconteceunovale.com.br\/portal\/#website","url":"https:\/\/aconteceunovale.com.br\/portal\/","name":"Aconteceu no Vale","description":"Portal de Not\u00edcias","potentialAction":[{"@type":"SearchAction","target":{"@type":"EntryPoint","urlTemplate":"https:\/\/aconteceunovale.com.br\/portal\/?s={search_term_string}"},"query-input":{"@type":"PropertyValueSpecification","valueRequired":true,"valueName":"search_term_string"}}],"inLanguage":"pt-BR"},{"@type":"Person","@id":"https:\/\/aconteceunovale.com.br\/portal\/#\/schema\/person\/633529146f2c94272bef50ac2953d589","name":"Aconteceu no Vale","description":"Equipe de reportagem do Aconteceu no Vale, portal de not\u00edcias do Vale do Jequitinhonha, em Minas Gerais. Cobrimos as 51 cidades do Vale desde 2013. Sugest\u00f5es de pauta e pedidos de corre\u00e7\u00e3o: contato@aconteceunovale.com.br","sameAs":["http:\/\/www.aconteceunovale.com.br"],"url":"https:\/\/aconteceunovale.com.br\/portal\/?author=1"}]}},"_links":{"self":[{"href":"https:\/\/aconteceunovale.com.br\/portal\/index.php?rest_route=\/wp\/v2\/posts\/104573","targetHints":{"allow":["GET"]}}],"collection":[{"href":"https:\/\/aconteceunovale.com.br\/portal\/index.php?rest_route=\/wp\/v2\/posts"}],"about":[{"href":"https:\/\/aconteceunovale.com.br\/portal\/index.php?rest_route=\/wp\/v2\/types\/post"}],"author":[{"embeddable":true,"href":"https:\/\/aconteceunovale.com.br\/portal\/index.php?rest_route=\/wp\/v2\/users\/1"}],"replies":[{"embeddable":true,"href":"https:\/\/aconteceunovale.com.br\/portal\/index.php?rest_route=%2Fwp%2Fv2%2Fcomments&post=104573"}],"version-history":[{"count":0,"href":"https:\/\/aconteceunovale.com.br\/portal\/index.php?rest_route=\/wp\/v2\/posts\/104573\/revisions"}],"wp:featuredmedia":[{"embeddable":true,"href":"https:\/\/aconteceunovale.com.br\/portal\/index.php?rest_route=\/wp\/v2\/media\/104574"}],"wp:attachment":[{"href":"https:\/\/aconteceunovale.com.br\/portal\/index.php?rest_route=%2Fwp%2Fv2%2Fmedia&parent=104573"}],"wp:term":[{"taxonomy":"category","embeddable":true,"href":"https:\/\/aconteceunovale.com.br\/portal\/index.php?rest_route=%2Fwp%2Fv2%2Fcategories&post=104573"},{"taxonomy":"post_tag","embeddable":true,"href":"https:\/\/aconteceunovale.com.br\/portal\/index.php?rest_route=%2Fwp%2Fv2%2Ftags&post=104573"}],"curies":[{"name":"wp","href":"https:\/\/api.w.org\/{rel}","templated":true}]}}