{"id":104495,"date":"2016-12-17T23:14:02","date_gmt":"2016-12-18T01:14:02","guid":{"rendered":"http:\/\/aconteceunovale.com.br\/portal\/?p=104495"},"modified":"2016-12-17T23:14:02","modified_gmt":"2016-12-18T01:14:02","slug":"diamantina-cancela-tradicional-reveillon-e-outras-cidades-mineiras-cortam-gastos-com-as-festas-de-fim-de-ano","status":"publish","type":"post","link":"https:\/\/aconteceunovale.com.br\/portal\/?p=104495","title":{"rendered":"Diamantina cancela tradicional r\u00e9veillon e outras cidades mineiras cortam gastos com as festas de fim de ano"},"content":{"rendered":"<p>As festas de Natal e Ano Novo ser\u00e3o mais modestas em cidades mineiras, de acordo com algumas prefeituras. Dificuldades financeiras levaram, inclusive, ao cancelamento das comemora\u00e7\u00f5es em Diamantina, conhecida cidade hist\u00f3rica.<\/p>\n<p>Localizada no Vale do Jequitinhonha, o munic\u00edpio n\u00e3o vai realizar o tradicional r\u00e9veillon, batizado de Virada Real, de acordo com a Prefeitura de Diamantina. A festa que atraia turistas para shows e queimas de fogos foi um dos cortes para conseguir terminar o ano com as contas em dia.<\/p>\n<p>\u201cO momento de repasse das contas na mudan\u00e7a de gest\u00e3o, a crise financeira e falta de capta\u00e7\u00e3o pela Lei Rouanet tornaram invi\u00e1vel a realiza\u00e7\u00e3o da festa. Atualmente, a preocupa\u00e7\u00e3o \u00e9 com a folha de pagamento e 13\u00ba sal\u00e1rio\u201d, disse o diretor de A\u00e7\u00e3o Cultural da prefeitura, Ricardo Luizz. Segundo ele, a prefeitura vai terminar 2016 com tudo quitado, sem d\u00edvida para a pr\u00f3xima gest\u00e3o.<\/p>\n<p>Segundo o diretor, a festa levava entre 10 e 15 mil pessoas \u00e0 Pra\u00e7a do Mercado Velho. No alto das Serras dos Cristais, o p\u00fablico se reunia para a queima de fogos. <\/p>\n<p>Neste ano, n\u00e3o houve patroc\u00ednio para iluminar a cidade. &#8220;Diamantina est\u00e1 apagada, \u00e9 o primeiro ano&#8221;, disse Luizz. Contudo, alguns apoios permitiram promover apresenta\u00e7\u00f5es de coral e orquestra na Catedral Metropolitana. Com esta ajuda, a prefeitura &#8220;enxugou&#8221; os gastos e investiu cerca de R$ 15 mil, conforme o diretor.<\/p>\n<p>Na tamb\u00e9m hist\u00f3rica Ouro Preto, a cerca de 90 quil\u00f4metros de Belo Horizonte, a prefeitura n\u00e3o vai apoiar com ilumina\u00e7\u00e3o, palco e banheiros as comemora\u00e7\u00f5es em distritos. \u201cNeste ano, por ser um per\u00edodo de transi\u00e7\u00e3o de governo, os contratos com os fornecedores j\u00e1 foram encerrados e n\u00e3o haver\u00e1 este apoio, pois a administra\u00e7\u00e3o est\u00e1 fechando as contas para encerrar o mandato e fazer a transfer\u00eancia para o novo prefeito sem d\u00e9ficits\u201d, informou a prefeitura.<\/p>\n<p>Ainda segundo a administra\u00e7\u00e3o municipal n\u00e3o ser\u00e3o realizados eventos de Natal. Em 2015, tamb\u00e9m n\u00e3o houve investimentos municipais para a data.<\/p>\n<p>Em Mariana, n\u00e3o h\u00e1 comemora\u00e7\u00f5es no centro hist\u00f3rico. Na cidade, que ficou marcada pelo desastre com a barragem da Samarco, em 2015, o r\u00e9veillon \u00e9 promovido pela prefeitura no distrito Furquim. A localidade fica a cerca de 30 quil\u00f4metros da sede de Mariana. Tradicionalmente, a comunidade se re\u00fane na pra\u00e7a principal.<\/p>\n<p>A administra\u00e7\u00e3o municipal diz que foi preciso reduzir os gastos e a programa\u00e7\u00e3o, que ainda n\u00e3o foi fechada. O investimento informado \u00e9 de R$ 38,5 mil, isto \u00e9, 30% a menos que em 2015, quando foram gastos R$ 55 mil.<\/p>\n<p>\u201cA administra\u00e7\u00e3o municipal realizou diversos ajustes e adotou medidas de conten\u00e7\u00e3o no decorrer do ano para que isso n\u00e3o ocorresse em dezembro. Mesmo com todo o dif\u00edcil cen\u00e1rio vivido atualmente, a prefeitura vai fechar o ano com as contas em dia\u201d, informou em nota.<\/p>\n<p>Os gastos com decora\u00e7\u00e3o natalina foram 70% menor, conforme a prefeitura. Houve apoio da Funda\u00e7\u00e3o Renova, criada para implementar e gerir os programas de repara\u00e7\u00e3o, restaura\u00e7\u00e3o e reconstru\u00e7\u00e3o das regi\u00f5es impactadas pelo rompimento da barragem de Fund\u00e3o. A programa\u00e7\u00e3o recebe o nome de \u201cNatal de Luz\u201d, com visita \u00e0 casa do Papai Noel, shows e oficinas.<\/p>\n<p><img decoding=\"async\" src=\"http:\/\/aconteceunovale.com.br\/portal\/wp-content\/uploads\/2016\/12\/diamantina_mg.jpg\" alt=\"\" \/><em>Vista de Diamantina (Foto: Erildo Ant\u00f4nio Nascimento de Jesus\/Arquivo Pessoal)<\/em><br \/>\n<\/br><\/p>\n<p><strong>Entorno de Belo Horizonte<\/strong><\/p>\n<p>Em Nova Lima, na Regi\u00e3o Metropolitana de Belo Horizonte, a programa\u00e7\u00e3o tamb\u00e9m foi cortada, assim como ano anterior. De acordo com a assessoria da prefeitura, n\u00e3o \u00e9 poss\u00edvel gastar recursos com eventos, diante de prioridades como as \u00e1reas de sa\u00fade e educa\u00e7\u00e3o.<\/p>\n<p>O munic\u00edpio vai fechar o ano \u201cno vermelho\u201d, com uma d\u00edvida de R$ 126 milh\u00f5es relativa ao pagamento da folha do funcionalismo e fornecedores, segundo o Executivo. Ainda conforme a prefeitura, a decora\u00e7\u00e3o de Natal n\u00e3o contou com recursos municipais e foi paga pela iniciativa privada.<\/p>\n<p>Betim, tamb\u00e9m na Grande BH, n\u00e3o tem a tradi\u00e7\u00e3o de promover festas no fim de ano e a prefeitura afirma, que por quest\u00f5es financeiras, nem teria condi\u00e7\u00f5es de realizar. Ainda segundo o munic\u00edpio, uma resolu\u00e7\u00e3o impede investimentos n\u00e3o planejados.<\/p>\n<p>Os esfor\u00e7os s\u00e3o para fechar o ano sem d\u00edvidas. \u201cA Prefeitura de Betim, por meio da Secretaria Municipal da Fazenda, informa que, no momento, ainda n\u00e3o \u00e9 poss\u00edvel informar sobre valores em rela\u00e7\u00e3o ao fechamento do ano. Por\u00e9m, a previs\u00e3o \u00e9 fechar 2016 sem d\u00e9ficit\u201d, diz nota.<\/p>\n<p>Haver\u00e1 decora\u00e7\u00e3o de Natal, com 220 mil l\u00e2mpadas de led instaladas em pontos importantes da cidade, como o Museu Paulo Ara\u00fajo Moreira Gontijo, a Casa da Cultura Josephina Bento, a pra\u00e7a Tiradentes e as igrejas Nossa Senhora do Carmo e Nossa Senhora do Ros\u00e1rio. A prefeitura n\u00e3o informou o valor do investimento e ressaltou que foi estipulado um limite de gasto pela Junta de Execu\u00e7\u00e3o Or\u00e7ament\u00e1ria e Financeira (JEOF), em virtude da crise econ\u00f4mica enfrentada pelo munic\u00edpio.<\/p>\n<p>Em Belo Horizonte, a prefeitura n\u00e3o promove um r\u00e9veillon oficial da cidade, mas d\u00e1 apoio operacional \u00e0s festas abertas que tradicionalmente ocorrem na Lagoa da Pampulha e na Pra\u00e7a da Esta\u00e7\u00e3o.<\/p>\n<p><strong>No Sul de Minas<\/strong><\/p>\n<p>Para contornar a falta de verbas, muitas cidades do Sul de Minas optaram por cortar gastos com as festas de Natal e Ano Novo e buscar parcerias com associa\u00e7\u00f5es comerciais para a realiza\u00e7\u00e3o dos eventos. Mesmo assim, em alguns munic\u00edpios, as comemora\u00e7\u00f5es tiveram que ser cortadas.<\/p>\n<p>Po\u00e7os de Caldas, maior cidade da regi\u00e3o, gastou R$ 1 milh\u00e3o em 2016 e R$ 800 mil agora \u2013 uma redu\u00e7\u00e3o de 20%. A cidade vai contar com programa\u00e7\u00e3o de Natal, com diversos shows e apresenta\u00e7\u00f5es culturais, mas cortou tamb\u00e9m o show de Ano Novo. A virada vai ter apenas queima de fogos, com dura\u00e7\u00e3o de oito minutos.<\/p>\n<p>Em Pouso Alegre, a prefeitura n\u00e3o fez nenhum investimento \u2013 assim como em 2015. A decora\u00e7\u00e3o de Natal feita na pra\u00e7a central da cidade foi feita pela Associa\u00e7\u00e3o Comercial.<\/p>\n<p>Em Varginha, os enfeites tamb\u00e9m foram reaproveitados a fim de reduzir gastos, no entanto a prefeitura n\u00e3o informou os valores. O munic\u00edpio vai contar com uma &#8216;cidade natalina&#8217; na regi\u00e3o central, com decora\u00e7\u00e3o seguindo o tema &#8220;Um Natal de Sonhos&#8221;. Os shows e eventos de fim de ano foram mantidos, assim como o tradicional R\u00e9veillon na Mina.<\/p>\n<p>Em Passos, a prefeitura reutilizou a ilumina\u00e7\u00e3o e decora\u00e7\u00e3o de 2015. Tamb\u00e9m houve corte no or\u00e7amento, mas n\u00e3o foram informados os valores.<\/p>\n<p>Em Tr\u00eas Cora\u00e7\u00f5es, a prefeitura fez uma parceria com a associa\u00e7\u00e3o comercial para cortar gastos. No ano passado, foi feito um investimento de R$ 40 mil. Este ano, os custos ficaram por conta da associa\u00e7\u00e3o. A cidade n\u00e3o tem programa\u00e7\u00e3o oficial para o fim de ano.<\/p>\n<p>J\u00e1 em Lavras n\u00e3o houve investimento para Natal e Ano Novo. As festas foram cortadas devido \u00e0 crise econ\u00f4mica enfrentada pelos munic\u00edpios.<\/p>\n<p>Itajub\u00e1 seguiu o mesmo procedimento. Em 2015, a cidade contou com 10 dias de programa\u00e7\u00e3o art\u00edstica e cultural, mas j\u00e1 n\u00e3o havia tido um evento na virada. Este ano, todas as festividades foram cortadas.<\/p>\n<p><em>(Fonte: G1 Minas e G1 Sul de Minas)<\/em><\/p>\n","protected":false},"excerpt":{"rendered":"<p>As festas de Natal e Ano Novo ser\u00e3o mais modestas em cidades mineiras, de acordo com algumas prefeituras. Dificuldades financeiras levaram, inclusive, ao cancelamento das comemora\u00e7\u00f5es em Diamantina, conhecida cidade hist\u00f3rica. Localizada no Vale do Jequitinhonha, o munic\u00edpio n\u00e3o vai realizar o tradicional r\u00e9veillon, batizado de Virada Real, de acordo com a Prefeitura de Diamantina. [&hellip;]<\/p>\n","protected":false},"author":1,"featured_media":104496,"comment_status":"open","ping_status":"closed","sticky":false,"template":"","format":"standard","meta":{"amp_status":"","footnotes":""},"categories":[125,123,120],"tags":[194,1495,130977,130982,72613,130976,1018,198,130983,130975,1544,207,7363,1496,211,213,215,216,31299,130978,130980,130981,1507,223,130979],"class_list":["post-104495","post","type-post","status-publish","format-standard","has-post-thumbnail","hentry","category-noticias","category-gerais","category-jequi","tag-belo-horizonte","tag-betim","tag-cancelamento-reveillon-em-diamantina","tag-cidades-do-sul-de-minas-optaram-por-cortar-gastos-com-as-festas-de-natal-e-ano-novo","tag-crise-em-minas-gerais","tag-crise-nas-cidades-mineiras","tag-destaque","tag-diamantina","tag-diamantina-cancela-tradicional-reveillon-e-outras-cidades-mineiras-cortam-gastos-com-as-festas-de-fim-de-ano","tag-festas-de-natal-e-ano-novo-serao-mais-modestas-em-cidades-mineiras","tag-itajuba","tag-lavras","tag-mariana","tag-nova-lima","tag-ouro-preto","tag-passos","tag-pocos-de-caldas","tag-pouso-alegre","tag-prefeitura-de-diamantina","tag-reveillon-em-diamantina","tag-ricardo-luizz","tag-serras-dos-cristais","tag-tres-coracoes","tag-varginha","tag-virada-real"],"_links":{"self":[{"href":"https:\/\/aconteceunovale.com.br\/portal\/index.php?rest_route=\/wp\/v2\/posts\/104495","targetHints":{"allow":["GET"]}}],"collection":[{"href":"https:\/\/aconteceunovale.com.br\/portal\/index.php?rest_route=\/wp\/v2\/posts"}],"about":[{"href":"https:\/\/aconteceunovale.com.br\/portal\/index.php?rest_route=\/wp\/v2\/types\/post"}],"author":[{"embeddable":true,"href":"https:\/\/aconteceunovale.com.br\/portal\/index.php?rest_route=\/wp\/v2\/users\/1"}],"replies":[{"embeddable":true,"href":"https:\/\/aconteceunovale.com.br\/portal\/index.php?rest_route=%2Fwp%2Fv2%2Fcomments&post=104495"}],"version-history":[{"count":0,"href":"https:\/\/aconteceunovale.com.br\/portal\/index.php?rest_route=\/wp\/v2\/posts\/104495\/revisions"}],"wp:featuredmedia":[{"embeddable":true,"href":"https:\/\/aconteceunovale.com.br\/portal\/index.php?rest_route=\/wp\/v2\/media\/104496"}],"wp:attachment":[{"href":"https:\/\/aconteceunovale.com.br\/portal\/index.php?rest_route=%2Fwp%2Fv2%2Fmedia&parent=104495"}],"wp:term":[{"taxonomy":"category","embeddable":true,"href":"https:\/\/aconteceunovale.com.br\/portal\/index.php?rest_route=%2Fwp%2Fv2%2Fcategories&post=104495"},{"taxonomy":"post_tag","embeddable":true,"href":"https:\/\/aconteceunovale.com.br\/portal\/index.php?rest_route=%2Fwp%2Fv2%2Ftags&post=104495"}],"curies":[{"name":"wp","href":"https:\/\/api.w.org\/{rel}","templated":true}]}}