{"id":104482,"date":"2016-12-17T22:34:05","date_gmt":"2016-12-18T00:34:05","guid":{"rendered":"http:\/\/aconteceunovale.com.br\/portal\/?p=104482"},"modified":"2016-12-17T22:34:05","modified_gmt":"2016-12-18T00:34:05","slug":"tres-pessoas-morrem-em-grave-acidente-no-municipio-de-corinto","status":"publish","type":"post","link":"https:\/\/aconteceunovale.com.br\/portal\/?p=104482","title":{"rendered":"Tr\u00eas pessoas morrem em grave acidente no munic\u00edpio de Corinto"},"content":{"rendered":"<p>Duas mulheres e um beb\u00ea, de um ano e meio, morreram ap\u00f3s um capotamento na MG-496, pr\u00f3ximo a Corinto, na regi\u00e3o Central de Minas Gerais. O acidente ocorreu no fim da tarde desta sexta-feira (16\/12\/2016), na altura do km 105. A crian\u00e7a morreu no local e as outras duas v\u00edtimas, uma jovem de 19 anos e uma senhora de aproximadamente 60, chegaram ser socorridas com vida, mas morreram no hospital de Curvelo.<\/p>\n<p>Todas as v\u00edtimas estavam em um mesmo carro e, segundo o Corpo de Bombeiro, n\u00e3o havia sinais de colis\u00e3o com algum outro ve\u00edculo. A via \u00e9 considerada perigosa, por n\u00e3o ter acostamento e ser mais estreita. O motorista do carro e outra passageira seguem internados.<\/p>\n<p>Ainda segundo o Corpo de Bombeiros, no local do acidente havia v\u00e1rias malas de roupas, dando caracter\u00edsticas de que se tratava de uma fam\u00edlia saindo de f\u00e9rias. <\/p>\n<p><img decoding=\"async\" src=\"http:\/\/aconteceunovale.com.br\/portal\/wp-content\/uploads\/2016\/12\/acidente_nm_corinto_1.jpg\" alt=\"\" \/><em>Acidente aconteceu no km 105 da MG-496 (Foto: Reprodu\u00e7\u00e3o\/WhatsApp)<\/em><br \/>\n<\/br><\/p>\n<p><img decoding=\"async\" src=\"http:\/\/aconteceunovale.com.br\/portal\/wp-content\/uploads\/2016\/12\/acidente_nm_corinto_2.jpg\" alt=\"\" \/><em>Acidente aconteceu no km 105 da MG-496 (Foto: Reprodu\u00e7\u00e3o\/WhatsApp)<\/em><br \/>\n<\/br><\/p>\n<p><img decoding=\"async\" src=\"http:\/\/aconteceunovale.com.br\/portal\/wp-content\/uploads\/2016\/12\/acidente_nm_corinto_3.jpg\" alt=\"\" \/><em>Acidente aconteceu no km 105 da MG-496 (Foto: Reprodu\u00e7\u00e3o\/WhatsApp)<\/em><br \/>\n<\/br><\/p>\n<h4><strong>Quatro feridos em acidente na BR-365<\/strong><\/h4>\n<p>Quatro pessoas ficaram feridas em um acidente no km 118 da BR-365, no trecho entre Montes Claros e Pirapora, no Norte de Minas. Segundo informa\u00e7\u00f5es, o condutor teria cochilado ao volante, vindo a perder o controle da dire\u00e7\u00e3o, sair da pista e colidir contra uma \u00e1rvore. <\/p>\n<p>No ve\u00edculo estavam o motorista, de 42 anos, a esposa dele, de 37, uma cunhada, de 31, e o filho do casal, de 7 anos. Todos foram socorridos por equipes do SAMU de Pirapora com ferimentos e escoria\u00e7\u00f5es.<\/p>\n<p><img decoding=\"async\" src=\"http:\/\/aconteceunovale.com.br\/portal\/wp-content\/uploads\/2016\/12\/acidente_365_sabado_1.jpg\" alt=\"\" \/><em>Acidente aconteceu no km 105 da MG-496 (Foto: Reprodu\u00e7\u00e3o\/WhatsApp)<\/em><br \/>\n<\/br><\/p>\n<p><img decoding=\"async\" src=\"http:\/\/aconteceunovale.com.br\/portal\/wp-content\/uploads\/2016\/12\/acidente_365_sabado_2.jpg\" alt=\"\" \/><em>Acidente aconteceu no km 105 da MG-496 (Foto: Reprodu\u00e7\u00e3o\/WhatsApp)<\/em><br \/>\n<\/br><\/p>\n<p><img decoding=\"async\" src=\"http:\/\/aconteceunovale.com.br\/portal\/wp-content\/uploads\/2016\/12\/acidente_365_sabado_3.jpg\" alt=\"\" \/><em>Acidente aconteceu no km 105 da MG-496 (Foto: Reprodu\u00e7\u00e3o\/WhatsApp)<\/em><br \/>\n<\/br><\/p>\n<p><img decoding=\"async\" src=\"http:\/\/aconteceunovale.com.br\/portal\/wp-content\/uploads\/2016\/12\/acidente_365_sabado_4.jpg\" alt=\"\" \/><em>Acidente aconteceu no km 105 da MG-496 (Foto: Reprodu\u00e7\u00e3o\/WhatsApp)<\/em><br \/>\n<\/br><\/p>\n<p><em>(Com informa\u00e7\u00f5es do G1 Grande Minas e SAMU)<\/em><\/p>\n","protected":false},"excerpt":{"rendered":"<p>Duas mulheres e um beb\u00ea, de um ano e meio, morreram ap\u00f3s um capotamento na MG-496, pr\u00f3ximo a Corinto, na regi\u00e3o Central de Minas Gerais. O acidente ocorreu no fim da tarde desta sexta-feira (16\/12\/2016), na altura do km 105. A crian\u00e7a morreu no local e as outras duas v\u00edtimas, uma jovem de 19 anos [&hellip;]<\/p>\n","protected":false},"author":1,"featured_media":104483,"comment_status":"open","ping_status":"closed","sticky":false,"template":"","format":"standard","meta":{"amp_status":"","footnotes":""},"categories":[123,1236],"tags":[130968,31601,32603,130972,130970,2981,1534,197,130971,210,254,130973,130969,130967],"class_list":["post-104482","post","type-post","status-publish","format-standard","has-post-thumbnail","hentry","category-gerais","category-norte_de_minas","tag-acidente-corinto","tag-acidente-na-br-365","tag-acidente-na-mg-496","tag-acidente-na-mg-496-em-corinto","tag-acidente-zona-rural-de-corinto","tag-br-365","tag-corinto","tag-curvelo","tag-mg-496","tag-montes-claros","tag-pirapora","tag-quatro-feridos-em-acidente-na-br-365","tag-tragedia-corinto","tag-tres-pessoas-morrem-em-grave-acidente-no-municipio-de-corinto"],"_links":{"self":[{"href":"https:\/\/aconteceunovale.com.br\/portal\/index.php?rest_route=\/wp\/v2\/posts\/104482","targetHints":{"allow":["GET"]}}],"collection":[{"href":"https:\/\/aconteceunovale.com.br\/portal\/index.php?rest_route=\/wp\/v2\/posts"}],"about":[{"href":"https:\/\/aconteceunovale.com.br\/portal\/index.php?rest_route=\/wp\/v2\/types\/post"}],"author":[{"embeddable":true,"href":"https:\/\/aconteceunovale.com.br\/portal\/index.php?rest_route=\/wp\/v2\/users\/1"}],"replies":[{"embeddable":true,"href":"https:\/\/aconteceunovale.com.br\/portal\/index.php?rest_route=%2Fwp%2Fv2%2Fcomments&post=104482"}],"version-history":[{"count":0,"href":"https:\/\/aconteceunovale.com.br\/portal\/index.php?rest_route=\/wp\/v2\/posts\/104482\/revisions"}],"wp:featuredmedia":[{"embeddable":true,"href":"https:\/\/aconteceunovale.com.br\/portal\/index.php?rest_route=\/wp\/v2\/media\/104483"}],"wp:attachment":[{"href":"https:\/\/aconteceunovale.com.br\/portal\/index.php?rest_route=%2Fwp%2Fv2%2Fmedia&parent=104482"}],"wp:term":[{"taxonomy":"category","embeddable":true,"href":"https:\/\/aconteceunovale.com.br\/portal\/index.php?rest_route=%2Fwp%2Fv2%2Fcategories&post=104482"},{"taxonomy":"post_tag","embeddable":true,"href":"https:\/\/aconteceunovale.com.br\/portal\/index.php?rest_route=%2Fwp%2Fv2%2Ftags&post=104482"}],"curies":[{"name":"wp","href":"https:\/\/api.w.org\/{rel}","templated":true}]}}