{"id":104473,"date":"2016-12-17T16:16:31","date_gmt":"2016-12-17T18:16:31","guid":{"rendered":"http:\/\/aconteceunovale.com.br\/portal\/?p=104473"},"modified":"2016-12-17T16:16:31","modified_gmt":"2016-12-17T18:16:31","slug":"governo-federal-reconhece-situacao-de-emergencia-em-quatro-cidades-do-norte-de-minas","status":"publish","type":"post","link":"https:\/\/aconteceunovale.com.br\/portal\/?p=104473","title":{"rendered":"Governo Federal reconhece situa\u00e7\u00e3o de emerg\u00eancia em quatro cidades do Norte de Minas"},"content":{"rendered":"<p>O governo federal reconheceu, nesta sexta-feira (16\/12\/2016), situa\u00e7\u00e3o de emerg\u00eancia em quatro cidades de Minas Gerais por conta do extenso per\u00edodo de seca e estiagem. S\u00e3o elas, Itacambira (estiagem), Pai Pedro (seca), Pedras de Maria da Cruz (seca) e Verdel\u00e2ndia (seca). A medida tem vig\u00eancia de 180 dias.<\/p>\n<p>A portaria do Minist\u00e9rio da Integra\u00e7\u00e3o Nacional foi publicada no Di\u00e1rio Oficial da Uni\u00e3o (DOU) e vai garantir que as prefeituras solicitem apoio federal para restabelecimento de servi\u00e7os essenciais. <a href=\"http:\/\/pesquisa.in.gov.br\/imprensa\/jsp\/visualiza\/index.jsp?jornal=1&#038;pagina=186&#038;data=16\/12\/2016\" target=\"_blank\"><font color=\"blue\">Acesse aqui a portaria<\/font><\/a>.<\/p>\n<p>Al\u00e9m de fornecer \u00e1gua tratada \u00e0 popula\u00e7\u00e3o por meio da Opera\u00e7\u00e3o Carro-Pipa Federal, o reconhecimento tamb\u00e9m garante outros benef\u00edcios aos munic\u00edpios, como a renegocia\u00e7\u00e3o de d\u00edvidas no setor de agricultura junto ao Banco do Brasil e o apoio do Banco Nacional de Desenvolvimento Econ\u00f4mico e Social (Bndes) para a retomada da atividade econ\u00f4mica nas regi\u00f5es afetadas.<\/p>\n<p><img decoding=\"async\" src=\"http:\/\/aconteceunovale.com.br\/portal\/wp-content\/uploads\/2016\/12\/seca_nm.jpeg\" alt=\"\" \/><em>Reconhecimento garante benef\u00edcios aos munic\u00edpios (Foto: Divulga\u00e7\u00e3o\/Prefeitura de Pirapora)<\/em><br \/>\n<\/br><\/p>\n<p><em>(Com Portal Brasil)<\/em><\/p>\n","protected":false},"excerpt":{"rendered":"<p>O governo federal reconheceu, nesta sexta-feira (16\/12\/2016), situa\u00e7\u00e3o de emerg\u00eancia em quatro cidades de Minas Gerais por conta do extenso per\u00edodo de seca e estiagem. S\u00e3o elas, Itacambira (estiagem), Pai Pedro (seca), Pedras de Maria da Cruz (seca) e Verdel\u00e2ndia (seca). A medida tem vig\u00eancia de 180 dias. A portaria do Minist\u00e9rio da Integra\u00e7\u00e3o Nacional [&hellip;]<\/p>\n","protected":false},"author":1,"featured_media":104474,"comment_status":"open","ping_status":"closed","sticky":false,"template":"","format":"standard","meta":{"amp_status":"","footnotes":""},"categories":[1236],"tags":[1353,130950,19650,1018,130957,130956,130958,130955,130959,1696,130946,130945,126349,3059,130947,3723,130948,1372,130951,130952,130953,130954,1814,130949],"class_list":["post-104473","post","type-post","status-publish","format-standard","has-post-thumbnail","hentry","category-norte_de_minas","tag-banco-do-brasil","tag-banco-nacional-de-desenvolvimento-economico-e-social-bndes","tag-defesa-civil","tag-destaque","tag-governo-federal-reconhece-situacao-de-emergencia-em-itacambira","tag-governo-federal-reconhece-situacao-de-emergencia-em-pai-pedro","tag-governo-federal-reconhece-situacao-de-emergencia-em-pedras-de-maria-da-cruz","tag-governo-federal-reconhece-situacao-de-emergencia-em-quatro-cidades-do-norte-de-minas","tag-governo-federal-reconhece-situacao-de-emergencia-em-verdelandia","tag-itacambira","tag-itacambira-mg","tag-minas-gerais-mg","tag-operacao-carro-pipa-federal","tag-pai-pedro","tag-pai-pedro-mg","tag-pedras-de-maria-da-cruz","tag-pedras-de-maria-da-cruz-mg","tag-situacao-de-emergencia","tag-situacao-de-emergencia-em-itacambira","tag-situacao-de-emergencia-em-pai-pedro","tag-situacao-de-emergencia-em-pedras-de-maria-da-cruz","tag-situacao-de-emergencia-em-verdelandia","tag-verdelandia","tag-verdelandia-mg"],"_links":{"self":[{"href":"https:\/\/aconteceunovale.com.br\/portal\/index.php?rest_route=\/wp\/v2\/posts\/104473","targetHints":{"allow":["GET"]}}],"collection":[{"href":"https:\/\/aconteceunovale.com.br\/portal\/index.php?rest_route=\/wp\/v2\/posts"}],"about":[{"href":"https:\/\/aconteceunovale.com.br\/portal\/index.php?rest_route=\/wp\/v2\/types\/post"}],"author":[{"embeddable":true,"href":"https:\/\/aconteceunovale.com.br\/portal\/index.php?rest_route=\/wp\/v2\/users\/1"}],"replies":[{"embeddable":true,"href":"https:\/\/aconteceunovale.com.br\/portal\/index.php?rest_route=%2Fwp%2Fv2%2Fcomments&post=104473"}],"version-history":[{"count":0,"href":"https:\/\/aconteceunovale.com.br\/portal\/index.php?rest_route=\/wp\/v2\/posts\/104473\/revisions"}],"wp:featuredmedia":[{"embeddable":true,"href":"https:\/\/aconteceunovale.com.br\/portal\/index.php?rest_route=\/wp\/v2\/media\/104474"}],"wp:attachment":[{"href":"https:\/\/aconteceunovale.com.br\/portal\/index.php?rest_route=%2Fwp%2Fv2%2Fmedia&parent=104473"}],"wp:term":[{"taxonomy":"category","embeddable":true,"href":"https:\/\/aconteceunovale.com.br\/portal\/index.php?rest_route=%2Fwp%2Fv2%2Fcategories&post=104473"},{"taxonomy":"post_tag","embeddable":true,"href":"https:\/\/aconteceunovale.com.br\/portal\/index.php?rest_route=%2Fwp%2Fv2%2Ftags&post=104473"}],"curies":[{"name":"wp","href":"https:\/\/api.w.org\/{rel}","templated":true}]}}