{"id":104470,"date":"2016-12-17T15:57:27","date_gmt":"2016-12-17T17:57:27","guid":{"rendered":"http:\/\/aconteceunovale.com.br\/portal\/?p=104470"},"modified":"2017-08-05T23:49:50","modified_gmt":"2017-08-06T01:49:50","slug":"filha-de-ex-prefeito-de-capelinha-vai-ser-chefe-de-gabinete-na-onu","status":"publish","type":"post","link":"https:\/\/aconteceunovale.com.br\/portal\/?p=104470","title":{"rendered":"Filha de ex-prefeito de Capelinha vai ser chefe de gabinete na ONU"},"content":{"rendered":"<p>O novo secret\u00e1rio-geral da Organiza\u00e7\u00e3o das Na\u00e7\u00f5es Unidas (ONU), o portugu\u00eas Antonio Guterres, anunciou nesta sexta-feira, 16 de dezembro de 2016, a indica\u00e7\u00e3o de tr\u00eas mulheres para ocupar importantes cargos na organiza\u00e7\u00e3o, entre eles o da diplomata brasileira Maria Luiza Ribeiro Viotti, que vai chefiar seu gabinete.<\/p>\n<p>Al\u00e9m de Maria Luiza, integram a equipe feminina a ministra nigeriana do Meio Ambiente, Amina Mohamed, que vai ocupar a vice-secretaria-geral, e a sul-coreana Kyung-wha Kang, que ocupava a chefia de opera\u00e7\u00f5es humanit\u00e1rias e que ser\u00e1 conselheira pol\u00edtica especial. Desde que era candidato \u00e0 sucess\u00e3o de Ban Ki-moon, a partir de janeiro de 2017, Guterres sempre estabeleceu como uma de suas metas o respeito \u00e0 paridade entre homens e mulheres na ONU. Hoje, as mulheres ainda n\u00e3o representam 25% dos altos quadros da casa.<\/p>\n<p>Maria Luiza \u00e9 encarregada da regi\u00e3o \u00c1sia Pac\u00edfico na chancelaria brasileira, foi embaixadora na Alemanha de 2013 a 2016 e embaixadora na ONU de 2007 a  2013. A indica\u00e7\u00e3o de uma brasileira para chefiar seu gabinete \u00e9 mais um gesto de aproxima\u00e7\u00e3o do novo secret\u00e1rio-geral em rela\u00e7\u00e3o ao Brasil. Antes mesmo de sua elei\u00e7\u00e3o, Guterres defendia a inclus\u00e3o do pa\u00eds como membro permanente do Conselho de Seguran\u00e7a, hoje composto por Estados Unidos, Gr\u00e3-Bretanha, Fran\u00e7a, R\u00fassia e China.<\/p>\n<p>O presidente da Sociedade Brasileira de Direito Internacional, Ant\u00f4nio Celso Alves Pereira, conhece bem a experi\u00eancia diplom\u00e1tica de Maria Luiza, pois foi seu professor no Instituto Rio Branco, na \u00faltima turma do instituto no Rio antes da transfer\u00eancia para Bras\u00edlia, no in\u00edcio dos anos 70.<\/p>\n<p>&#8220;Ela \u00e9 uma mo\u00e7a brilhante, sua carreira no Itamaraty \u00e9 uma trajet\u00f3ria de compet\u00eancia, foi inclusive embaixadora do Brasil na ONU. Tem uma larga experi\u00eancia da vida diplom\u00e1tica. \u00c9 uma pessoa extremamente culta, muito gentil, educad\u00edssima. Nasceu para essa atividade. Tenho certeza que o nosso secret\u00e1rio-geral vai ter uma assessora do mais alto n\u00edvel na chefia do gabinete.Tenho muito orgulho dela n\u00e3o s\u00f3 como brasileiro e como ex-aluna, mas porque ela tamb\u00e9m \u00e9 mineira como eu.&#8221; <\/p>\n<p>Alves Pereira lembra que pouco antes da elei\u00e7\u00e3o do novo secret\u00e1rio-geral da ONU comentava-se muito que, pela primeira vez na hist\u00f3ria da organiza\u00e7\u00e3o, uma mulher poderia ocupar o cargo de secret\u00e1rio-geral. <\/p>\n<p>&#8220;Falava-se muito nisso, mas a a escolha dele foi \u00f3tima. Ele \u00e9 um diplomata brilhante, um homem extraordin\u00e1rio, j\u00e1 estava trabalhando na ONU h\u00e1 muitos anos, com uma experi\u00eancia enorme da vida internacional.&#8221;<\/p>\n<p><img decoding=\"async\" src=\"http:\/\/aconteceunovale.com.br\/portal\/wp-content\/uploads\/2016\/12\/embaixadora_br_alemanha_cap_1.jpg\" alt=\"\" \/><em>Maria Luiza Ribeiro Viotti (Foto: AP Photo\/Reprodu\u00e7\u00e3o Sputnik Brasil)<\/em><br \/>\n<\/br><\/p>\n<h4><strong>Diplomata passou inf\u00e2ncia em Capelinha<\/strong><\/h4>\n<p>\u201cMinhas lembran\u00e7as de Capelinha s\u00e3o o quintal onde brincava, ao fundo do qual corria um ribeir\u00e3o, e os deliciosos morangos cultivados com esmero por minha m\u00e3e num canteiro ao lado de nossa casa. Tamb\u00e9m me lembro da casa de meu av\u00f4, e, ao lado de sua loja, o Chal\u00e9 Fin de Si\u00e8cle\u201d. Estas s\u00e3o palavras da embaixadora do Brasil na Alemanha, Maria Luiza Ribeiro Viotti, que cedeu entrevista ao Jornal Local em mar\u00e7o de 2016. Ela \u00e9 filha do ex-prefeito Jos\u00e9 Carlos Ribeiro, o Zezito, e hoje mora em Berlim. O av\u00f4 citado por ela \u00e9 o primeiro prefeito de Capelinha, Jacyntho Jos\u00e9 Ribeiro.<\/p>\n<h4><strong>Entrevista<\/strong><\/h4>\n<p><strong>Qual \u00e9 a participa\u00e7\u00e3o do seu pai em sua inclina\u00e7\u00e3o para a vida diplom\u00e1tica?<\/strong> Foi meu pai quem despertou em mim o interesse pela carreira diplom\u00e1tica. Ele teve um colega que se tornara diplomata. Achava que seria uma boa op\u00e7\u00e3o para mim. Eu estudava Economia, gostava do curso, mas trabalhar como economista n\u00e3o me entusiasmava. Meu pai me incentivou a fazer o concurso para o Instituto Rio Branco. E estava certo: foi uma \u00f3tima decis\u00e3o.<\/p>\n<p><strong>Desde quando a senhora assumiu o cargo de embaixadora do Brasil na Alemanha?<\/strong> Desde 2013. Antes de assumir a Embaixada em Berlim, fui Embaixadora do Brasil na ONU durante seis anos. Foi um per\u00edodo extremamente interessante, em que a participa\u00e7\u00e3o do Brasil nas atividades da ONU, que j\u00e1 era muito intensa, ampliou-se ainda mais. Fomos eleitos para um mandato no Conselho de Seguran\u00e7a e participamos de negocia\u00e7\u00f5es complexas sobre quest\u00f5es como o programa nuclear iraniano, os conflitos na L\u00edbia e na S\u00edria, a independ\u00eancia do Sud\u00e3o do Sul, a crise humanit\u00e1ria no Chifre da \u00c1frica e a quest\u00e3o palestina, entre muitos outros.<\/p>\n<p><strong>Quais s\u00e3o as atribui\u00e7\u00f5es do seu cargo?<\/strong> O cargo implica em representar o Brasil e promover as rela\u00e7\u00f5es entre Brasil e Alemanha nas mais diversas \u00e1reas. \u00c9 uma tarefa gratificante, pois a agenda bilateral \u00e9 muito positiva. Temos um com\u00e9rcio importante, que j\u00e1 chegou a 23 bilh\u00f5es de d\u00f3lares. H\u00e1 grande presen\u00e7a de empresas alem\u00e3s no Brasil, mais de 1400, especialmente nos setores automobil\u00edstico, mec\u00e2nico, qu\u00edmico e farmac\u00eautico. Mantemos forte coopera\u00e7\u00e3o em educa\u00e7\u00e3o, ci\u00eancia e tecnologia. Mais de 6 mil alunos do programa Ci\u00eancia sem Fronteiras estudaram na Alemanha. As universidades e institui\u00e7\u00f5es cient\u00edficas dos dois pa\u00edses desenvolvem programas conjuntos. Contamos com essa coopera\u00e7\u00e3o para elevar o grau da competitividade da economia brasileira e para aumentar nossa capacidade de inova\u00e7\u00e3o. Tamb\u00e9m cooperamos intensamente em mat\u00e9ria de meio ambiente e energias renov\u00e1veis.<\/p>\n<p><strong>Como a senhora avalia as rela\u00e7\u00f5es entre Brasil e Alemanha?<\/strong> H\u00e1 na Alemanha grande interesse pela cultura brasileira e uma disposi\u00e7\u00e3o muito favor\u00e1vel em rela\u00e7\u00e3o ao Brasil. Esse interesse se acentuou com a realiza\u00e7\u00e3o dos grandes eventos esportivos, que colocam o nosso pa\u00eds em maior evid\u00eancia. Nesse contexto, conheci um estudante alem\u00e3o que venceu um concurso realizado pelo jornal \u201cTagesspiegel\u201d, com o apoio da Embaixada do Brasil em Berlim, para selecionar um grupo de jovens que far\u00e3o a cobertura dos Jogos Paral\u00edmpicos no Rio de Janeiro para o jornal. Esse jovem, Milan Marcus, fez interc\u00e2mbio estudantil no Brasil, justamente em Capelinha! Disse-me ele que gostou muito da experi\u00eancia e que deixou a\u00ed muitos amigos.<\/p>\n<p><strong>A senhora viveu a tenra inf\u00e2ncia (at\u00e9 os cinco anos) em Capelinha. Ainda tem lembran\u00e7as daquela \u00e9poca? Costuma visitar a cidade?<\/strong> Minhas lembran\u00e7as de Capelinha s\u00e3o o quintal onde brincava, ao fundo do qual corria um ribeir\u00e3o, e os deliciosos morangos cultivados com esmero por minha m\u00e3e num canteiro ao lado de nossa casa. Tamb\u00e9m me lembro da casa de meu av\u00f4, e, ao lado de sua loja, o Chal\u00e9 Fin de Si\u00e8cle. Voltei \u00e0 Capelinha algumas vezes, por ocasi\u00e3o de festas de fam\u00edlia. Minha \u00faltima visita foi em 1989, para acompanhar meu pai, homenageado por sua gest\u00e3o como prefeito, distinguida como pioneira e progressista. Foi uma homenagem tocante, que reconheceu o valor do trabalho que ele realizou em prol do desenvolvimento da cidade.<\/p>\n<p><em>(Fonte: Sputnik Brasil e Jornal Local)<\/em><\/p>\n","protected":false},"excerpt":{"rendered":"<p>O novo secret\u00e1rio-geral da Organiza\u00e7\u00e3o das Na\u00e7\u00f5es Unidas (ONU), o portugu\u00eas Antonio Guterres, anunciou nesta sexta-feira, 16 de dezembro de 2016, a indica\u00e7\u00e3o de tr\u00eas mulheres para ocupar importantes cargos na organiza\u00e7\u00e3o, entre eles o da diplomata brasileira Maria Luiza Ribeiro Viotti, que vai chefiar seu gabinete. Al\u00e9m de Maria Luiza, integram a equipe feminina [&hellip;]<\/p>\n","protected":false},"author":1,"featured_media":104471,"comment_status":"open","ping_status":"closed","sticky":false,"template":"","format":"standard","meta":{"amp_status":"","footnotes":""},"categories":[6,28848,120],"tags":[130932,130939,130927,130936,130931,132,130941,1018,130928,130922,130930,130924,130923,130925,130944,130933,156846,62947,130943,130937,130929,130940,130926,130934,130942,130935,130938],"class_list":["post-104470","post","type-post","status-publish","format-standard","has-post-thumbnail","hentry","category-br","category-mundo","category-jequi","tag-amina-mohamed","tag-antonio-celso-alves-pereira","tag-antonio-guterres","tag-biografia-de-maria-luiza-ribeiro-viotti","tag-brasileira-maria-luiza-ribeiro-viotti","tag-capelinha","tag-chale-fin-de-siecle","tag-destaque","tag-diplomata-brasileira-maria-luiza-ribeiro-viotti","tag-diplomata-brasileira-que-viveu-em-capelinha-vai-ser-chefe-de-gabinete-na-onu","tag-diplomata-maria-luiza-ribeiro-viotti","tag-diplomata-passou-infancia-em-capelinha","tag-diplomata-que-viveu-em-capelinha-vai-ser-chefe-de-gabinete-na-onu","tag-filha-de-ex-prefeito-de-capelinha","tag-filha-de-ex-prefeito-de-capelinha-vai-ser-chefe-de-gabinete-na-onu","tag-historia-de-maria-luiza-ribeiro-viotti","tag-jacyntho-jose-ribeiro","tag-jose-carlos-ribeiro","tag-jose-jacinto-ribeiro","tag-kyung-wha-kang","tag-maria-luiza-ribeiro-viotti","tag-maria-luiza-ribeiro-viotti-passou-infancia-em-capelinha","tag-neta-do-primeiro-prefeito-de-capelinha","tag-onde-nasceu-maria-luiza-ribeiro-viotti","tag-primeiro-prefeito-de-capelinha","tag-quem-e-maria-luiza-ribeiro-viotti","tag-sociedade-brasileira-de-direito-internacional"],"_links":{"self":[{"href":"https:\/\/aconteceunovale.com.br\/portal\/index.php?rest_route=\/wp\/v2\/posts\/104470","targetHints":{"allow":["GET"]}}],"collection":[{"href":"https:\/\/aconteceunovale.com.br\/portal\/index.php?rest_route=\/wp\/v2\/posts"}],"about":[{"href":"https:\/\/aconteceunovale.com.br\/portal\/index.php?rest_route=\/wp\/v2\/types\/post"}],"author":[{"embeddable":true,"href":"https:\/\/aconteceunovale.com.br\/portal\/index.php?rest_route=\/wp\/v2\/users\/1"}],"replies":[{"embeddable":true,"href":"https:\/\/aconteceunovale.com.br\/portal\/index.php?rest_route=%2Fwp%2Fv2%2Fcomments&post=104470"}],"version-history":[{"count":0,"href":"https:\/\/aconteceunovale.com.br\/portal\/index.php?rest_route=\/wp\/v2\/posts\/104470\/revisions"}],"wp:featuredmedia":[{"embeddable":true,"href":"https:\/\/aconteceunovale.com.br\/portal\/index.php?rest_route=\/wp\/v2\/media\/104471"}],"wp:attachment":[{"href":"https:\/\/aconteceunovale.com.br\/portal\/index.php?rest_route=%2Fwp%2Fv2%2Fmedia&parent=104470"}],"wp:term":[{"taxonomy":"category","embeddable":true,"href":"https:\/\/aconteceunovale.com.br\/portal\/index.php?rest_route=%2Fwp%2Fv2%2Fcategories&post=104470"},{"taxonomy":"post_tag","embeddable":true,"href":"https:\/\/aconteceunovale.com.br\/portal\/index.php?rest_route=%2Fwp%2Fv2%2Ftags&post=104470"}],"curies":[{"name":"wp","href":"https:\/\/api.w.org\/{rel}","templated":true}]}}