{"id":104468,"date":"2016-12-17T15:28:31","date_gmt":"2016-12-17T17:28:31","guid":{"rendered":"http:\/\/aconteceunovale.com.br\/portal\/?p=104468"},"modified":"2016-12-17T15:28:31","modified_gmt":"2016-12-17T17:28:31","slug":"homem-de-28-anos-e-assassinado-a-tiros-em-brasilia-de-minas","status":"publish","type":"post","link":"https:\/\/aconteceunovale.com.br\/portal\/?p=104468","title":{"rendered":"Homem de 28 anos \u00e9 assassinado a tiros em Bras\u00edlia de Minas"},"content":{"rendered":"<p>Um homem de 28 anos foi assassinado na noite de sexta-feira (16\/12\/2016) para s\u00e1bado (17) em Bras\u00edlia de Minas, na regi\u00e3o Norte do Estado. Segundo informa\u00e7\u00f5es da Pol\u00edcia Militar (PM), a v\u00edtima foi perseguida por dois homens armados e tentou se esconder em um bar, mas foi baleada.<\/p>\n<p>Os autores teriam disparado v\u00e1rias vezes e fugido em seguida. O crime ocorreu no Bairro Regina Mendes e, para a pol\u00edcia, a principal suspeita \u00e9 que o homic\u00eddio tenha liga\u00e7\u00e3o com um desentendimento entre a v\u00edtima e os suspeitos com rela\u00e7\u00e3o ao tr\u00e1fico de drogas.<\/p>\n<p>A Per\u00edcia T\u00e9cnica da Pol\u00edcia Civil foi acionada e ap\u00f3s os trabalhos de praxe, o corpo foi removido ao Instituto M\u00e9dico Legal (IML). At\u00e9 a publica\u00e7\u00e3o desta mat\u00e9ria, a PM seguia fazendo rastreamento para encontrar os suspeitos do crime. <em>(Com G1)<\/em><\/p>\n","protected":false},"excerpt":{"rendered":"<p>Um homem de 28 anos foi assassinado na noite de sexta-feira (16\/12\/2016) para s\u00e1bado (17) em Bras\u00edlia de Minas, na regi\u00e3o Norte do Estado. Segundo informa\u00e7\u00f5es da Pol\u00edcia Militar (PM), a v\u00edtima foi perseguida por dois homens armados e tentou se esconder em um bar, mas foi baleada. Os autores teriam disparado v\u00e1rias vezes e [&hellip;]<\/p>\n","protected":false},"author":1,"featured_media":71442,"comment_status":"open","ping_status":"closed","sticky":false,"template":"","format":"standard","meta":{"amp_status":"","footnotes":""},"categories":[1236],"tags":[38825,195,130921,38826,38828,80098,130920],"class_list":["post-104468","post","type-post","status-publish","format-standard","has-post-thumbnail","hentry","category-norte_de_minas","tag-assassinato-em-brasilia-de-minas","tag-brasilia-de-minas","tag-homem-de-28-anos-e-assassinado-a-tiros-em-brasilia-de-minas","tag-homicidio-em-brasilia-de-minas","tag-morto-em-brasilia-de-minas","tag-trafico-de-drogas-em-brasilia-de-minas","tag-trafico-em-brasilia-de-minas"],"_links":{"self":[{"href":"https:\/\/aconteceunovale.com.br\/portal\/index.php?rest_route=\/wp\/v2\/posts\/104468","targetHints":{"allow":["GET"]}}],"collection":[{"href":"https:\/\/aconteceunovale.com.br\/portal\/index.php?rest_route=\/wp\/v2\/posts"}],"about":[{"href":"https:\/\/aconteceunovale.com.br\/portal\/index.php?rest_route=\/wp\/v2\/types\/post"}],"author":[{"embeddable":true,"href":"https:\/\/aconteceunovale.com.br\/portal\/index.php?rest_route=\/wp\/v2\/users\/1"}],"replies":[{"embeddable":true,"href":"https:\/\/aconteceunovale.com.br\/portal\/index.php?rest_route=%2Fwp%2Fv2%2Fcomments&post=104468"}],"version-history":[{"count":0,"href":"https:\/\/aconteceunovale.com.br\/portal\/index.php?rest_route=\/wp\/v2\/posts\/104468\/revisions"}],"wp:featuredmedia":[{"embeddable":true,"href":"https:\/\/aconteceunovale.com.br\/portal\/index.php?rest_route=\/wp\/v2\/media\/71442"}],"wp:attachment":[{"href":"https:\/\/aconteceunovale.com.br\/portal\/index.php?rest_route=%2Fwp%2Fv2%2Fmedia&parent=104468"}],"wp:term":[{"taxonomy":"category","embeddable":true,"href":"https:\/\/aconteceunovale.com.br\/portal\/index.php?rest_route=%2Fwp%2Fv2%2Fcategories&post=104468"},{"taxonomy":"post_tag","embeddable":true,"href":"https:\/\/aconteceunovale.com.br\/portal\/index.php?rest_route=%2Fwp%2Fv2%2Ftags&post=104468"}],"curies":[{"name":"wp","href":"https:\/\/api.w.org\/{rel}","templated":true}]}}