{"id":104466,"date":"2016-12-16T23:37:36","date_gmt":"2016-12-17T01:37:36","guid":{"rendered":"http:\/\/aconteceunovale.com.br\/portal\/?p=104466"},"modified":"2016-12-16T23:37:36","modified_gmt":"2016-12-17T01:37:36","slug":"justica-federal-aceita-denuncia-contra-lula-e-filho-na-operacao-zelotes","status":"publish","type":"post","link":"https:\/\/aconteceunovale.com.br\/portal\/?p=104466","title":{"rendered":"Justi\u00e7a Federal aceita den\u00fancia contra Lula e filho na Opera\u00e7\u00e3o Zelotes"},"content":{"rendered":"<p>A Justi\u00e7a Federal decidiu hoje (16\/12\/2016) aceitar den\u00fancia apresentada pelo Minist\u00e9rio P\u00fablico Federal (MPF) contra o ex-presidente Luiz In\u00e1cio Lula da Silva e o filho dele, Luiz Cl\u00e1udio Lula da Silva, pelos crimes de tr\u00e1fico de influ\u00eancia, lavagem de dinheiro e organiza\u00e7\u00e3o criminosa no \u00e2mbito da Opera\u00e7\u00e3o Zelotes, da Pol\u00edcia Federal. A decis\u00e3o foi proferida pelo juiz Vallisney de Souza Oliveira, da 10\u00aa Vara Federal do Distrito Federal.<\/p>\n<p>Com a decis\u00e3o, Lula passa a ser r\u00e9u em tr\u00eas a\u00e7\u00f5es penais. O ex-presidente j\u00e1 responde a uma a\u00e7\u00e3o penal na Justi\u00e7a Federal em Bras\u00edlia pela suposta participa\u00e7\u00e3o na compra do sil\u00eancio do ex-diretor da Petrobras Nestor Cerver\u00f3 e outra na Justi\u00e7a Federal na Opera\u00e7\u00e3o Lava Jato, na qual o ex-presidente \u00e9 acusado de receber R$ 3,7 milh\u00f5es da Odebrecht.<\/p>\n<p>De acordo com a den\u00fancia, as investiga\u00e7\u00f5es apuraram que Lula, seu filho, e os consultores Mauro Marcondes e Cristina Mautoni participaram de negocia\u00e7\u00f5es irregulares no contrato de compra dos ca\u00e7as suecos Gripen e em uma medida provis\u00f3ria para prorroga\u00e7\u00e3o de incentivos fiscais para montadoras de ve\u00edculos. Segundo o MPF, Lu\u00eds Cl\u00e1udio recebeu R$ 2,5 milh\u00f5es da empresa dos consultores.<\/p>\n<p>A Opera\u00e7\u00e3o Zelotes investiga a manipula\u00e7\u00e3o de processos no Conselho Administrativo de Recursos Fiscais (Carf) \u2013 \u00f3rg\u00e3o colegiado do Minist\u00e9rio da Fazenda, \u00faltima inst\u00e2ncia administrativa dos processos fiscais. \u00c9 a ele que os contribuintes recorrem para contestar multas. De acordo com as investiga\u00e7\u00f5es,  empresas de advocacia e consultorias influenciavam e corrompiam integrantes do Carf. Dessa forma, manipularam tr\u00e2mite e resultado de processos e julgamentos envolvendo empresas interessadas em anular ou diminuir os valores dos autos de infra\u00e7\u00f5es emitidos pela Receita Federal.<\/p>\n<p>(Ag\u00eancia Brasil)<\/p>\n","protected":false},"excerpt":{"rendered":"<p>A Justi\u00e7a Federal decidiu hoje (16\/12\/2016) aceitar den\u00fancia apresentada pelo Minist\u00e9rio P\u00fablico Federal (MPF) contra o ex-presidente Luiz In\u00e1cio Lula da Silva e o filho dele, Luiz Cl\u00e1udio Lula da Silva, pelos crimes de tr\u00e1fico de influ\u00eancia, lavagem de dinheiro e organiza\u00e7\u00e3o criminosa no \u00e2mbito da Opera\u00e7\u00e3o Zelotes, da Pol\u00edcia Federal. A decis\u00e3o foi proferida [&hellip;]<\/p>\n","protected":false},"author":1,"featured_media":104330,"comment_status":"open","ping_status":"closed","sticky":false,"template":"","format":"standard","meta":{"amp_status":"","footnotes":""},"categories":[6,40240],"tags":[44728,81835,130913,130911,130918,14124,7147,130914,130917,130916,18887,130912,82537,130915,130919],"class_list":["post-104466","post","type-post","status-publish","format-standard","has-post-thumbnail","hentry","category-br","category-politica-2","tag-ex-presidente-luiz-inacio-lula-da-silva","tag-investigacao-lula","tag-investigacao-lula-operacao-zelotes","tag-justica-federal-aceita-denuncia-contra-lula-e-filho-na-operacao-zelotes","tag-luiz-claudio-lula-da-silva","tag-luiz-inacio-lula-da-silva","tag-lula","tag-lula-operacao-zelotes","tag-lula-reu-na-operacao-zelotes","tag-lula-vira-reu-na-operacao-zelotes","tag-mpf","tag-operacao-zelotes","tag-processo-lula","tag-processo-lula-operacao-zelotes","tag-zelotes"],"_links":{"self":[{"href":"https:\/\/aconteceunovale.com.br\/portal\/index.php?rest_route=\/wp\/v2\/posts\/104466","targetHints":{"allow":["GET"]}}],"collection":[{"href":"https:\/\/aconteceunovale.com.br\/portal\/index.php?rest_route=\/wp\/v2\/posts"}],"about":[{"href":"https:\/\/aconteceunovale.com.br\/portal\/index.php?rest_route=\/wp\/v2\/types\/post"}],"author":[{"embeddable":true,"href":"https:\/\/aconteceunovale.com.br\/portal\/index.php?rest_route=\/wp\/v2\/users\/1"}],"replies":[{"embeddable":true,"href":"https:\/\/aconteceunovale.com.br\/portal\/index.php?rest_route=%2Fwp%2Fv2%2Fcomments&post=104466"}],"version-history":[{"count":0,"href":"https:\/\/aconteceunovale.com.br\/portal\/index.php?rest_route=\/wp\/v2\/posts\/104466\/revisions"}],"wp:featuredmedia":[{"embeddable":true,"href":"https:\/\/aconteceunovale.com.br\/portal\/index.php?rest_route=\/wp\/v2\/media\/104330"}],"wp:attachment":[{"href":"https:\/\/aconteceunovale.com.br\/portal\/index.php?rest_route=%2Fwp%2Fv2%2Fmedia&parent=104466"}],"wp:term":[{"taxonomy":"category","embeddable":true,"href":"https:\/\/aconteceunovale.com.br\/portal\/index.php?rest_route=%2Fwp%2Fv2%2Fcategories&post=104466"},{"taxonomy":"post_tag","embeddable":true,"href":"https:\/\/aconteceunovale.com.br\/portal\/index.php?rest_route=%2Fwp%2Fv2%2Ftags&post=104466"}],"curies":[{"name":"wp","href":"https:\/\/api.w.org\/{rel}","templated":true}]}}