{"id":104456,"date":"2016-12-16T23:32:45","date_gmt":"2016-12-17T01:32:45","guid":{"rendered":"http:\/\/aconteceunovale.com.br\/portal\/?p=104456"},"modified":"2016-12-16T23:32:45","modified_gmt":"2016-12-17T01:32:45","slug":"carreta-desgovernada-atinge-mais-de-20-carros-em-belo-horizonte","status":"publish","type":"post","link":"https:\/\/aconteceunovale.com.br\/portal\/?p=104456","title":{"rendered":"Carreta desgovernada atinge mais de 20 carros em Belo Horizonte"},"content":{"rendered":"<p>Uma carreta desgovernada atingiu 24 carros em Belo Horizonte, na tarde desta sexta-feira (16\/12\/2016). O acidente ocorreu na BR-356, na altura do bairro Belvedere, na regi\u00e3o Centro-Sul da capital mineira. O ve\u00edculo trafegava no sentido de quem chega \u00e0 cidade, vindo do Rio de Janeiro. N\u00e3o houve v\u00edtimas fatais.<\/p>\n<p>Segundo o Corpo de Bombeiros, 10 pessoas ficaram feridas, mas sem gravidade. Tr\u00eas viaturas do Servi\u00e7o de Atendimento M\u00f3vel de Urg\u00eancia (Samu) foram deslocadas para o local. Sete pessoas foram conduzidas para hospitais da regi\u00e3o e as outras tr\u00eas recusaram atendimento.<\/p>\n<p>O ve\u00edculo possui placa de S\u00e3o Jo\u00e3o de Meriti (RJ) e tinha como destino Bras\u00edlia. O motorista fazia o caminho errado. O trajeto correto seria pelo Anel Rodovi\u00e1rio. Como ele n\u00e3o pegou o acesso, a \u00faltima sa\u00edda obrigat\u00f3ria estaria a cerca de 300 metros, em sentido oposto \u00e0 capital federal.<\/p>\n<p>Caso ele persistisse na rodovia, acabaria chegando na Avenida Nossa Senhora do Carmo, onde n\u00e3o \u00e9 permitido o tr\u00e1fego de ve\u00edculos com capacidade de carga acima de cinco toneladas ou com comprimento acima de 6,5 metros. A proibi\u00e7\u00e3o foi estabelecida em janeiro de 2010, ap\u00f3s a ocorr\u00eancia de diversos acidentes. Na BR-356, antes da entrada para o Anel Rodovi\u00e1rio, h\u00e1 diversas placas de sinaliza\u00e7\u00e3o com alertas sobre as restri\u00e7\u00f5es.<\/p>\n<p>Acidentes t\u00eam ocorrido mesmo ap\u00f3s a proibi\u00e7\u00e3o. Em 2012, um caminh\u00e3o sem controle, que transportava bobinas de a\u00e7o, colidiu em 11 ve\u00edculos e provocou tr\u00eas mortes. No final do ano passado, outra carreta derrubou parte da rede el\u00e9trica e a fia\u00e7\u00e3o pegou fogo, levando \u00e0 interdi\u00e7\u00e3o do tr\u00e2nsito na via.<\/p>\n<p><img decoding=\"async\" src=\"http:\/\/aconteceunovale.com.br\/portal\/wp-content\/uploads\/2016\/12\/acidente_carreta_bh_1.jpg\" alt=\"\" \/><\/p>\n<p><img decoding=\"async\" src=\"http:\/\/aconteceunovale.com.br\/portal\/wp-content\/uploads\/2016\/12\/acidente_carreta_bh_2.jpg\" alt=\"\" \/><\/p>\n<p><img decoding=\"async\" src=\"http:\/\/aconteceunovale.com.br\/portal\/wp-content\/uploads\/2016\/12\/acidente_carreta_bh_3.jpg\" alt=\"\" \/><\/p>\n<p><img decoding=\"async\" src=\"http:\/\/aconteceunovale.com.br\/portal\/wp-content\/uploads\/2016\/12\/acidente_carreta_bh_4.jpg\" alt=\"\" \/><\/p>\n<p><img decoding=\"async\" src=\"http:\/\/aconteceunovale.com.br\/portal\/wp-content\/uploads\/2016\/12\/acidente_carreta_bh_5.jpg\" alt=\"\" \/><\/p>\n<p><img decoding=\"async\" src=\"http:\/\/aconteceunovale.com.br\/portal\/wp-content\/uploads\/2016\/12\/acidente_carreta_bh_6.jpg\" alt=\"\" \/><\/p>\n<p><img decoding=\"async\" src=\"http:\/\/aconteceunovale.com.br\/portal\/wp-content\/uploads\/2016\/12\/acidente_carreta_bh_7.jpg\" alt=\"\" \/><\/p>\n<p><img decoding=\"async\" src=\"http:\/\/aconteceunovale.com.br\/portal\/wp-content\/uploads\/2016\/12\/acidente_carreta_bh_8.jpg\" alt=\"\" \/><br \/>\n<\/br><\/p>\n<p><em>(Fonte: Ag\u00eancia Brasil \/ Fotos: Reprodu\u00e7\u00e3o Redes Sociais)<\/em><\/p>\n","protected":false},"excerpt":{"rendered":"<p>Uma carreta desgovernada atingiu 24 carros em Belo Horizonte, na tarde desta sexta-feira (16\/12\/2016). O acidente ocorreu na BR-356, na altura do bairro Belvedere, na regi\u00e3o Centro-Sul da capital mineira. O ve\u00edculo trafegava no sentido de quem chega \u00e0 cidade, vindo do Rio de Janeiro. N\u00e3o houve v\u00edtimas fatais. Segundo o Corpo de Bombeiros, 10 [&hellip;]<\/p>\n","protected":false},"author":1,"featured_media":104464,"comment_status":"open","ping_status":"closed","sticky":false,"template":"","format":"standard","meta":{"amp_status":"","footnotes":""},"categories":[123],"tags":[113615,130909,130905,130904,130910,121704,194,130907,76622,130908,130906,130903,1018,79852],"class_list":["post-104456","post","type-post","status-publish","format-standard","has-post-thumbnail","hentry","category-gerais","tag-acidente-belo-horizonte","tag-acidente-belvedere-belo-horizonte","tag-acidente-br-356","tag-acidente-carreta-belo-horizonte","tag-acidente-com-carreta-em-belo-horizonte","tag-acidente-de-transito","tag-belo-horizonte","tag-br-536","tag-br-356","tag-carreta-desgovernada-atinge-mais-de-20-carros-em-belo-horizonte","tag-carreta-desgovernada-atinge-veiculos-na-br-356","tag-carreta-desgovernada-atingiu-24-carros-em-belo-horizonte","tag-destaque","tag-sao-joao-de-meriti"],"_links":{"self":[{"href":"https:\/\/aconteceunovale.com.br\/portal\/index.php?rest_route=\/wp\/v2\/posts\/104456","targetHints":{"allow":["GET"]}}],"collection":[{"href":"https:\/\/aconteceunovale.com.br\/portal\/index.php?rest_route=\/wp\/v2\/posts"}],"about":[{"href":"https:\/\/aconteceunovale.com.br\/portal\/index.php?rest_route=\/wp\/v2\/types\/post"}],"author":[{"embeddable":true,"href":"https:\/\/aconteceunovale.com.br\/portal\/index.php?rest_route=\/wp\/v2\/users\/1"}],"replies":[{"embeddable":true,"href":"https:\/\/aconteceunovale.com.br\/portal\/index.php?rest_route=%2Fwp%2Fv2%2Fcomments&post=104456"}],"version-history":[{"count":0,"href":"https:\/\/aconteceunovale.com.br\/portal\/index.php?rest_route=\/wp\/v2\/posts\/104456\/revisions"}],"wp:featuredmedia":[{"embeddable":true,"href":"https:\/\/aconteceunovale.com.br\/portal\/index.php?rest_route=\/wp\/v2\/media\/104464"}],"wp:attachment":[{"href":"https:\/\/aconteceunovale.com.br\/portal\/index.php?rest_route=%2Fwp%2Fv2%2Fmedia&parent=104456"}],"wp:term":[{"taxonomy":"category","embeddable":true,"href":"https:\/\/aconteceunovale.com.br\/portal\/index.php?rest_route=%2Fwp%2Fv2%2Fcategories&post=104456"},{"taxonomy":"post_tag","embeddable":true,"href":"https:\/\/aconteceunovale.com.br\/portal\/index.php?rest_route=%2Fwp%2Fv2%2Ftags&post=104456"}],"curies":[{"name":"wp","href":"https:\/\/api.w.org\/{rel}","templated":true}]}}