{"id":104422,"date":"2016-12-16T21:06:28","date_gmt":"2016-12-16T23:06:28","guid":{"rendered":"http:\/\/aconteceunovale.com.br\/portal\/?p=104422"},"modified":"2016-12-16T21:06:28","modified_gmt":"2016-12-16T23:06:28","slug":"plantonista-do-hospital-de-minas-novas-alerta-populacao-para-a-falta-de-soro-antiofidico","status":"publish","type":"post","link":"https:\/\/aconteceunovale.com.br\/portal\/?p=104422","title":{"rendered":"Plantonista do hospital de Minas Novas alerta popula\u00e7\u00e3o para a falta de soro antiof\u00eddico"},"content":{"rendered":"<p>O m\u00e9dico T\u00falio Pereira J\u00fanior, plantonista do Hospital Doutor Badar\u00f3 J\u00fanior, em Minas Novas enviou nota ao Aconteceu no Vale na noite desta sexta-feira (16\/12\/2016) para alertar a popula\u00e7\u00e3o minasnovense e de munic\u00edpios circunvizinhos sobre a falta de soro para tratamento de v\u00edtimas de acidentes com animais pe\u00e7onhentos.<\/p>\n<p><em>\u201cPara fins de transpar\u00eancia e alerta \u00e0 popula\u00e7\u00e3o de todo o nosso Vale. Atualmente estamos passando por um desabastecimento de soro antiof\u00eddico (antibotr\u00f3pico e anticrot\u00e1lico) e antiescorpi\u00f4nico. Os soros antivenenos s\u00e3o fornecidos ao Minist\u00e9rio da Sa\u00fade pelos laborat\u00f3rios produtores oficiais brasileiros como o Instituto Butantan, Instituto Vital Brazil (IVB), Funda\u00e7\u00e3o Ezequiel Dias (Funed) e Centro de Produ\u00e7\u00e3o e Pesquisa de Imunobiol\u00f3gicos (CPPI).<\/p>\n<p>A superintend\u00eancia n\u00e3o nos informou a causa do desabastecimento. Para nos deixarem pasmados pela falta de compet\u00eancia dos setores respons\u00e1veis, eles tomaram as seguintes medidas:<\/p>\n<p>Mudaram os protocolos para que sejam consumidas menos ampolas por paciente, ou seja, determinaram que devemos usar menos soro para cada acidente por animal pe\u00e7onhento. N\u00e3o informaram nenhum crit\u00e9rio cient\u00edfico para esta redu\u00e7\u00e3o, desta forma os pacientes podem n\u00e3o receber a quantidade necess\u00e1ria para seu tratamento.<\/p>\n<p>Dificultaram o acesso ao soro. Todos os hospitais (Minas Novas, Turmalina e Capelinha) de nossa microrregi\u00e3o (munic\u00edpios: Minas Novas, Capelinha, Turmalina, Chapada do Norte, Angel\u00e2ndia, Veredinha, Leme do Prado e Jos\u00e9 Gon\u00e7alves de Minas) sempre contaram com pequenos estoques de soro, para atender pelo menos um caso grave, agora centralizaram o estoque de soro antiof\u00eddico, desta forma dever\u00edamos encaminhar todos os casos para o Hospital de Turmalina. O problema que n\u00e3o est\u00e3o disponibilizando soro para aquele servi\u00e7o. Na \u00faltima semana atendi um adolescente de Minas Novas, encaminhei o caso imediatamente para o Hospital de Turmalina, todavia o estoque dispon\u00edvel apenas compreendia um d\u00e9cimo da dose necess\u00e1ria para o tratamento do paciente.<\/p>\n<p>Trocaram a finalidade dos soros. A Superintend\u00eancia determinou que: devido a falta de soro antiescorpi\u00f4nico \u00e9 para ser utilizada soro antiaracn\u00eddico, ou seja, se picado por escorpi\u00e3o vamos utilizar soro para tratamento de picada por aranha.<\/p>\n<p>Considerando que estamos na \u00e9poca de maior frequ\u00eancia de acidentes causados por escorpi\u00e3o, e que esta \u00e9 uma causa muito frequente de \u00f3bito em crian\u00e7as, mesmo que receberam o soro adequado na dose adequada, para mim este \u00e9 o an\u00fancio de uma trag\u00e9dia.<\/p>\n<p>Solicito que desta forma, a popula\u00e7\u00e3o tenha conhecimento da situa\u00e7\u00e3o.&#8221;<\/em>, diz o texto enviado ao Aconteceu no Vale.<\/p>\n","protected":false},"excerpt":{"rendered":"<p>O m\u00e9dico T\u00falio Pereira J\u00fanior, plantonista do Hospital Doutor Badar\u00f3 J\u00fanior, em Minas Novas enviou nota ao Aconteceu no Vale na noite desta sexta-feira (16\/12\/2016) para alertar a popula\u00e7\u00e3o minasnovense e de munic\u00edpios circunvizinhos sobre a falta de soro para tratamento de v\u00edtimas de acidentes com animais pe\u00e7onhentos. \u201cPara fins de transpar\u00eancia e alerta \u00e0 [&hellip;]<\/p>\n","protected":false},"author":1,"featured_media":104423,"comment_status":"open","ping_status":"closed","sticky":false,"template":"","format":"standard","meta":{"amp_status":"","footnotes":""},"categories":[120],"tags":[657,130855,132,481,130851,130852,130854,917,480,137,130850,130853,178,916],"class_list":["post-104422","post","type-post","status-publish","format-standard","has-post-thumbnail","hentry","category-jequi","tag-angelandia","tag-antiofidico","tag-capelinha","tag-chapada-do-norte","tag-falta-de-soro-antiofidico-em-minas-novas","tag-hospital-de-minas-novas","tag-hospital-doutor-badaro-junior","tag-jose-goncalves-de-minas","tag-leme-do-prado","tag-minas-novas","tag-plantonista-do-hospital-de-minas-novas-alerta-populacao-para-a-falta-de-soro-antiofidico","tag-tulio-pereira-junior","tag-turmalina","tag-veredinha"],"_links":{"self":[{"href":"https:\/\/aconteceunovale.com.br\/portal\/index.php?rest_route=\/wp\/v2\/posts\/104422","targetHints":{"allow":["GET"]}}],"collection":[{"href":"https:\/\/aconteceunovale.com.br\/portal\/index.php?rest_route=\/wp\/v2\/posts"}],"about":[{"href":"https:\/\/aconteceunovale.com.br\/portal\/index.php?rest_route=\/wp\/v2\/types\/post"}],"author":[{"embeddable":true,"href":"https:\/\/aconteceunovale.com.br\/portal\/index.php?rest_route=\/wp\/v2\/users\/1"}],"replies":[{"embeddable":true,"href":"https:\/\/aconteceunovale.com.br\/portal\/index.php?rest_route=%2Fwp%2Fv2%2Fcomments&post=104422"}],"version-history":[{"count":0,"href":"https:\/\/aconteceunovale.com.br\/portal\/index.php?rest_route=\/wp\/v2\/posts\/104422\/revisions"}],"wp:featuredmedia":[{"embeddable":true,"href":"https:\/\/aconteceunovale.com.br\/portal\/index.php?rest_route=\/wp\/v2\/media\/104423"}],"wp:attachment":[{"href":"https:\/\/aconteceunovale.com.br\/portal\/index.php?rest_route=%2Fwp%2Fv2%2Fmedia&parent=104422"}],"wp:term":[{"taxonomy":"category","embeddable":true,"href":"https:\/\/aconteceunovale.com.br\/portal\/index.php?rest_route=%2Fwp%2Fv2%2Fcategories&post=104422"},{"taxonomy":"post_tag","embeddable":true,"href":"https:\/\/aconteceunovale.com.br\/portal\/index.php?rest_route=%2Fwp%2Fv2%2Ftags&post=104422"}],"curies":[{"name":"wp","href":"https:\/\/api.w.org\/{rel}","templated":true}]}}