{"id":104419,"date":"2016-12-16T20:35:12","date_gmt":"2016-12-16T22:35:12","guid":{"rendered":"http:\/\/aconteceunovale.com.br\/portal\/?p=104419"},"modified":"2016-12-16T20:35:12","modified_gmt":"2016-12-16T22:35:12","slug":"alvo-da-operacao-timoteo-pastor-malafaia-diz-que-nao-e-bandido","status":"publish","type":"post","link":"https:\/\/aconteceunovale.com.br\/portal\/?p=104419","title":{"rendered":"Alvo da Opera\u00e7\u00e3o Tim\u00f3teo, pastor Malafaia diz que n\u00e3o \u00e9 bandido"},"content":{"rendered":"<p>O pastor Silas Malafaia, da Igreja Assembleia de Deus Vit\u00f3ria em Cristo, chegou \u00e0 sede da superintend\u00eancia da Pol\u00edcia Federal, em S\u00e3o Paulo, para depor, por volta das 16h de hoje (16\/12\/2016). Ele \u00e9 um dos alvos da Opera\u00e7\u00e3o Tim\u00f3teo, deflagrada hoje pela PF, que investiga irregularidades em cobran\u00e7as de\u00a0<em>royalties<\/em>\u00a0da explora\u00e7\u00e3o mineral.<\/p>\n<p>Malafaia foi levado coercitivamente para depor. Antes de prestar o depoimento, conversou com jornalistas na porta da superintend\u00eancia e disse que se apresentou espontaneamente.<\/p>\n<p>O pastor diz ser inocente. Exaltado, confirmou ter recebido um cheque no valor de R$ 100 mil de um amigo, que tamb\u00e9m \u00e9 pastor, depositado diretamente em sua conta banc\u00e1ria. Ele disse que o valor era uma \u201coferta\u201d por ter orado por uma pessoa, em 2011, que agora, descobriu fazer parte do esquema criminoso. O valor, segundo ele, foi declarado no Imposto de Renda.<\/p>\n<p>\u201cEm 2013, eu recebi em meu escrit\u00f3rio o pastor Michael Abud, meu amigo h\u00e1 mais de 20 anos, sobre um membro da igreja dele, que \u00e9 empres\u00e1rio, para me dar uma oferta pessoal. Ele me deu uma oferta de R$ 100 mil depositado na minha conta, declarado no Imposto de Renda\u201d, disse.<\/p>\n<p>Ao ser indagado sobre o dep\u00f3sito ter sido em sua conta pessoal, e n\u00e3o na da Igreja, Malafaia respondeu que \u201c\u00e9 muito f\u00e1cil\u201d fazer essa diferencia\u00e7\u00e3o. \u201cRecebo oferta, como v\u00e1rios pastores. Eu fui na igreja desse pastor Abud, que \u00e9 meu amigo, em 2011. &#8216;Ore aqui por um empres\u00e1rio que est\u00e1 envolvido em neg\u00f3cios&#8217;. Eu orei por ele. Em 2013, o Michael Abud me liga e diz: &#8216;Silas, sabe aquele empres\u00e1rio por quem voc\u00ea orou? Ele quer fazer uma oferta pessoal. Eu n\u00e3o recebi oferta s\u00f3 de R$ 100 mil n\u00e3o. Recebo ofertas at\u00e9 maiores e declaro no Imposto de Renda. N\u00e3o tem nada escondido, n\u00e3o tem nada oculto. A diferen\u00e7a \u00e9 que as pessoas d\u00e3o oferta ou para o pastor ou para a institui\u00e7\u00e3o. Muito mais na institui\u00e7\u00e3o do que para o pastor\u201d, disse.<\/p>\n<p>O pastor disse que recebe cheques de altos valores para a igreja e, tamb\u00e9m, pessoalmente. Valores, de acordo com ele, muitas vezes superior a R$ 100 mil, chegando a R$ 5 milh\u00f5es.<\/p>\n<p>Malafaia reclamou de ter sido convocado para prestar esclarecimentos hoje. \u201cN\u00e3o sou bandido, n\u00e3o estou envolvido com corrup\u00e7\u00e3o, n\u00e3o sou ladr\u00e3o. Estou indignado. Que Estado de Direito \u00e9 esse? Sabe o porqu\u00ea disso? Porque, h\u00e1 dez dias atr\u00e1s, eu falei que sou a favor de uma justi\u00e7a independente, forte, mas n\u00e3o absoluta. Retalia\u00e7\u00e3o, \u00e9 isso? Querem aparecer em cima de mim?\u201d, falou em tom alto. \u201cEssa \u00e9 uma tentativa de denegrir, e tem interesses pessoais, porque eu me posiciono, porque eu me coloco. Isso \u00e9 uma safadeza, uma molecagem. Estou desafiando a provar que estou envolvido com esses canalhas. Metam eles na cadeia\u201d, disse.<\/p>\n<p>Segundo ele, \u00e9 imposs\u00edvel saber se as pessoas que depositam dinheiro ou fazem doa\u00e7\u00f5es s\u00e3o criminosos. \u201cAmanh\u00e3, um vagabundo qualquer, um bandido qualquer, um traficante qualquer, um canalha qualquer deposita um cheque na minha ou qualquer igreja. E o cara \u00e9 descoberto. Quer dizer que o pastor \u00e9 bandido?.\u201d<\/p>\n<p><strong>Twitter<\/strong><\/p>\n<p>Sobre o fato de, h\u00e1 alguns meses, ter se posicionado no Twitter a favor das condu\u00e7\u00f5es coercitivas, principalmente no caso do ex-presidente Luiz In\u00e1cio Lula da Silva, o pastor Malafaia disse que agora \u00e9 diferente. \u201cAcho engra\u00e7ado os esquerdopatas. Quando o Lula foi levado coercitivamente, eu botei no Twitter. Tem que levar. Agora, s\u00e3o quantas den\u00fancias contra o Lula? Essa cambada de corrupto e de PT quer me comparar com isso? \u00c9 uma afronta. Quem est\u00e1 me denunciando? Quem \u00e9 que foi preso e disse que eu recebia dinheiro? Querem comparar? Tem que ter l\u00f3gica, gente\u201d, afirmou.<\/p>\n<p><strong>Opera\u00e7\u00e3o Tim\u00f3teo<\/strong><\/p>\n<p>A Pol\u00edcia Federal deflagrou hoje a Opera\u00e7\u00e3o Tim\u00f3teo, com a\u00e7\u00f5es em 11 estados e no Distrito Federal. Est\u00e3o sendo realizadas buscas e apreens\u00f5es em 52 endere\u00e7os relacionados a uma organiza\u00e7\u00e3o criminosa investigada por esquema de corrup\u00e7\u00e3o em cobran\u00e7as judiciais de royalties da explora\u00e7\u00e3o mineral.<\/p>\n<p>\u201cEntre uns dos investigados por esse apoio na lavagem do dinheiro est\u00e1 uma lideran\u00e7a religiosa, que recebeu valores do principal escrit\u00f3rio de advocacia respons\u00e1vel pelo esquema. A suspeita a ser esclarecida pelos policiais \u00e9 se esse l\u00edder religioso pode ter &#8216;emprestado&#8217; contas correntes de uma institui\u00e7\u00e3o religiosa sob sua influ\u00eancia, com a inten\u00e7\u00e3o de ocultar a origem il\u00edcita dos valores\u201d, informou a corpora\u00e7\u00e3o.<\/p>\n","protected":false},"excerpt":{"rendered":"<p>O pastor Silas Malafaia, da Igreja Assembleia de Deus Vit\u00f3ria em Cristo, chegou \u00e0 sede da superintend\u00eancia da Pol\u00edcia Federal, em S\u00e3o Paulo, para depor, por volta das 16h de hoje (16\/12\/2016). Ele \u00e9 um dos alvos da Opera\u00e7\u00e3o Tim\u00f3teo, deflagrada hoje pela PF, que investiga irregularidades em cobran\u00e7as de\u00a0royalties\u00a0da explora\u00e7\u00e3o mineral. Malafaia foi levado [&hellip;]<\/p>\n","protected":false},"author":1,"featured_media":104420,"comment_status":"open","ping_status":"closed","sticky":false,"template":"","format":"standard","meta":{"amp_status":"","footnotes":""},"categories":[6],"tags":[130848,130757,130753,130755,130754,18914,130744,130749,130849,130756,130758,20966,772,130750,130752],"class_list":["post-104419","post","type-post","status-publish","format-standard","has-post-thumbnail","hentry","category-br","tag-alvo-da-operacao-timoteo","tag-conduao-coercitiva","tag-conducao-de-silas-malafaia-pela-pf","tag-igreja-assembleia-de-deus","tag-investigacao-silas-malafaia","tag-operacao","tag-operacao-timoteo","tag-pastor-da-igreja-assembleia-de-deus-silas-malafaia","tag-pastor-malafaia-diz-que-nao-e-bandido","tag-pastor-silas-malafaia","tag-pastor-silas-malafaia-e-conduzido-coercitivamente-em-operacao-da-policia-federal","tag-pf","tag-policia-federal","tag-silas-malafaia","tag-silas-malafaia-e-conduzido-pela-pf"],"_links":{"self":[{"href":"https:\/\/aconteceunovale.com.br\/portal\/index.php?rest_route=\/wp\/v2\/posts\/104419","targetHints":{"allow":["GET"]}}],"collection":[{"href":"https:\/\/aconteceunovale.com.br\/portal\/index.php?rest_route=\/wp\/v2\/posts"}],"about":[{"href":"https:\/\/aconteceunovale.com.br\/portal\/index.php?rest_route=\/wp\/v2\/types\/post"}],"author":[{"embeddable":true,"href":"https:\/\/aconteceunovale.com.br\/portal\/index.php?rest_route=\/wp\/v2\/users\/1"}],"replies":[{"embeddable":true,"href":"https:\/\/aconteceunovale.com.br\/portal\/index.php?rest_route=%2Fwp%2Fv2%2Fcomments&post=104419"}],"version-history":[{"count":0,"href":"https:\/\/aconteceunovale.com.br\/portal\/index.php?rest_route=\/wp\/v2\/posts\/104419\/revisions"}],"wp:featuredmedia":[{"embeddable":true,"href":"https:\/\/aconteceunovale.com.br\/portal\/index.php?rest_route=\/wp\/v2\/media\/104420"}],"wp:attachment":[{"href":"https:\/\/aconteceunovale.com.br\/portal\/index.php?rest_route=%2Fwp%2Fv2%2Fmedia&parent=104419"}],"wp:term":[{"taxonomy":"category","embeddable":true,"href":"https:\/\/aconteceunovale.com.br\/portal\/index.php?rest_route=%2Fwp%2Fv2%2Fcategories&post=104419"},{"taxonomy":"post_tag","embeddable":true,"href":"https:\/\/aconteceunovale.com.br\/portal\/index.php?rest_route=%2Fwp%2Fv2%2Ftags&post=104419"}],"curies":[{"name":"wp","href":"https:\/\/api.w.org\/{rel}","templated":true}]}}