{"id":104411,"date":"2016-12-16T19:28:13","date_gmt":"2016-12-16T21:28:13","guid":{"rendered":"http:\/\/aconteceunovale.com.br\/portal\/?p=104411"},"modified":"2016-12-16T19:28:13","modified_gmt":"2016-12-16T21:28:13","slug":"governo-de-minas-gerais-publica-nova-lista-com-1-217-atos-de-aposentadoria-na-educacao","status":"publish","type":"post","link":"https:\/\/aconteceunovale.com.br\/portal\/?p=104411","title":{"rendered":"Governo de Minas Gerais publica nova lista com 1.217 atos de aposentadoria na Educa\u00e7\u00e3o"},"content":{"rendered":"<p>O\u00a0Di\u00e1rio Oficial Minas Gerais\u00a0desta sexta-feira (16\/12) traz uma nova lista com 1.217 atos de aposentadoria de servidores da Educa\u00e7\u00e3o. Com esta publica\u00e7\u00e3o, o n\u00famero de aposentadorias publicadas desde o in\u00edcio de 2015 chega a 26.107.\u00a0<a href=\"http:\/\/jornal.iof.mg.gov.br\/xmlui\/handle\/123456789\/174421\" target=\"_blank\">Clique aqui para ver a lista<\/a>.<\/p>\n<p>Entre janeiro e dezembro de 2016, o n\u00famero de publica\u00e7\u00f5es chegou a 13.866. Essa nova lista contempla servidores que estavam em afastamento preliminar e a partir de agora est\u00e3o efetivamente aposentados.<\/p>\n<p>Um grupo de trabalho composto de servidores da\u00a0Secretaria de Estado de Educa\u00e7\u00e3o (SEE)\u00a0e da\u00a0Secretaria de Estado de Planejamento e Gest\u00e3o (Seplag)\u00a0constitui for\u00e7a tarefa para tornar mais \u00e1geis os procedimentos ligados \u00e0 aposentadoria dos servidores da SEE.<\/p>\n<p>O objetivo do grupo \u00e9 reduzir passivo de aposentadoria herdado em gest\u00f5es anteriores. Ao pedirem aposentadoria, os servidores entram em afastamento preliminar de suas atividades enquanto aguardam publica\u00e7\u00e3o do Ato. A espera, em alguns casos, chegava a duas d\u00e9cadas. (Ag\u00eancia Minas)<\/p>\n","protected":false},"excerpt":{"rendered":"<p>O\u00a0Di\u00e1rio Oficial Minas Gerais\u00a0desta sexta-feira (16\/12) traz uma nova lista com 1.217 atos de aposentadoria de servidores da Educa\u00e7\u00e3o. Com esta publica\u00e7\u00e3o, o n\u00famero de aposentadorias publicadas desde o in\u00edcio de 2015 chega a 26.107.\u00a0Clique aqui para ver a lista. Entre janeiro e dezembro de 2016, o n\u00famero de publica\u00e7\u00f5es chegou a 13.866. Essa nova [&hellip;]<\/p>\n","protected":false},"author":1,"featured_media":69034,"comment_status":"open","ping_status":"closed","sticky":false,"template":"","format":"standard","meta":{"amp_status":"","footnotes":""},"categories":[40238,123],"tags":[130839,130835,130837,130838,130836,84362,130834,130840],"class_list":["post-104411","post","type-post","status-publish","format-standard","has-post-thumbnail","hentry","category-educacao-2","category-gerais","tag-aposentacao-minas-gerais","tag-aposentadoria-de-servidores-da-educacao-em-minas-gerais","tag-aposentadoria-governo-de-minas","tag-aposentadoria-governo-de-minas-gerais","tag-aposentadoria-servidores-minas-gerais","tag-educacao-minas-gerais","tag-governo-de-minas-gerais-publica-nova-lista-com-1-217-atos-de-aposentadoria-na-educacao","tag-lista-de-aposentadoria-na-educacao-em-minas-gerais"],"_links":{"self":[{"href":"https:\/\/aconteceunovale.com.br\/portal\/index.php?rest_route=\/wp\/v2\/posts\/104411","targetHints":{"allow":["GET"]}}],"collection":[{"href":"https:\/\/aconteceunovale.com.br\/portal\/index.php?rest_route=\/wp\/v2\/posts"}],"about":[{"href":"https:\/\/aconteceunovale.com.br\/portal\/index.php?rest_route=\/wp\/v2\/types\/post"}],"author":[{"embeddable":true,"href":"https:\/\/aconteceunovale.com.br\/portal\/index.php?rest_route=\/wp\/v2\/users\/1"}],"replies":[{"embeddable":true,"href":"https:\/\/aconteceunovale.com.br\/portal\/index.php?rest_route=%2Fwp%2Fv2%2Fcomments&post=104411"}],"version-history":[{"count":0,"href":"https:\/\/aconteceunovale.com.br\/portal\/index.php?rest_route=\/wp\/v2\/posts\/104411\/revisions"}],"wp:featuredmedia":[{"embeddable":true,"href":"https:\/\/aconteceunovale.com.br\/portal\/index.php?rest_route=\/wp\/v2\/media\/69034"}],"wp:attachment":[{"href":"https:\/\/aconteceunovale.com.br\/portal\/index.php?rest_route=%2Fwp%2Fv2%2Fmedia&parent=104411"}],"wp:term":[{"taxonomy":"category","embeddable":true,"href":"https:\/\/aconteceunovale.com.br\/portal\/index.php?rest_route=%2Fwp%2Fv2%2Fcategories&post=104411"},{"taxonomy":"post_tag","embeddable":true,"href":"https:\/\/aconteceunovale.com.br\/portal\/index.php?rest_route=%2Fwp%2Fv2%2Ftags&post=104411"}],"curies":[{"name":"wp","href":"https:\/\/api.w.org\/{rel}","templated":true}]}}