{"id":104408,"date":"2016-12-16T19:22:35","date_gmt":"2016-12-16T21:22:35","guid":{"rendered":"http:\/\/aconteceunovale.com.br\/portal\/?p=104408"},"modified":"2016-12-16T19:22:35","modified_gmt":"2016-12-16T21:22:35","slug":"escola-da-penitenciaria-de-ipaba-se-destaca-na-maior-competicao-mundial-de-matematica","status":"publish","type":"post","link":"https:\/\/aconteceunovale.com.br\/portal\/?p=104408","title":{"rendered":"Escola da Penitenci\u00e1ria de Ipaba se destaca na maior competi\u00e7\u00e3o mundial de matem\u00e1tica"},"content":{"rendered":"<p>A Escola Estadual D\u00eanio Moreira de Carvalho, da Penitenci\u00e1ria de Ipaba, no territ\u00f3rio Vale do A\u00e7o, destacou-se na 6\u00aa. edi\u00e7\u00e3o brasileira da Olimp\u00edada Internacional Matem\u00e1tica sem Fronteiras \u2013 a maior olimp\u00edada de matem\u00e1tica interclasses do mundo. A unidade prisional foi agraciada com duas medalhas de prata e uma men\u00e7\u00e3o honrosa, na categoria nacional, al\u00e9m de uma medalha de ouro e outra de prata, na categoria estadual.<\/p>\n<p>\u201c\u00c9 com muita satisfa\u00e7\u00e3o que recebemos essas premia\u00e7\u00f5es. Buscamos sempre promover a educa\u00e7\u00e3o e a profissionaliza\u00e7\u00e3o dos indiv\u00edduos privados de liberdade para humanizar o Sistema Prisional no Estado\u201d, conta a subsecret\u00e1ria de Humaniza\u00e7\u00e3o do Atendimento da Secretaria de Estado de Administra\u00e7\u00e3o Prisional de Minas Gerais (Seap), Em\u00edlia Castilho.<\/p>\n<p><strong>Prova e premia\u00e7\u00f5es<\/strong><\/p>\n<p>A prova, realizada no primeiro semestre do ano, possui um formato diferente das outras competi\u00e7\u00f5es de matem\u00e1tica, j\u00e1 que a atividade \u00e9 realizada em grupo, buscando conciliar a complexidade do racioc\u00ednio matem\u00e1tico com o trabalho colaborativo. Dessa forma, a premia\u00e7\u00e3o \u00e9 por turma; n\u00e3o individual.<\/p>\n<p>Os detentos das equipes vencedoras foram contemplados com as medalhas na manh\u00e3 desta sexta-feira, 16.12, durante cerim\u00f4nia no Audit\u00f3rio da Penitenci\u00e1ria D\u00eanio Moreira de Carvalho.<\/p>\n<p>Apesar do empenho, o detento Ranico de Oliveira, de 20 anos, que sempre teve a matem\u00e1tica como sua mat\u00e9ria predileta, diz que ficou surpreso com a premia\u00e7\u00e3o na categoria ouro estadual. Ele retomou, dentro da penitenci\u00e1ria, o estudo interrompido na adolesc\u00eancia. \u201cLevei um susto com a not\u00edcia! Gosto de estudar, mas tive que parar na 5\u00aa s\u00e9rie porque precisava trabalhar. Agora j\u00e1 estou no 2\u00ba ano do Ensino M\u00e9dio\u201d, revela.<\/p>\n<p><strong>Refer\u00eancia mundial<\/strong><\/p>\n<p>O evento \u00e9 a edi\u00e7\u00e3o brasileira da competi\u00e7\u00e3o criada na Fran\u00e7a em 1990 &#8211; \u201cMath\u00e9matiques Sans Fronti\u00e8res\u201d. Atualmente, 29 pa\u00edses realizam o concurso com mais de 200 mil estudantes do Ensino Fundamental e M\u00e9dio de escolas p\u00fablicas e privadas, sendo mais de 60 mil s\u00f3 no Brasil. A D\u00eanio Moreira de Carvalho sobressai, nesse contexto mundial, como a \u00fanica escola de uma unidade prisional participante da competi\u00e7\u00e3o.<\/p>\n<p>Para Ozimar Pereira, diretor da Rede do Programa de Olimp\u00edadas do Conhecimento &#8211; Rede POC, institui\u00e7\u00e3o privada respons\u00e1vel pela organiza\u00e7\u00e3o da competi\u00e7\u00e3o no Brasil, o desempenho dos alunos da penitenci\u00e1ria foi surpreendente.<\/p>\n<p>\u201c\u00c9 rar\u00edssimo ver a promo\u00e7\u00e3o dos estudantes dentro do Sistema Prisional no \u00e2mbito mundial. A inciativa da diretora da E. E. D\u00eanio Moreira de Carvalho foi pioneira e deve ser um exemplo a ser seguido no mundo\u201d, destaca.<\/p>\n<p><img decoding=\"async\" src=\"http:\/\/aconteceunovale.com.br\/portal\/wp-content\/uploads\/2016\/12\/escola_denio_moreira.jpg\" alt=\"\" \/><em>Escola Estadual D\u00eanio Moreira de Carvalho (Foto: Divulga\u00e7\u00e3o\/SRE Caratinga)<\/em><br \/>\n<\/br><\/p>\n<p>(Ag\u00eancia Minas)<\/p>\n","protected":false},"excerpt":{"rendered":"<p>A Escola Estadual D\u00eanio Moreira de Carvalho, da Penitenci\u00e1ria de Ipaba, no territ\u00f3rio Vale do A\u00e7o, destacou-se na 6\u00aa. edi\u00e7\u00e3o brasileira da Olimp\u00edada Internacional Matem\u00e1tica sem Fronteiras \u2013 a maior olimp\u00edada de matem\u00e1tica interclasses do mundo. A unidade prisional foi agraciada com duas medalhas de prata e uma men\u00e7\u00e3o honrosa, na categoria nacional, al\u00e9m de [&hellip;]<\/p>\n","protected":false},"author":1,"featured_media":104409,"comment_status":"open","ping_status":"closed","sticky":false,"template":"","format":"standard","meta":{"amp_status":"","footnotes":""},"categories":[40238,121],"tags":[130830,130829,101699,2234,130832,38229,38226,27225,130828,130833,130831],"class_list":["post-104408","post","type-post","status-publish","format-standard","has-post-thumbnail","hentry","category-educacao-2","category-leste","tag-escola-da-penitenciaria-de-ipaba","tag-escola-da-penitenciaria-de-ipaba-se-destaca-na-maior-competicao-mundial-de-matematica","tag-escola-estadual-denio-moreira-de-carvalho","tag-ipaba","tag-maior-olimpiada-de-matematica-interclasses-do-mundo","tag-mathematiques-sans-frontieres","tag-olimpiada-internacional-matematica-sem-fronteiras","tag-penitenciaria-de-ipaba","tag-penitenciaria-de-ipaba-se-destaca-na-maior-competicao-mundial-de-matematica","tag-ranico-de-oliveira","tag-sexta-olimpiada-internacional-matematica-sem-fronteiras"],"_links":{"self":[{"href":"https:\/\/aconteceunovale.com.br\/portal\/index.php?rest_route=\/wp\/v2\/posts\/104408","targetHints":{"allow":["GET"]}}],"collection":[{"href":"https:\/\/aconteceunovale.com.br\/portal\/index.php?rest_route=\/wp\/v2\/posts"}],"about":[{"href":"https:\/\/aconteceunovale.com.br\/portal\/index.php?rest_route=\/wp\/v2\/types\/post"}],"author":[{"embeddable":true,"href":"https:\/\/aconteceunovale.com.br\/portal\/index.php?rest_route=\/wp\/v2\/users\/1"}],"replies":[{"embeddable":true,"href":"https:\/\/aconteceunovale.com.br\/portal\/index.php?rest_route=%2Fwp%2Fv2%2Fcomments&post=104408"}],"version-history":[{"count":0,"href":"https:\/\/aconteceunovale.com.br\/portal\/index.php?rest_route=\/wp\/v2\/posts\/104408\/revisions"}],"wp:featuredmedia":[{"embeddable":true,"href":"https:\/\/aconteceunovale.com.br\/portal\/index.php?rest_route=\/wp\/v2\/media\/104409"}],"wp:attachment":[{"href":"https:\/\/aconteceunovale.com.br\/portal\/index.php?rest_route=%2Fwp%2Fv2%2Fmedia&parent=104408"}],"wp:term":[{"taxonomy":"category","embeddable":true,"href":"https:\/\/aconteceunovale.com.br\/portal\/index.php?rest_route=%2Fwp%2Fv2%2Fcategories&post=104408"},{"taxonomy":"post_tag","embeddable":true,"href":"https:\/\/aconteceunovale.com.br\/portal\/index.php?rest_route=%2Fwp%2Fv2%2Ftags&post=104408"}],"curies":[{"name":"wp","href":"https:\/\/api.w.org\/{rel}","templated":true}]}}