{"id":104397,"date":"2016-12-16T15:51:18","date_gmt":"2016-12-16T17:51:18","guid":{"rendered":"http:\/\/aconteceunovale.com.br\/portal\/?p=104397"},"modified":"2016-12-16T16:00:09","modified_gmt":"2016-12-16T18:00:09","slug":"colisao-contra-arvore-deixa-motorista-gravemente-ferido-na-br-116-no-leste-de-minas","status":"publish","type":"post","link":"https:\/\/aconteceunovale.com.br\/portal\/?p=104397","title":{"rendered":"Colis\u00e3o contra \u00e1rvore deixa motorista gravemente ferido na BR-116, no Leste de Minas"},"content":{"rendered":"<p>Um jovem de 21 anos ficou gravemente ferido na madrugada desta sexta-feira, 16 de dezembro de 2016, ap\u00f3s colidir o ve\u00edculo que conduzia contra uma \u00e1rvore \u00e0s margens da BR-116, no munic\u00edpio de Inhapim, no Leste de Minas Gerais. <\/p>\n<p>Segundo informa\u00e7\u00f5es do Corpo de Bombeiros, T\u00falio Vin\u00edcius de Oliveira Ferreira seguia sentido a Caratinga, quando o Fiat Uno com placas de Inhapim, saiu da pista na altura do quil\u00f4metro 506.<\/p>\n<p>Com o impacto da colis\u00e3o lateral contra uma \u00e1rvore, o condutor sofreu v\u00e1rios ferimentos. Ele foi socorrido por bombeiros comunit\u00e1rios de Ubaporanga e encaminhado ao Pronto Atendimento Microrregional em Caratinga.<\/p>\n<p>As causas e circunst\u00e2ncias do acidente ser\u00e3o apuradas.<\/p>\n<p><img decoding=\"async\" src=\"http:\/\/aconteceunovale.com.br\/portal\/wp-content\/uploads\/2016\/12\/colisao_arvore_inhapim_2.jpg\" alt=\"\" \/><em>Acidente aconteceu no km 506 da BR-116 (Foto: Super Canal Caratinga)<\/em><br \/>\n<\/br><\/p>\n<p><img decoding=\"async\" src=\"http:\/\/aconteceunovale.com.br\/portal\/wp-content\/uploads\/2016\/12\/colisao_arvore_inhapim_3.jpg\" alt=\"\" \/><em>Acidente aconteceu no km 506 da BR-116 (Foto: Super Canal Caratinga)<\/em><br \/>\n<\/br><\/p>\n<p><img decoding=\"async\" src=\"http:\/\/aconteceunovale.com.br\/portal\/wp-content\/uploads\/2016\/12\/colisao_arvore_inhapim_4.jpg\" alt=\"\" \/><em>Acidente aconteceu no km 506 da BR-116 (Foto: Super Canal Caratinga)<\/em><\/p>\n","protected":false},"excerpt":{"rendered":"<p>Um jovem de 21 anos ficou gravemente ferido na madrugada desta sexta-feira, 16 de dezembro de 2016, ap\u00f3s colidir o ve\u00edculo que conduzia contra uma \u00e1rvore \u00e0s margens da BR-116, no munic\u00edpio de Inhapim, no Leste de Minas Gerais. Segundo informa\u00e7\u00f5es do Corpo de Bombeiros, T\u00falio Vin\u00edcius de Oliveira Ferreira seguia sentido a Caratinga, quando [&hellip;]<\/p>\n","protected":false},"author":1,"featured_media":104401,"comment_status":"open","ping_status":"closed","sticky":false,"template":"","format":"standard","meta":{"amp_status":"","footnotes":""},"categories":[121],"tags":[130820,56043,237,130816,130818,130817,130819,50751,130821],"class_list":["post-104397","post","type-post","status-publish","format-standard","has-post-thumbnail","hentry","category-leste","tag-acidente-com-uno-de-inhapim","tag-acidente-em-inhapim","tag-caratinga","tag-colisao-contra-arvore-deixa-motorista-gravemente-ferido-na-br-116","tag-colisao-contra-arvore-deixa-motorista-gravemente-ferido-na-br-116-em-inhapim","tag-colisao-contra-arvore-deixa-motorista-gravemente-ferido-na-br-116-no-leste-de-minas","tag-colisao-contra-arvore-deixa-motorista-gravemente-ferido-na-br-116-no-vale-do-rio-doce","tag-no-leste-de-minas","tag-tulio-vinicius-de-oliveira-ferreira"],"_links":{"self":[{"href":"https:\/\/aconteceunovale.com.br\/portal\/index.php?rest_route=\/wp\/v2\/posts\/104397","targetHints":{"allow":["GET"]}}],"collection":[{"href":"https:\/\/aconteceunovale.com.br\/portal\/index.php?rest_route=\/wp\/v2\/posts"}],"about":[{"href":"https:\/\/aconteceunovale.com.br\/portal\/index.php?rest_route=\/wp\/v2\/types\/post"}],"author":[{"embeddable":true,"href":"https:\/\/aconteceunovale.com.br\/portal\/index.php?rest_route=\/wp\/v2\/users\/1"}],"replies":[{"embeddable":true,"href":"https:\/\/aconteceunovale.com.br\/portal\/index.php?rest_route=%2Fwp%2Fv2%2Fcomments&post=104397"}],"version-history":[{"count":0,"href":"https:\/\/aconteceunovale.com.br\/portal\/index.php?rest_route=\/wp\/v2\/posts\/104397\/revisions"}],"wp:featuredmedia":[{"embeddable":true,"href":"https:\/\/aconteceunovale.com.br\/portal\/index.php?rest_route=\/wp\/v2\/media\/104401"}],"wp:attachment":[{"href":"https:\/\/aconteceunovale.com.br\/portal\/index.php?rest_route=%2Fwp%2Fv2%2Fmedia&parent=104397"}],"wp:term":[{"taxonomy":"category","embeddable":true,"href":"https:\/\/aconteceunovale.com.br\/portal\/index.php?rest_route=%2Fwp%2Fv2%2Fcategories&post=104397"},{"taxonomy":"post_tag","embeddable":true,"href":"https:\/\/aconteceunovale.com.br\/portal\/index.php?rest_route=%2Fwp%2Fv2%2Ftags&post=104397"}],"curies":[{"name":"wp","href":"https:\/\/api.w.org\/{rel}","templated":true}]}}