{"id":104220,"date":"2016-12-14T18:57:50","date_gmt":"2016-12-14T20:57:50","guid":{"rendered":"http:\/\/aconteceunovale.com.br\/portal\/?p=104220"},"modified":"2016-12-14T18:57:50","modified_gmt":"2016-12-14T20:57:50","slug":"iveco-demite-cerca-de-300-funcionarios-em-sete-lagoas","status":"publish","type":"post","link":"https:\/\/aconteceunovale.com.br\/portal\/?p=104220","title":{"rendered":"Iveco demite cerca de 300 funcion\u00e1rios em Sete Lagoas"},"content":{"rendered":"<p>A f\u00e1brica de caminh\u00f5es Iveco, instalada em Sete Lagoas, na Regi\u00e3o Central de Minas Gerais, demitiu cerca de 300 funcion\u00e1rios nesta ter\u00e7a-feira (13\/12\/2016). Segundo a assessoria de imprensa da montadora, o motivo \u00e9 a interrup\u00e7\u00e3o da linha de montagem que fabricava o Ducato por causa da queda na demanda do ve\u00edculo.<\/p>\n<p>A possibilidade de demiss\u00f5es j\u00e1 havia sido levantada durante reuni\u00e3o de concilia\u00e7\u00e3o entre Iveco, o Minist\u00e9rio P\u00fablico do Trabalho e o Sindicato dos Trabalhadores nas Ind\u00fastrias Metal\u00fargicas e Mec\u00e2nicas de Material El\u00e9trico de Sete Lagoas.<\/p>\n<p>\u201cN\u00e3o \u00e9 todo dia que voc\u00ea v\u00ea essa quantidade de trabalhador sendo mandado embora\u201d, disse o presidente do sindicato, Ernane Geraldo Dias.<\/p>\n<p>Segundo ele, cerca de 30 pessoas j\u00e1 tinham sido demitidas em novembro.<\/p>\n<p><img decoding=\"async\" src=\"http:\/\/aconteceunovale.com.br\/portal\/wp-content\/uploads\/2016\/12\/ducato.jpg\" alt=\"\" \/><em>Fabrica\u00e7\u00e3o do ve\u00edculo Ducato ser\u00e1 interrompida em Sete Lagoas (Foto: Divulga\u00e7\u00e3o)<\/em><br \/>\n<\/br><\/p>\n<p><em>(Fonte: G1 Minas)<\/em><\/p>\n","protected":false},"excerpt":{"rendered":"<p>A f\u00e1brica de caminh\u00f5es Iveco, instalada em Sete Lagoas, na Regi\u00e3o Central de Minas Gerais, demitiu cerca de 300 funcion\u00e1rios nesta ter\u00e7a-feira (13\/12\/2016). Segundo a assessoria de imprensa da montadora, o motivo \u00e9 a interrup\u00e7\u00e3o da linha de montagem que fabricava o Ducato por causa da queda na demanda do ve\u00edculo. A possibilidade de demiss\u00f5es [&hellip;]<\/p>\n","protected":false},"author":1,"featured_media":104221,"comment_status":"open","ping_status":"closed","sticky":false,"template":"","format":"standard","meta":{"amp_status":"","footnotes":""},"categories":[123],"tags":[130463,130462,130465,130466,130460,130461,130467,130464,1532],"class_list":["post-104220","post","type-post","status-publish","format-standard","has-post-thumbnail","hentry","category-gerais","tag-demissao-iveco","tag-demissao-iveco-em-sete-lagoas","tag-ducato","tag-ducato-nao-sera-mais-fabricada-em-minas","tag-ernane-geraldo-dias","tag-iveco","tag-iveco-demite-cerca-de-300-funcionarios-em-sete-lagoas","tag-iveco-demite-em-sete-lagoas","tag-sete-lagoas"],"_links":{"self":[{"href":"https:\/\/aconteceunovale.com.br\/portal\/index.php?rest_route=\/wp\/v2\/posts\/104220","targetHints":{"allow":["GET"]}}],"collection":[{"href":"https:\/\/aconteceunovale.com.br\/portal\/index.php?rest_route=\/wp\/v2\/posts"}],"about":[{"href":"https:\/\/aconteceunovale.com.br\/portal\/index.php?rest_route=\/wp\/v2\/types\/post"}],"author":[{"embeddable":true,"href":"https:\/\/aconteceunovale.com.br\/portal\/index.php?rest_route=\/wp\/v2\/users\/1"}],"replies":[{"embeddable":true,"href":"https:\/\/aconteceunovale.com.br\/portal\/index.php?rest_route=%2Fwp%2Fv2%2Fcomments&post=104220"}],"version-history":[{"count":0,"href":"https:\/\/aconteceunovale.com.br\/portal\/index.php?rest_route=\/wp\/v2\/posts\/104220\/revisions"}],"wp:featuredmedia":[{"embeddable":true,"href":"https:\/\/aconteceunovale.com.br\/portal\/index.php?rest_route=\/wp\/v2\/media\/104221"}],"wp:attachment":[{"href":"https:\/\/aconteceunovale.com.br\/portal\/index.php?rest_route=%2Fwp%2Fv2%2Fmedia&parent=104220"}],"wp:term":[{"taxonomy":"category","embeddable":true,"href":"https:\/\/aconteceunovale.com.br\/portal\/index.php?rest_route=%2Fwp%2Fv2%2Fcategories&post=104220"},{"taxonomy":"post_tag","embeddable":true,"href":"https:\/\/aconteceunovale.com.br\/portal\/index.php?rest_route=%2Fwp%2Fv2%2Ftags&post=104220"}],"curies":[{"name":"wp","href":"https:\/\/api.w.org\/{rel}","templated":true}]}}