{"id":104217,"date":"2016-12-14T18:36:42","date_gmt":"2016-12-14T20:36:42","guid":{"rendered":"http:\/\/aconteceunovale.com.br\/portal\/?p=104217"},"modified":"2016-12-14T18:36:42","modified_gmt":"2016-12-14T20:36:42","slug":"caminhoneiro-e-conduzido-a-delegacia-por-transportar-animais-de-forma-inadequada-em-arinos","status":"publish","type":"post","link":"https:\/\/aconteceunovale.com.br\/portal\/?p=104217","title":{"rendered":"Caminhoneiro \u00e9 conduzido \u00e0 delegacia por transportar animais de forma inadequada em Arinos"},"content":{"rendered":"<p>O condutor de um caminh\u00e3o foi detido nesta quarta-feira (14\/12\/2016) por realizar transporte inadequado de animais na estrada MG-202, em Arinos, na regi\u00e3o Noroeste de Minas. De acordo com informa\u00e7\u00f5es da Pol\u00edcia Militar de Meio Ambiente, o homem transportava seis ovelhas na carroceria do ve\u00edculo, que n\u00e3o tinha cobertura e nem condi\u00e7\u00f5es apropriadas para elas. Os animais foram amarrados pelo pesco\u00e7o ao ve\u00edculo e tiveram as quatro patas imobilizadas por cordas. Segundo os militares, elas tremiam muito e estavam sujas pelas pr\u00f3prias fezes e urina.<\/p>\n<p>A PM informou ainda que os animais estavam no mesmo compartimento de outros objetos e ferramentas, como rolos de arame liso, baterias de carros e lonas. O condutor informou, em depoimento, que levava as ovelhas de Una\u00ed para Arinos por ordem do propriet\u00e1rio da fazenda em que trabalha. Ele n\u00e3o possu\u00eda Guia de Transporte de Animais (GTA).<\/p>\n<p>O motorista foi conduzido para a delegacia de Pol\u00edcia Civil para prestar depoimento. Os animais foram encaminhados ao Instituto Mineiro de Agropecu\u00e1ria (IMA) da cidade, at\u00e9 que o propriet\u00e1rio, que foi notificado pelo \u00f3rg\u00e3o, providencie a guia de transporte.<\/p>\n<p><img decoding=\"async\" src=\"http:\/\/aconteceunovale.com.br\/portal\/wp-content\/uploads\/2016\/12\/ovelhas_arinos.jpg\" alt=\"\" \/><em>Ovelhas foram amarradas pelo pesco\u00e7o e patas (Foto: Divulga\u00e7\u00e3o\/Pol\u00edcia Militar de Meio Ambiente)<\/em><br \/>\n<\/br><\/p>\n<p><em>(Fonte: G1 Grande Minas)<\/em><\/p>\n","protected":false},"excerpt":{"rendered":"<p>O condutor de um caminh\u00e3o foi detido nesta quarta-feira (14\/12\/2016) por realizar transporte inadequado de animais na estrada MG-202, em Arinos, na regi\u00e3o Noroeste de Minas. De acordo com informa\u00e7\u00f5es da Pol\u00edcia Militar de Meio Ambiente, o homem transportava seis ovelhas na carroceria do ve\u00edculo, que n\u00e3o tinha cobertura e nem condi\u00e7\u00f5es apropriadas para elas. [&hellip;]<\/p>\n","protected":false},"author":1,"featured_media":104218,"comment_status":"open","ping_status":"closed","sticky":false,"template":"","format":"standard","meta":{"amp_status":"","footnotes":""},"categories":[123],"tags":[253,130455,130456,64314,130459,130457,130458,222],"class_list":["post-104217","post","type-post","status-publish","format-standard","has-post-thumbnail","hentry","category-gerais","tag-arinos","tag-caminhoneiro-e-conduzido-a-delegacia-por-transportar-animais-de-forma-inadequada-em-arinos","tag-detido-arinos","tag-gta","tag-guia-de-transporte-de-animais","tag-preso-arinos","tag-transporte-de-ovelhas-arinos","tag-unai"],"_links":{"self":[{"href":"https:\/\/aconteceunovale.com.br\/portal\/index.php?rest_route=\/wp\/v2\/posts\/104217","targetHints":{"allow":["GET"]}}],"collection":[{"href":"https:\/\/aconteceunovale.com.br\/portal\/index.php?rest_route=\/wp\/v2\/posts"}],"about":[{"href":"https:\/\/aconteceunovale.com.br\/portal\/index.php?rest_route=\/wp\/v2\/types\/post"}],"author":[{"embeddable":true,"href":"https:\/\/aconteceunovale.com.br\/portal\/index.php?rest_route=\/wp\/v2\/users\/1"}],"replies":[{"embeddable":true,"href":"https:\/\/aconteceunovale.com.br\/portal\/index.php?rest_route=%2Fwp%2Fv2%2Fcomments&post=104217"}],"version-history":[{"count":0,"href":"https:\/\/aconteceunovale.com.br\/portal\/index.php?rest_route=\/wp\/v2\/posts\/104217\/revisions"}],"wp:featuredmedia":[{"embeddable":true,"href":"https:\/\/aconteceunovale.com.br\/portal\/index.php?rest_route=\/wp\/v2\/media\/104218"}],"wp:attachment":[{"href":"https:\/\/aconteceunovale.com.br\/portal\/index.php?rest_route=%2Fwp%2Fv2%2Fmedia&parent=104217"}],"wp:term":[{"taxonomy":"category","embeddable":true,"href":"https:\/\/aconteceunovale.com.br\/portal\/index.php?rest_route=%2Fwp%2Fv2%2Fcategories&post=104217"},{"taxonomy":"post_tag","embeddable":true,"href":"https:\/\/aconteceunovale.com.br\/portal\/index.php?rest_route=%2Fwp%2Fv2%2Ftags&post=104217"}],"curies":[{"name":"wp","href":"https:\/\/api.w.org\/{rel}","templated":true}]}}