{"id":104214,"date":"2016-12-14T18:28:49","date_gmt":"2016-12-14T20:28:49","guid":{"rendered":"http:\/\/aconteceunovale.com.br\/portal\/?p=104214"},"modified":"2016-12-14T18:28:49","modified_gmt":"2016-12-14T20:28:49","slug":"chuva-aumenta-nivel-do-reservatorio-que-abastece-70-de-montes-claros","status":"publish","type":"post","link":"https:\/\/aconteceunovale.com.br\/portal\/?p=104214","title":{"rendered":"Chuva aumenta n\u00edvel do reservat\u00f3rio que abastece 70% de Montes Claros"},"content":{"rendered":"<p>O volume de chuva que atingiu a regi\u00e3o Norte de Minas nos \u00faltimos meses deixou ambientalistas e t\u00e9cnicos em recursos h\u00eddricos esperan\u00e7osos para superar a longa estiagem. Na Barragem de Juramento, respons\u00e1vel pelo abastecimento de \u00e1gua de 70% das casas montes-clarenses, j\u00e1 foram registrados 1.004 mil\u00edmetros de chuva em 2016. Somente neste m\u00eas de dezembro choveu 78,11 mil\u00edmetros.<\/p>\n<p>Toda essa quantidade de \u00e1gua fez com que o n\u00edvel da barragem subisse para 37,5%, at\u00e9 esta quarta-feira (14\/12\/2016). No mesmo per\u00edodo de 2015 o n\u00edvel registrado foi de apenas 16.89%. \u201cAinda falta sete metros para a transbordar, o n\u00edvel ainda \u00e9 muito baixo. Por\u00e9m, hoje j\u00e1 estamos operando acima do n\u00edvel morto, ou seja, n\u00e3o precisamos de bombas para que a \u00e1gua chegue at\u00e9 a esta\u00e7\u00e3o de tratamento de \u00e1gua\u201d, explica o t\u00e9cnico em recursos h\u00eddricos, Jos\u00e9 Ponciano Neto.<\/p>\n<p>O t\u00e9cnico explica ainda que o volume de \u00e1gua que atingiu a regi\u00e3o da barragem neste ano j\u00e1 superou os registros de dois anos anteriores. Em 2014, foram apenas 469,4 mil\u00edmetros e em 2015 choveu apenas 468.25.<\/p>\n<p>\u201cEsse volume de \u00e1gua n\u00e3o significa que tem \u00e1gua garantida. Por isso, o rod\u00edzio de \u00e1gua deve continuar. Vejo como uma atitude respons\u00e1vel da Copasa que serve como uma maneira de educar a popula\u00e7\u00e3o sobre o uso consciente da \u00e1gua\u201d.<\/p>\n<p><img decoding=\"async\" src=\"http:\/\/aconteceunovale.com.br\/portal\/wp-content\/uploads\/2016\/12\/barragem_juramento.jpg\" alt=\"\" \/><em>Barragem de Juramento j\u00e1 opera acima do n\u00edvel morto (Foto: Jos\u00e9 Ponciano Neto\/Arquivo Pessoal)<\/em><br \/>\n<\/br><\/p>\n<p><strong>Regi\u00e3o central<\/strong><\/p>\n<p>Na regi\u00e3o central de Montes Claros, segundo o ambientalista Jos\u00e9 Gomes Assis, j\u00e1 foram registrados neste ano 874,9 mil\u00edmetros de chuva; somente no m\u00eas de dezembro foram 85 mil\u00edmetros.<\/p>\n<p>\u201cO normal no m\u00eas de dezembro \u00e9 a m\u00e9dia de 212 mil\u00edmetros. Tenho muita esperan\u00e7a de que vamos voltar a atingir 1.000 mil\u00edmetros anuais. Com certeza se tem chuva melhora para todos os setores, inclusive a economia\u201d, explica o ambientalista.<\/p>\n<h4><strong>Rod\u00edzio de abastecimento de \u00e1gua<\/strong><\/h4>\n<p>A Companhia de Saneamento de Minas Gerais (Copasa) informou na segunda-feira (12\/12\/2016) que o rod\u00edzio de \u00e1gua continuar\u00e1 por mais sete dias no munic\u00edpio, em todos os bairros. O revezamento do servi\u00e7o seguir\u00e1 at\u00e9 a pr\u00f3xima segunda (19) e pode prosseguir se a situa\u00e7\u00e3o permanecer cr\u00edtica.<\/p>\n<p>Segundo a companhia, a estiagem dos \u00faltimos anos e a diminui\u00e7\u00e3o do n\u00edvel nos principais pontos de capta\u00e7\u00e3o de \u00e1gua em Montes Claros &#8211; Rebent\u00e3o dos Ferros, Lapa Grande e Pacu\u00ed &#8211; t\u00eam prejudicado o abastecimento na cidade.<\/p>\n<p>Para garantir o fornecimento de \u00e1gua aos moradores durante o per\u00edodo cr\u00edtico, a Copasa iniciou o rod\u00edzio, em novembro de 2015, como medida emergencial, al\u00e9m da perfura\u00e7\u00e3o de po\u00e7os profundos e do apoio de caminh\u00e3o-pipa, quando necess\u00e1rio.<\/p>\n<p>O munic\u00edpio foi dividido em cinco regi\u00f5es, cada uma com diversos bairros. Tr\u00eas vezes por semana, o abastecimento \u00e9 interrompido em duas das regi\u00f5es, por 24 horas. As regi\u00f5es de Montes Claros foram divididas da seguinte maneira pela Copasa:<\/p>\n<p><strong>REGI\u00c3O 1<\/strong><\/p>\n<p>Bairros: S\u00e3o Jose, Alto S\u00e3o Jo\u00e3o, Vila Regina, Renascen\u00e7a, Conjuntos Habitacionais Tancredo Neves, Santa Cec\u00edlia e floresta, Alice Maia, Vila Exposi\u00e7\u00e3o, Centro, Todos os Santos I e II, Melo, Santo Ant\u00f4nio I e II, Conj. Hava\u00ed, Santos Reis, Vila S\u00e3o Francisco de Assis, Vila Ant\u00f4nio Narciso, Vila Nossa Senhora Aparecida, Vila \u00c1urea, Santa Eugenia, Eldorado, Vila Castelo Branco, Delfino Magalh\u00e3es, Santa Rafaela, Vila Telma, Vila Sion, Alto Da Boa Vista, Conj. Habit. Jose Carlos de Lima, Dr. Jo\u00e3o Alves, Maria C\u00e2ndida, Carmelo, Grande Independ\u00eancia e Adjacentes, Jardim S\u00e3o Geraldo II, Mangues, Condom\u00ednio Gran Royalle Pir\u00e2mide, Amazonas, Jardim Brasil, Santo Amaro, Conj. Habit. Alterosa II.     <\/p>\n<p><strong>REGI\u00c3O 2<\/strong><\/p>\n<p>Bairros: Maracan\u00e3, Nossa Senhora das Gra\u00e7as, Conj. Habit. Jose Correia Machado, Ciro dos Anjos Conj. Habit. Joaquim Costa Vila Campos, Jardim Alvorada, Vila Sumar\u00e9, Dr. Ant\u00f4nio Pimenta, Nossa Senhora de F\u00e1tima, D. Greg\u00f3ria Vila Atl\u00e2ntida, Bela Vista, Jardim Panorama I e II, Vila Oliveira, Barcelona Park, Nova Morada, Melo, Edgar Pereira, Vila Jo\u00e3o Gordo, Cintra, Roxo Verde, Vila Ipiranga, Bairro de Lurdes, Vera Cruz, Esplanada, Santa Laura, Interlagos Monte Alegre, Alcides Rabelo, Monte Carmelo, Jardim Palmeiras, Santa Lucia I e II, Vila An\u00e1lia, Novo Delfino, Belvedere, Jardim Ol\u00edmpico, Residencial Sul Ip\u00eas. <\/p>\n<p><strong>REGI\u00c3O 3<\/strong><\/p>\n<p>Bairros: Parte alta Planalto, Universit\u00e1rio, Vilage do Lago II, Nova Am\u00e9rica, parte do Guaruj\u00e1, parte alta do Bairro Jardim Primavera, Jardim Alegre.<\/p>\n<p><strong>REGI\u00c3O 4<\/strong><\/p>\n<p>Bairros: Morrinhos, Morada Do Parque, Morada Da Serra, Jardim Liberdade, Augusta Mota, Parque Jardim Morada do Sol, Parte Alta Vila Guilhermina, Cidade Nova, Jardim S\u00e3o Geraldo, Major Prates, Santa Rita I e II e Parte Alta Do Sumar\u00e9, S\u00e3o Judas I e II Vila Greicy, Ciro dos Anjos, Conj. Habitacional Joaquim Costa.   <\/p>\n<p><strong>REGI\u00c3O 5<\/strong><\/p>\n<p>Bairros: Morada do Sol, Santo Expedito, C\u00e2ndida C\u00e2mara, Funcion\u00e1rios, Ibituruna, Vila Guilhermina, Cidade Nova, Jardim S\u00e3o Luiz, Vila Santa Maria.<\/p>\n<p><img decoding=\"async\" src=\"http:\/\/aconteceunovale.com.br\/portal\/wp-content\/uploads\/2016\/12\/rodizio_moc_semana.jpg\" alt=\"\" \/><em>Veja como funcionar\u00e1 o rod\u00edzio nos pr\u00f3ximos cinco dias (Divulga\u00e7\u00e3o\/Copasa)<\/em><br \/>\n<\/br><\/p>\n<p><em>(Fonte: G1 Grande Minas e Copasa)<\/em><\/p>\n","protected":false},"excerpt":{"rendered":"<p>O volume de chuva que atingiu a regi\u00e3o Norte de Minas nos \u00faltimos meses deixou ambientalistas e t\u00e9cnicos em recursos h\u00eddricos esperan\u00e7osos para superar a longa estiagem. Na Barragem de Juramento, respons\u00e1vel pelo abastecimento de \u00e1gua de 70% das casas montes-clarenses, j\u00e1 foram registrados 1.004 mil\u00edmetros de chuva em 2016. Somente neste m\u00eas de dezembro [&hellip;]<\/p>\n","protected":false},"author":1,"featured_media":104215,"comment_status":"open","ping_status":"closed","sticky":false,"template":"","format":"standard","meta":{"amp_status":"","footnotes":""},"categories":[1236],"tags":[65009,62301,130452,20795,127954,1018,60874,210,130454,130453,127955,130328,60875,130329,130451],"class_list":["post-104214","post","type-post","status-publish","format-standard","has-post-thumbnail","hentry","category-norte_de_minas","tag-abastecimento-de-agua-em-montes-claros","tag-barragem-de-juramento","tag-chuva-aumenta-nivel-do-reservatorio-que-abastece-70-de-montes-claros","tag-chuva-em-montes-claros","tag-copasa-anuncia-rodizio-de-abastecimento-de-agua-em-montes-claros","tag-destaque","tag-estiagem-em-montes-claros","tag-montes-claros","tag-nivel-da-barragem-de-juramento","tag-reservatorio-que-abastece-montes-claros","tag-rodizio-de-abastecimento-de-agua-em-montes-claros","tag-rodizio-de-abastecimento-de-agua-em-montes-claros-continua-por-mais-uma-semana","tag-seca-em-montes-claros","tag-situacao-do-abastecimento-de-agua-em-montes-claros","tag-volume-de-chuva-aumenta-nivel-da-barragem-de-juramento"],"_links":{"self":[{"href":"https:\/\/aconteceunovale.com.br\/portal\/index.php?rest_route=\/wp\/v2\/posts\/104214","targetHints":{"allow":["GET"]}}],"collection":[{"href":"https:\/\/aconteceunovale.com.br\/portal\/index.php?rest_route=\/wp\/v2\/posts"}],"about":[{"href":"https:\/\/aconteceunovale.com.br\/portal\/index.php?rest_route=\/wp\/v2\/types\/post"}],"author":[{"embeddable":true,"href":"https:\/\/aconteceunovale.com.br\/portal\/index.php?rest_route=\/wp\/v2\/users\/1"}],"replies":[{"embeddable":true,"href":"https:\/\/aconteceunovale.com.br\/portal\/index.php?rest_route=%2Fwp%2Fv2%2Fcomments&post=104214"}],"version-history":[{"count":0,"href":"https:\/\/aconteceunovale.com.br\/portal\/index.php?rest_route=\/wp\/v2\/posts\/104214\/revisions"}],"wp:featuredmedia":[{"embeddable":true,"href":"https:\/\/aconteceunovale.com.br\/portal\/index.php?rest_route=\/wp\/v2\/media\/104215"}],"wp:attachment":[{"href":"https:\/\/aconteceunovale.com.br\/portal\/index.php?rest_route=%2Fwp%2Fv2%2Fmedia&parent=104214"}],"wp:term":[{"taxonomy":"category","embeddable":true,"href":"https:\/\/aconteceunovale.com.br\/portal\/index.php?rest_route=%2Fwp%2Fv2%2Fcategories&post=104214"},{"taxonomy":"post_tag","embeddable":true,"href":"https:\/\/aconteceunovale.com.br\/portal\/index.php?rest_route=%2Fwp%2Fv2%2Ftags&post=104214"}],"curies":[{"name":"wp","href":"https:\/\/api.w.org\/{rel}","templated":true}]}}