{"id":104173,"date":"2016-12-14T15:05:31","date_gmt":"2016-12-14T17:05:31","guid":{"rendered":"http:\/\/aconteceunovale.com.br\/portal\/?p=104173"},"modified":"2016-12-14T15:05:31","modified_gmt":"2016-12-14T17:05:31","slug":"dupla-e-presa-em-montes-claros-apos-assaltar-propriedade-rural-em-mirabela","status":"publish","type":"post","link":"https:\/\/aconteceunovale.com.br\/portal\/?p=104173","title":{"rendered":"Dupla \u00e9 presa em Montes Claros ap\u00f3s assaltar propriedade rural em Mirabela"},"content":{"rendered":"<p>Um homem de 40 anos foi baleado no bra\u00e7o durante um assalto na Comunidade S\u00e3o Domingos, zona rural de Mirabela, no Norte de Minas Gerais, na noite de segunda-feira (12\/12\/2016). Ele e a esposa estavam em um s\u00edtio, quando foram rendidos por tr\u00eas criminosos; dois j\u00e1 foram presos. A v\u00edtima foi socorrida e encaminhada ao hospital.<\/p>\n<p>Os bandidos roubaram uma TV, som, R$ 300, an\u00e9is e o carro da fam\u00edlia. Dois fugiram no ve\u00edculo e o terceiro em uma motocicleta. De acordo com o Tenente Pardim, eles foram abordados pela PM na zona rural de Mirabela, trocaram tiros com os militares e fugiram em dire\u00e7\u00e3o a Montes Claros.  O assaltante que estava na moto abandonou o ve\u00edculo no local e se escondeu em um matagal.<\/p>\n<p>\u201cQuando eles chegaram em Montes Claros foram monitorados pelas C\u00e2meras do Olho Vivo e iniciamos a persegui\u00e7\u00e3o na Avenida Deputado Esteves Rodrigues\u201d, explica. <\/p>\n<p>Ainda de acordo com o tenente, o condutor do ve\u00edculo perdeu o controle da dire\u00e7\u00e3o e bateu em um muro. Os dois assaltantes ficaram feridos e foram encaminhados ao hospital sob escolta. Em seguida, levados para a delegacia. Os objetos roubados foram recuperados.<\/p>\n<p>Segundo a pol\u00edcia, eles j\u00e1 t\u00eam envolvimento em v\u00e1rios assaltos na regi\u00e3o e deixaram a pris\u00e3o recentemente. O outro homem, que fugiu por um matagal, j\u00e1 foi identificado e est\u00e1 sendo procurado.<\/p>\n<p><img decoding=\"async\" src=\"http:\/\/aconteceunovale.com.br\/portal\/wp-content\/uploads\/2016\/12\/assalto_mirabela_1.jpg\" alt=\"\" \/>Criminosos foram cercados pela PM em Montes Claros (Foto: Divulga\u00e7\u00e3o)<br \/>\n<\/br><\/p>\n<p><em>(Com informa\u00e7\u00f5es do G1 Grande Minas)<\/em><\/p>\n","protected":false},"excerpt":{"rendered":"<p>Um homem de 40 anos foi baleado no bra\u00e7o durante um assalto na Comunidade S\u00e3o Domingos, zona rural de Mirabela, no Norte de Minas Gerais, na noite de segunda-feira (12\/12\/2016). Ele e a esposa estavam em um s\u00edtio, quando foram rendidos por tr\u00eas criminosos; dois j\u00e1 foram presos. A v\u00edtima foi socorrida e encaminhada ao [&hellip;]<\/p>\n","protected":false},"author":1,"featured_media":104174,"comment_status":"open","ping_status":"closed","sticky":false,"template":"","format":"standard","meta":{"amp_status":"","footnotes":""},"categories":[1236],"tags":[130372,130374,130376,130371,130377,130370,130373,130375,130369,130368],"class_list":["post-104173","post","type-post","status-publish","format-standard","has-post-thumbnail","hentry","category-norte_de_minas","tag-assalto-comunidade-sao-domingos-em-mirabela","tag-assalto-mirabela","tag-bandidos-sao-presos-em-montes-claros-apos-assaltar-propriedade-rural-em-mirabela","tag-comunidade-sao-domingos-em-mirabela","tag-dupla-e-presa-em-montes-claros-apos-assaltar-propriedade-rural-em-mirabela","tag-josimar-rodrigues-soares-dos-reis","tag-roubo-comunidade-sao-domingos-em-mirabela","tag-roubo-mirabela","tag-vulgo-neguim","tag-wesley-das-neves-mendes"],"_links":{"self":[{"href":"https:\/\/aconteceunovale.com.br\/portal\/index.php?rest_route=\/wp\/v2\/posts\/104173","targetHints":{"allow":["GET"]}}],"collection":[{"href":"https:\/\/aconteceunovale.com.br\/portal\/index.php?rest_route=\/wp\/v2\/posts"}],"about":[{"href":"https:\/\/aconteceunovale.com.br\/portal\/index.php?rest_route=\/wp\/v2\/types\/post"}],"author":[{"embeddable":true,"href":"https:\/\/aconteceunovale.com.br\/portal\/index.php?rest_route=\/wp\/v2\/users\/1"}],"replies":[{"embeddable":true,"href":"https:\/\/aconteceunovale.com.br\/portal\/index.php?rest_route=%2Fwp%2Fv2%2Fcomments&post=104173"}],"version-history":[{"count":0,"href":"https:\/\/aconteceunovale.com.br\/portal\/index.php?rest_route=\/wp\/v2\/posts\/104173\/revisions"}],"wp:featuredmedia":[{"embeddable":true,"href":"https:\/\/aconteceunovale.com.br\/portal\/index.php?rest_route=\/wp\/v2\/media\/104174"}],"wp:attachment":[{"href":"https:\/\/aconteceunovale.com.br\/portal\/index.php?rest_route=%2Fwp%2Fv2%2Fmedia&parent=104173"}],"wp:term":[{"taxonomy":"category","embeddable":true,"href":"https:\/\/aconteceunovale.com.br\/portal\/index.php?rest_route=%2Fwp%2Fv2%2Fcategories&post=104173"},{"taxonomy":"post_tag","embeddable":true,"href":"https:\/\/aconteceunovale.com.br\/portal\/index.php?rest_route=%2Fwp%2Fv2%2Ftags&post=104173"}],"curies":[{"name":"wp","href":"https:\/\/api.w.org\/{rel}","templated":true}]}}