{"id":104165,"date":"2016-12-14T14:52:35","date_gmt":"2016-12-14T16:52:35","guid":{"rendered":"http:\/\/aconteceunovale.com.br\/portal\/?p=104165"},"modified":"2016-12-14T14:52:35","modified_gmt":"2016-12-14T16:52:35","slug":"colisao-entre-veiculos-deixa-feridos-em-rodovia-de-janauba","status":"publish","type":"post","link":"https:\/\/aconteceunovale.com.br\/portal\/?p=104165","title":{"rendered":"Colis\u00e3o entre ve\u00edculos deixa feridos em rodovia de Jana\u00faba"},"content":{"rendered":"<p>Tr\u00eas pessoas ficaram feridas na tarde desta ter\u00e7a-feira (13\/12\/2016) em Jana\u00faba, no Norte de Minas Gerais. De acordo com informa\u00e7\u00f5es do Corpo de Bombeiros, a batida envolveu uma caminhonete e um carro de passeio na rodovia Gerson Canguss\u00fa (estrada que leva ao balne\u00e1rio Pico da Pedra).<\/p>\n<p>O condutor do carro de passeio relatou aos militares que seguia pela rodovia quando perdeu o controle da dire\u00e7\u00e3o e bateu de frente com a caminhonete. Os bombeiros informaram ainda que no carro de passeio estava uma mulher e o beb\u00ea, que viajava em uma cadeirinha apropriada \u00e0 idade dele. Eles tiveram ferimentos leves; o motorista teve suspeita de fratura em um p\u00e9.<\/p>\n<p>Na caminhonete, tamb\u00e9m de acordo com os bombeiros, estava apenas o motorista. Ele teve um pequeno corte na cabe\u00e7a e foi socorrido pelos militares.<\/p>\n<p><img decoding=\"async\" src=\"http:\/\/aconteceunovale.com.br\/portal\/wp-content\/uploads\/2016\/12\/acidente_janauba_3.jpg\" alt=\"\" \/><em>Acidente aconteceu na rodovia Gerson Canguss\u00fa (Foto: Reprodu\u00e7\u00e3o\/Aconteceu no Norte de Minas)<\/em><br \/>\n<\/br><\/p>\n<p><strong>Uso correto da cadeirinha<\/strong><\/p>\n<p>Est\u00e1 a\u00ed a import\u00e2ncia do uso correto da \u201ccadeirinha\u201d. Hoje atendemos uma ocorr\u00eancia de acidente de tr\u00e2nsito, uma colis\u00e3o frontal entre dois ve\u00edculos numa rodovia, em que um beb\u00ea foi salvo sem nenhuma les\u00e3o por estar devidamente afixado no dispositivo de reten\u00e7\u00e3o Beb\u00ea Conforto. N\u00e3o houve v\u00edtima fatal.\u201d, informou o 51\u00ba BPM.<\/p>\n<p><img decoding=\"async\" src=\"http:\/\/aconteceunovale.com.br\/portal\/wp-content\/uploads\/2016\/12\/acidente_janauba_5.jpg\" alt=\"\" \/><em>Beb\u00ea estava na \u201ccadeirinha\u201d apropriada (Foto: Reprodu\u00e7\u00e3o\/Aconteceu no Norte de Minas)<\/em><br \/>\n<\/br><\/p>\n<p><img decoding=\"async\" src=\"http:\/\/aconteceunovale.com.br\/portal\/wp-content\/uploads\/2016\/12\/acidente_janauba_1.jpg\" alt=\"\" \/><em>Acidente aconteceu na rodovia Gerson Canguss\u00fa (Foto: Reprodu\u00e7\u00e3o\/Aconteceu no Norte de Minas)<\/em><br \/>\n<\/br><\/p>\n<p><img decoding=\"async\" src=\"http:\/\/aconteceunovale.com.br\/portal\/wp-content\/uploads\/2016\/12\/acidente_janauba_2.jpg\" alt=\"\" \/><em>Acidente aconteceu na rodovia Gerson Canguss\u00fa (Foto: Reprodu\u00e7\u00e3o\/Aconteceu no Norte de Minas)<\/em><br \/>\n<\/br><\/p>\n<p><img decoding=\"async\" src=\"http:\/\/aconteceunovale.com.br\/portal\/wp-content\/uploads\/2016\/12\/acidente_janauba_4.jpg\" alt=\"\" \/><em>Acidente aconteceu na rodovia Gerson Canguss\u00fa (Foto: Reprodu\u00e7\u00e3o\/Aconteceu no Norte de Minas)<\/em><br \/>\n<\/br><\/p>\n<p><em>(Com informa\u00e7\u00f5es do G1 Grande Minas)<\/em><\/p>\n","protected":false},"excerpt":{"rendered":"<p>Tr\u00eas pessoas ficaram feridas na tarde desta ter\u00e7a-feira (13\/12\/2016) em Jana\u00faba, no Norte de Minas Gerais. De acordo com informa\u00e7\u00f5es do Corpo de Bombeiros, a batida envolveu uma caminhonete e um carro de passeio na rodovia Gerson Canguss\u00fa (estrada que leva ao balne\u00e1rio Pico da Pedra). O condutor do carro de passeio relatou aos militares [&hellip;]<\/p>\n","protected":false},"author":1,"featured_media":104168,"comment_status":"open","ping_status":"closed","sticky":false,"template":"","format":"standard","meta":{"amp_status":"","footnotes":""},"categories":[1236],"tags":[9852,130365,113528,130361,130362,130363,130366,130367,204,130364,130358,130359,130360],"class_list":["post-104165","post","type-post","status-publish","format-standard","has-post-thumbnail","hentry","category-norte_de_minas","tag-acidente-em-janauba","tag-acidente-na-rodovia-gerson-cangussu","tag-bebe-conforto","tag-bebe-conforto-salva-bebe","tag-cadeirinha-salva-bebe","tag-colisao-entre-carros-na-janauba","tag-colisao-entre-carros-na-rodovia-gerson-cangussu","tag-colisao-entre-veiculos-deixa-feridos-em-rodovia-de-janauba","tag-janauba","tag-rodovia-gerson-cangussu","tag-uso-correto-da-cadeirinha","tag-uso-correto-do-bebe-conforto","tag-uso-do-bebe-conforto"],"_links":{"self":[{"href":"https:\/\/aconteceunovale.com.br\/portal\/index.php?rest_route=\/wp\/v2\/posts\/104165","targetHints":{"allow":["GET"]}}],"collection":[{"href":"https:\/\/aconteceunovale.com.br\/portal\/index.php?rest_route=\/wp\/v2\/posts"}],"about":[{"href":"https:\/\/aconteceunovale.com.br\/portal\/index.php?rest_route=\/wp\/v2\/types\/post"}],"author":[{"embeddable":true,"href":"https:\/\/aconteceunovale.com.br\/portal\/index.php?rest_route=\/wp\/v2\/users\/1"}],"replies":[{"embeddable":true,"href":"https:\/\/aconteceunovale.com.br\/portal\/index.php?rest_route=%2Fwp%2Fv2%2Fcomments&post=104165"}],"version-history":[{"count":0,"href":"https:\/\/aconteceunovale.com.br\/portal\/index.php?rest_route=\/wp\/v2\/posts\/104165\/revisions"}],"wp:featuredmedia":[{"embeddable":true,"href":"https:\/\/aconteceunovale.com.br\/portal\/index.php?rest_route=\/wp\/v2\/media\/104168"}],"wp:attachment":[{"href":"https:\/\/aconteceunovale.com.br\/portal\/index.php?rest_route=%2Fwp%2Fv2%2Fmedia&parent=104165"}],"wp:term":[{"taxonomy":"category","embeddable":true,"href":"https:\/\/aconteceunovale.com.br\/portal\/index.php?rest_route=%2Fwp%2Fv2%2Fcategories&post=104165"},{"taxonomy":"post_tag","embeddable":true,"href":"https:\/\/aconteceunovale.com.br\/portal\/index.php?rest_route=%2Fwp%2Fv2%2Ftags&post=104165"}],"curies":[{"name":"wp","href":"https:\/\/api.w.org\/{rel}","templated":true}]}}